{"id":229143,"date":"2026-03-13T19:48:53","date_gmt":"2026-03-13T22:48:53","guid":{"rendered":"https:\/\/radioacuariofm.com.ar\/?p=229143"},"modified":"2026-03-13T19:48:54","modified_gmt":"2026-03-13T22:48:54","slug":"el-uso-de-la-capacidad-instalada-industrial-registro-el-peor-enero-en-diez-anos","status":"publish","type":"post","link":"https:\/\/radioacuariofm.com.ar\/?p=229143","title":{"rendered":"El uso de la capacidad instalada industrial registr\u00f3 el peor enero en diez a\u00f1os"},"content":{"rendered":"<p><\/p>\n<div>\n<p class=\"com-paragraph  --capital --s\">En un escenario complejo, marcado por la competencia derivada de la apertura de las importaciones, <strong>el uso de la capacidad instalada de la industria en enero se ubic\u00f3 en 53,6%, el nivel m\u00e1s bajo de la \u00faltima d\u00e9cada para un primer mes del a\u00f1o.<\/strong> <\/p>\n<p class=\"com-paragraph   --s\">El dato fue publicado por el Instituto Nacional de Estad\u00edstica y Censos (Indec). En el informe oficial puede verse adem\u00e1s que, <strong>tras haber iniciado 2025 con un nivel de 55%, el indicador mostr\u00f3 una recuperaci\u00f3n gradual durante el a\u00f1o, hasta alcanzar en septiembre y octubre un 61%<\/strong>. Sin embargo, desde entonces volvi\u00f3 a retroceder: en noviembre se ubic\u00f3 en 57,7%, en diciembre en 53,8% y finalmente en enero volvi\u00f3 a descender hasta el 53,6%.<\/p>\n<p class=\"com-paragraph   --s\">Si se observa la serie en perspectiva,<strong> se trata del enero con menor utilizaci\u00f3n de capacidad instalada desde que el Indec retom\u00f3 la medici\u00f3n de este indicador en 2016.<\/strong> Incluso, con excepci\u00f3n de marzo y junio de 2024, tambi\u00e9n representa <strong>uno de los niveles m\u00e1s bajos para cualquier mes de la \u00faltima d\u00e9cada<\/strong>.<\/p>\n<p class=\"com-paragraph   --s\">No se trata de un dato menor. <strong>La utilizaci\u00f3n de la capacidad instalada suele considerarse un term\u00f3metro del nivel de actividad econ\u00f3mica<\/strong>. Valores elevados \u2013cercanos al 80% o 85%\u2013 suelen asociarse con per\u00edodos de expansi\u00f3n, mientras que porcentajes m\u00e1s bajos, como el actual, reflejan contextos de menor actividad, capacidad ociosa y, en muchos casos, la necesidad de pol\u00edticas que impulsen la reactivaci\u00f3n.<\/p>\n<p class=\"com-paragraph   --s\">Como ocurre con otros indicadores de actividad industrial, <strong>el an\u00e1lisis por sectores revela una marcada heterogeneidad<\/strong>, que deja en evidencia cu\u00e1les son los rubros que mejor resisten el actual contexto econ\u00f3mico y cu\u00e1les resultan m\u00e1s perjudicados.<\/p>\n<p class=\"com-paragraph   --s\">En este sentido,<strong> refinaci\u00f3n de petr\u00f3leo registr\u00f3 en enero un uso de su capacidad instalada de 86,8%, 2 puntos porcentuales (p.p.) por arriba de igual mes del a\u00f1o pasado<\/strong>; industrias met\u00e1licas b\u00e1sicas, 67,6%; sustancias y productos qu\u00edmicos, 64,8%, y papel y cart\u00f3n, 61,7%, entre otros. <\/p>\n<p class=\"com-paragraph   --s\">En la vereda opuesta, la de los perdedores, aparecen <strong>productos textiles, con un uso de la capacidad instalada de 23,7% (10 p.p. por debajo de igual mes de 2025)<\/strong>; industria automotriz, 24% (tambi\u00e9n 10 p.p. menos que el a\u00f1o pasado); metalmec\u00e1nica excluida industria automotriz, 31,4%, y productos de caucho y pl\u00e1stico, 36,1%, entre otros.<\/p>\n<p class=\"com-paragraph   --s\">El economista Federico Gonz\u00e1lez Rouco, de la consultora Empiria, destac\u00f3 esta heterogeneidad dentro del sector y se\u00f1al\u00f3 un factor clave para explicarla. <strong>\u201cLos que compiten con importaciones est\u00e1n muy mal. Ah\u00ed la apertura de la econom\u00eda, por m\u00e1s que sea necesaria, genera impacto. Textiles, automotrices y tecnolog\u00eda son los m\u00e1s afectados por esta realidad<\/strong>\u201d, afirm\u00f3.<\/p>\n<p class=\"com-paragraph   --s\">Seg\u00fan Gonz\u00e1lez Rouco, tambi\u00e9n influye el tipo de demanda que enfrenta cada actividad. \u201c<strong>Los sectores que dependen del mercado interno hoy est\u00e1n m\u00e1s golpeados, mientras que aquellos que funcionan como eslabones intermedios en cadenas vinculadas con miner\u00eda, hidrocarburos o agro est\u00e1n algo mejor<\/strong>. Esa diferencia va a seguir not\u00e1ndose, porque hay mucha heterogeneidad en la industria y, por ende, en el uso de la capacidad instalada\u201d, explic\u00f3.<\/p>\n<p class=\"com-paragraph   --s\">El propio Indec se\u00f1al\u00f3 que<strong> la principal incidencia negativa en enero se registr\u00f3 en la industria metalmec\u00e1nica excluida industria automotriz<\/strong>, fen\u00f3meno que se vincula principalmente con menores niveles de producci\u00f3n de maquinaria agropecuaria y de aparatos de uso dom\u00e9stico.<\/p>\n<p class=\"com-paragraph   --s\">En efecto, de acuerdo con el \u00cdndice de Producci\u00f3n Industrial Manufacturero (IPI manufacturero), tambi\u00e9n elaborado por el organismo estad\u00edstico,<strong> la fabricaci\u00f3n de maquinaria agropecuaria registra una ca\u00edda interanual de 32,1%, mientras que la producci\u00f3n de aparatos de uso dom\u00e9stico retrocede 35,8%<\/strong>.<\/p>\n<p class=\"com-paragraph   --s\">El economista Camilo Tiscornia, director de C&amp;T Asesores Econ\u00f3micos, se\u00f1al\u00f3 que los meses de enero y febrero suelen mostrar niveles bajos de utilizaci\u00f3n de capacidad instalada<strong> debido a las paradas de planta que muchas empresas realizan en ese per\u00edod<\/strong>o.<\/p>\n<p class=\"com-paragraph   --s\">De todos modos, advirti\u00f3 que el contexto general sigue siendo complejo. \u201c<strong>Indudablemente, la industria atraviesa un momento complicado<\/strong>. Dentro de ese escenario, hay ramas que muestran un mejor desempe\u00f1o que otras\u201d, concluy\u00f3.<\/p>\n<section class=\"container-center-100 mb-40 border border-bottom border-thin border-neutral-light-700\">\n<hr\/>\n<\/section>\n<\/div>\n","protected":false},"excerpt":{"rendered":"<p>En un escenario complejo, marcado por la competencia derivada de la apertura de las importaciones, el uso de la capacidad instalada de la industria en enero se ubic\u00f3 en 53,6%, el nivel m\u00e1s bajo de la \u00faltima d\u00e9cada para un primer mes del a\u00f1o. El dato fue publicado por el Instituto Nacional de Estad\u00edstica y [&hellip;]<\/p>\n","protected":false},"author":2,"featured_media":229144,"comment_status":"closed","ping_status":"closed","sticky":false,"template":"","format":"standard","meta":{"footnotes":""},"categories":[28],"tags":[],"class_list":["post-229143","post","type-post","status-publish","format-standard","has-post-thumbnail","hentry","category-economia"],"_links":{"self":[{"href":"https:\/\/radioacuariofm.com.ar\/index.php?rest_route=\/wp\/v2\/posts\/229143","targetHints":{"allow":["GET"]}}],"collection":[{"href":"https:\/\/radioacuariofm.com.ar\/index.php?rest_route=\/wp\/v2\/posts"}],"about":[{"href":"https:\/\/radioacuariofm.com.ar\/index.php?rest_route=\/wp\/v2\/types\/post"}],"author":[{"embeddable":true,"href":"https:\/\/radioacuariofm.com.ar\/index.php?rest_route=\/wp\/v2\/users\/2"}],"replies":[{"embeddable":true,"href":"https:\/\/radioacuariofm.com.ar\/index.php?rest_route=%2Fwp%2Fv2%2Fcomments&post=229143"}],"version-history":[{"count":1,"href":"https:\/\/radioacuariofm.com.ar\/index.php?rest_route=\/wp\/v2\/posts\/229143\/revisions"}],"predecessor-version":[{"id":229145,"href":"https:\/\/radioacuariofm.com.ar\/index.php?rest_route=\/wp\/v2\/posts\/229143\/revisions\/229145"}],"wp:featuredmedia":[{"embeddable":true,"href":"https:\/\/radioacuariofm.com.ar\/index.php?rest_route=\/wp\/v2\/media\/229144"}],"wp:attachment":[{"href":"https:\/\/radioacuariofm.com.ar\/index.php?rest_route=%2Fwp%2Fv2%2Fmedia&parent=229143"}],"wp:term":[{"taxonomy":"category","embeddable":true,"href":"https:\/\/radioacuariofm.com.ar\/index.php?rest_route=%2Fwp%2Fv2%2Fcategories&post=229143"},{"taxonomy":"post_tag","embeddable":true,"href":"https:\/\/radioacuariofm.com.ar\/index.php?rest_route=%2Fwp%2Fv2%2Ftags&post=229143"}],"curies":[{"name":"wp","href":"https:\/\/api.w.org\/{rel}","templated":true}]}}