{"id":229140,"date":"2026-03-13T19:01:03","date_gmt":"2026-03-13T22:01:03","guid":{"rendered":"https:\/\/radioacuariofm.com.ar\/?p=229140"},"modified":"2026-03-13T19:01:05","modified_gmt":"2026-03-13T22:01:05","slug":"el-nuevo-grupo-proirani-que-se-atribuyo-los-ataques-a-sinagogas-en-europa","status":"publish","type":"post","link":"https:\/\/radioacuariofm.com.ar\/?p=229140","title":{"rendered":"El nuevo grupo proiran\u00ed que se atribuy\u00f3 los ataques a sinagogas en Europa"},"content":{"rendered":"<p> <br \/>\n<\/p>\n<div>\n<p class=\"com-paragraph  --capital --s\">JERUSAL\u00c9N.\u2013 En medio de las limitaciones de Ir\u00e1n para tomar represalias efectivas contra Israel o Estados Unidos, y su decisi\u00f3n de <strong>atacar a los pa\u00edses vecinos del Golfo P\u00e9rsico y a las delegaciones israel\u00edes \u201cen todo el mundo\u201d,<\/strong> un nuevo grupo que se autodenomina <strong>Ashab Al Yamim <\/strong>se atribuy\u00f3 esta semana la responsabilidad de<strong> tres ataques contra instituciones jud\u00edas en Europa<\/strong>.<\/p>\n<p class=\"com-paragraph   --s\">La estrategia iran\u00ed de <strong>respuesta en todos los frentes<\/strong> reaviva as\u00ed el espectro del terrorismo de Estado en los pa\u00edses occidentales, donde se acusa a Teher\u00e1n de haber tejido una red de agentes y criminales locales.<\/p>\n<p class=\"com-paragraph   --s\">La polic\u00eda de Noruega anunci\u00f3 este mi\u00e9rcoles <strong>el arresto de tres hermanos noruegos de origen iraqu\u00ed, por sospecha de haber perpetrado un \u201catentado terrorista con bomba\u201d<\/strong> contra la embajada de Estados Unidos el pasado fin de semana en Oslo, sin causar v\u00edctimas.<\/p>\n<p class=\"com-paragraph   --s\">\u201cIr\u00e1n considera el terrorismo como <strong>una extensi\u00f3n de su pol\u00edtica exterior<\/strong>, un medio asim\u00e9trico de alcanzar a sus enemigos m\u00e1s all\u00e1 de sus fronteras\u201d, recordaba en agosto el investigador <strong>Matthew Levitt<\/strong> en la publicaci\u00f3n especializada CTC Sentinel.<\/p>\n<p class=\"com-paragraph   --s\">En el caso del grupo Ashab Al Yamim, p<a href=\"https:\/\/www.lanacion.com.ar\/el-mundo\/belgica-denuncio-un-acto-antisemita-tras-una-explosion-frente-a-una-sinagoga-en-lieja-nid09032026\/\" target=\"_self\" title=\"https:\/\/www.lanacion.com.ar\/el-mundo\/belgica-denuncio-un-acto-antisemita-tras-una-explosion-frente-a-una-sinagoga-en-lieja-nid09032026\/\" class=\"com-link break-word\" data-mrf-recirculation=\"n_link_parrafo\">rimero fue un<strong> atentado con bomba contra una sinagoga en Lieja, B\u00e9lgica, el lunes<\/strong><\/a><strong>.<\/strong> Le sigui\u00f3 un ataque en<strong> Grecia <\/strong>el mi\u00e9rcoles y un incendio provocado en una sinagoga en <strong>Rotterdam, Holanda<\/strong>, este viernes.<\/p>\n<div class=\"content-media\">\n<section role=\"button\" class=\"mod-media   \">\n<figure role=\"button\" tabindex=\"0\" class=\"mod-figure \"><figcaption class=\"mod-figcaption\"><span class=\"com-text --caption --twoxs\">Un polic\u00eda se ve cerca de una cerca mientras vigila una zona tras una detonaci\u00f3n cerca de una sinagoga en Lieja, B\u00e9lgica, el lunes 9 de marzo de 2026.<\/span><span class=\"com-text --credit --twoxs\">Valentin Bianchi &#8211; AP<\/span><\/figcaption><\/figure>\n<\/section>\n<\/div>\n<p class=\"com-paragraph   --s\">Al parecer, el grupo no exist\u00eda antes de esta semana y, curiosamente, no tiene canales propios en Telegram ni en otras redes sociales. Normalmente, este tipo de grupos crean canales inmediatamente.<\/p>\n<p class=\"com-paragraph   --s\">No obstante, los videos que grab\u00f3 de los tres ataques aparecieron r\u00e1pidamente en canales de Telegram de grupos chiitas, como los asociados a Hezbollah o la Guardia Revolucionaria Isl\u00e1mica. Esto podr\u00eda sugerir una conexi\u00f3n entre Ashab Al Yamim y organizaciones afines a Ir\u00e1n.<\/p>\n<p class=\"com-paragraph   --s\">El nombre \u00e1rabe <strong>Ashab Al Yamim<\/strong> se traduce como <strong>Compa\u00f1eros de la Derecha o Gente de la Derecha<\/strong>. Esto no significa derecha en el sentido pol\u00edtico, sino m\u00e1s bien \u201cjusticia\u201d o \u201crectitud\u201d. <strong>Ohad Merlin<\/strong>, investigador de Medio Oriente y Norte africano en el programa regional del think tank MIND Israel, explic\u00f3 al diario <em>The Jerusalem Post<\/em> que el Cor\u00e1n suele usar derecha e izquierda como met\u00e1foras. El nombre \u00e1rabe espec\u00edfico \u201cGente de la Derecha\u201d tambi\u00e9n aparece en el Cor\u00e1n, en Al Waqi\u2019ah 56:28.<\/p>\n<p class=\"com-paragraph   --s\">El logotipo del grupo muestra un brazo extendido que sostiene un rifle que apunta hacia la derecha. Detr\u00e1s, se ve un globo terr\u00e1queo. Este logotipo coincide con los de grupos terroristas iran\u00edes o de la Resistencia Isl\u00e1mica liderada por Ir\u00e1n; <strong>Kataib Hezbollah<\/strong> en Irak, <strong>Hezbollah <\/strong>en el L\u00edbano y la <strong>Guardia Revolucionaria Isl\u00e1mica<\/strong> en Ir\u00e1n comparten la misma imagen de una mano que sostiene un rifle que apunta hacia la derecha, superpuesta a un globo terr\u00e1queo.<\/p>\n<p class=\"com-paragraph   --s\">Una diferencia notable con el logotipo de Ashab Al Yamim es que presenta un modelo de fusil espec\u00edfico: <strong>un fusil Dragunov.<\/strong> El SVD o Dragunov es un fusil semiautom\u00e1tico sovi\u00e9tico muy apreciado por algunos grupos en Medio Oriente, pero mucho menos com\u00fan en Europa. Los dem\u00e1s grupos mencionados utilizan versiones estilizadas de los fusiles Kalashnikov.<\/p>\n<p class=\"com-paragraph   --s\">Tras el ataque a Lieja, el grupo public\u00f3 un comunicado con las habituales invocaciones religiosas: \u201cEn el nombre de Dios, el Clemente, el Misericordioso, \u201cVayan, ya sean livianos o pesados, y esfu\u00e9rcense con vuestras riquezas y vuestras vidas en el camino de Dios\u201d. Dios Todopoderoso ha dicho la verdad.\u00bb<\/p>\n<p class=\"com-paragraph   --s\">\u201c\u00a1Oh muyahidines del Islam, oh caballeros de las sombras, defended vuestra religi\u00f3n!<strong> Lev\u00e1ntense, con el permiso de Dios, a la jihad en Su camino.<\/strong> Salgan de donde se refugia la oscuridad, y que la luz de la verdad se revele a trav\u00e9s de vuestra fuerza, y difundan la justicia y la luz en cada rinc\u00f3n del mundo. (Badr 1, Badr 2, Fath 6, Khaybar 14) Conf\u00eden en Dios.\u00bb<\/p>\n<div class=\"content-media\">\n<section role=\"button\" class=\"mod-media   \">\n<figure role=\"button\" tabindex=\"0\" class=\"mod-figure \"><figcaption class=\"mod-figcaption\"><span class=\"com-text --caption --twoxs\">El texto del comunicado de Ashav Al Yamim dice: \u201c\u00a1Oh muyahidines del Islam, oh caballeros de las sombras, defended vuestra religi\u00f3n! Lev\u00e1ntense, con el permiso de Dios, a la jihad en Su camino. Salgan de donde se refugia la oscuridad, y que la luz de la verdad se revele a trav\u00e9s de vuestra fuerza, y difundan la justicia y la luz en cada rinc\u00f3n del mundo. (Badr 1, Badr 2, Fath 6, Khaybar 14) Conf\u00eden en Dios.\u00bb<\/span><\/figcaption><\/figure>\n<\/section>\n<\/div>\n<p class=\"com-paragraph   --s\">Es com\u00fan que los grupos de la Resistencia Isl\u00e1mica incluyan pasajes del Cor\u00e1n en sus declaraciones, as\u00ed como grandes alabanzas a Al\u00e1. Este texto en particular llama a la jihad, una vez m\u00e1s, en consonancia con otros grupos.<\/p>\n<p class=\"com-paragraph   --s\"><strong>Joe Truzman<\/strong>, analista s\u00e9nior de investigaci\u00f3n de la Fundaci\u00f3n para la Defensa de las Democracias (FDD), analiz\u00f3 para <em>The Jerusalem Post <\/em>el detalle de que el comunicado no incluye una fecha.<\/p>\n<p class=\"com-paragraph   --s\">\u201cPor lo general, las organizaciones armadas chiitas, o incluso los grupos fachada, al menos intentan parecer aut\u00e9nticas.<strong> En sus comunicados siempre hay una fecha al final<\/strong>. En el comunicado no se ve nada de eso.\u201d<\/p>\n<p><iframe loading=\"lazy\" title=\"Ashab Al Yamim | The IRGC-Backed Shadowy Shi&#039;ite Group Bombing Synagogues Across Europe | VERTEX\" width=\"1170\" height=\"658\" src=\"https:\/\/www.youtube.com\/embed\/P8TwvOtCYr0?wmode=transparent&amp;rel=0&amp;feature=oembed\" frameborder=\"0\" allow=\"accelerometer; autoplay; clipboard-write; encrypted-media; gyroscope; picture-in-picture; web-share\" referrerpolicy=\"strict-origin-when-cross-origin\" allowfullscreen><\/iframe><\/p>\n<p class=\"com-paragraph   --s\">Si se tratara solo de una declaraci\u00f3n, Truzman dijo que probablemente habr\u00eda desestimado la publicaci\u00f3n de Lieja. Sin embargo, el video cambi\u00f3 un poco las cosas.<\/p>\n<p class=\"com-paragraph   --s\">\u201cO bien se trata de una declaraci\u00f3n leg\u00edtima y aut\u00e9ntica, y el video es tambi\u00e9n aut\u00e9ntico, o bien es obra de alg\u00fan grupo criminal o antisemita que intenta encubrir sus acciones. Es muy dif\u00edcil saberlo.\u201d<\/p>\n<p class=\"com-paragraph   --s\">Sin embargo, <strong>Ir\u00e1n tiene un historial de utilizar grupos interpuestos para perpetrar atentados terroristas contra objetivos en el extranjero. <\/strong>Un ejemplo notorio es el atentado con bomba contra la Asociaci\u00f3n Mutual Israelita Argentina (AMIA), un centro comunitario jud\u00edo en Buenos Aires, Argentina, el 18 de julio de 1994. Un total de 85 personas murieron y m\u00e1s de 300 resultaron heridas.<strong> En 2024, la justicia argentina dictamin\u00f3 que Ir\u00e1n dirigi\u00f3 el ataque y que Hezbollah lo ejecut\u00f3<\/strong>.<\/p>\n<p class=\"com-paragraph   --s\">Con frecuencia, los grupos afines a Ir\u00e1n aparecen de la nada y luego, aparentemente, desaparecen una vez cometido el acto terrorista.<\/p>\n<p class=\"com-paragraph   --s\">\u201cIr\u00e1n ha estado operando extensamente, no solo en Medio Oriente, sino tambi\u00e9n en Europa y, obviamente, en Am\u00e9rica Latina, por lo que<strong> Ir\u00e1n, y la Guardia Revolucionaria Isl\u00e1mica, tienen la capacidad de hacer algo as\u00ed<\/strong>\u201d, explic\u00f3 Truzman.<\/p>\n<p class=\"com-paragraph   --s\">Las organizaciones afines a Ir\u00e1n y su red de aliados en la regi\u00f3n cuentan con grupos fachada y organizaciones ficticias para intentar encubrir u ocultar qui\u00e9n est\u00e1 realmente detr\u00e1s de un ataque.<\/p>\n<p class=\"com-paragraph   --s\">Otro aspecto extra\u00f1o es el video. Si bien presenta las caracter\u00edsticas t\u00edpicas de los videos terroristas \u2014por ejemplo, utiliza m\u00fasica amenazante y carece de voz\u2014,<strong> el contenido en s\u00ed es menos violento de lo habitual.<\/strong> Los videos de Hezbollah y Hamas suelen incluir contenido m\u00e1s intimidante, pero,<strong> en el caso de Lieja, Grecia y Rotterdam, nadie result\u00f3 herido y los ataques se produjeron de noche contra edificios<\/strong>.<\/p>\n<p class=\"com-paragraph   --s\">Truzman argument\u00f3 que esto sigue funcionando como propaganda, ya que<strong> \u201cpuede generar temor en la comunidad jud\u00eda\u201d<\/strong>. Esto es especialmente cierto dado el conflicto actual con Ir\u00e1n y el hecho de que Ir\u00e1n ha amenazado con cometer actos terroristas en el extranjero.<\/p>\n<p class=\"com-paragraph   --s\">\u201cNo es que se tratara de ataques masivos, pero al mismo tiempo podr\u00eda interpretarse como una advertencia\u201d, concluy\u00f3.<\/p>\n<p class=\"com-paragraph   --s\"><strong>Agencias AP y AFP<\/strong><\/p>\n<section class=\"container-center-100 mb-40 border border-bottom border-thin border-neutral-light-700\">\n<hr\/>\n<\/section>\n<\/div>\n\n","protected":false},"excerpt":{"rendered":"<p>JERUSAL\u00c9N.\u2013 En medio de las limitaciones de Ir\u00e1n para tomar represalias efectivas contra Israel o Estados Unidos, y su decisi\u00f3n de atacar a los pa\u00edses vecinos del Golfo P\u00e9rsico y a las delegaciones israel\u00edes \u201cen todo el mundo\u201d, un nuevo grupo que se autodenomina Ashab Al Yamim se atribuy\u00f3 esta semana la responsabilidad de tres [&hellip;]<\/p>\n","protected":false},"author":2,"featured_media":229141,"comment_status":"closed","ping_status":"closed","sticky":false,"template":"","format":"standard","meta":{"footnotes":""},"categories":[1],"tags":[],"class_list":["post-229140","post","type-post","status-publish","format-standard","has-post-thumbnail","hentry","category-uncategorized"],"_links":{"self":[{"href":"https:\/\/radioacuariofm.com.ar\/index.php?rest_route=\/wp\/v2\/posts\/229140","targetHints":{"allow":["GET"]}}],"collection":[{"href":"https:\/\/radioacuariofm.com.ar\/index.php?rest_route=\/wp\/v2\/posts"}],"about":[{"href":"https:\/\/radioacuariofm.com.ar\/index.php?rest_route=\/wp\/v2\/types\/post"}],"author":[{"embeddable":true,"href":"https:\/\/radioacuariofm.com.ar\/index.php?rest_route=\/wp\/v2\/users\/2"}],"replies":[{"embeddable":true,"href":"https:\/\/radioacuariofm.com.ar\/index.php?rest_route=%2Fwp%2Fv2%2Fcomments&post=229140"}],"version-history":[{"count":1,"href":"https:\/\/radioacuariofm.com.ar\/index.php?rest_route=\/wp\/v2\/posts\/229140\/revisions"}],"predecessor-version":[{"id":229142,"href":"https:\/\/radioacuariofm.com.ar\/index.php?rest_route=\/wp\/v2\/posts\/229140\/revisions\/229142"}],"wp:featuredmedia":[{"embeddable":true,"href":"https:\/\/radioacuariofm.com.ar\/index.php?rest_route=\/wp\/v2\/media\/229141"}],"wp:attachment":[{"href":"https:\/\/radioacuariofm.com.ar\/index.php?rest_route=%2Fwp%2Fv2%2Fmedia&parent=229140"}],"wp:term":[{"taxonomy":"category","embeddable":true,"href":"https:\/\/radioacuariofm.com.ar\/index.php?rest_route=%2Fwp%2Fv2%2Fcategories&post=229140"},{"taxonomy":"post_tag","embeddable":true,"href":"https:\/\/radioacuariofm.com.ar\/index.php?rest_route=%2Fwp%2Fv2%2Ftags&post=229140"}],"curies":[{"name":"wp","href":"https:\/\/api.w.org\/{rel}","templated":true}]}}