{"id":229137,"date":"2026-03-13T17:59:51","date_gmt":"2026-03-13T20:59:51","guid":{"rendered":"https:\/\/radioacuariofm.com.ar\/?p=229137"},"modified":"2026-03-13T17:59:53","modified_gmt":"2026-03-13T20:59:53","slug":"como-podria-ser-una-tercera-guerra-mundial-segun-un-influyente-pensador-europeo","status":"publish","type":"post","link":"https:\/\/radioacuariofm.com.ar\/?p=229137","title":{"rendered":"C\u00f3mo podr\u00eda ser una tercera guerra mundial, seg\u00fan un influyente pensador europeo"},"content":{"rendered":"<p> <br \/>\n<\/p>\n<div>\n<p class=\"com-paragraph  --capital --s\">PAR\u00cdS.\u2013 <strong>Jacques Attali<\/strong> es, desde hace cuatro d\u00e9cadas, uno de los pensadores m\u00e1s brillantes de su generaci\u00f3n. Doctor en econom\u00eda, polit\u00e9cnico y consejero de Estado, fue \u201csherpa\u201d especial del<strong> presidente Fran\u00e7ois Mitterrand <\/strong>durante 10 a\u00f1os. <\/p>\n<div class=\"content-media\">\n<section role=\"button\" class=\"mod-media   \">\n<figure role=\"button\" tabindex=\"0\" class=\"mod-figure \"><figcaption class=\"mod-figcaption\"><span class=\"com-text --caption --twoxs\">Hace apenas unos d\u00edas, Trump afirm\u00f3 que no detendr\u00eda la guerra hasta la \u00abrendici\u00f3n incondicional\u00bb de Ir\u00e1n<\/span><span class=\"com-text --credit --twoxs\">Getty Images<\/span><\/figcaption><\/figure>\n<\/section>\n<\/div>\n<p class=\"com-paragraph   --s\">Fundador de <strong>cuatro instituciones internacionales<\/strong>: Acci\u00f3n contra el Hambre, Eureka, Banco Europeo para la Reconstrucci\u00f3n y el Desarrollo (BERD) y Positive Planet.<\/p>\n<p class=\"com-paragraph   --s\">Nacido en Argel en 1943, <strong>autor de 86 libros <\/strong>(de los cuales m\u00e1s de 30 est\u00e1n dedicados al an\u00e1lisis del futuro), vendidos en 10 millones de ejemplares y traducidos a 22 idiomas, Attali es editorialista para los diarios econ\u00f3micos <em>Les \u00c9chos<\/em> y <em>Nikkei<\/em>.<\/p>\n<p class=\"com-paragraph   --s\">Aut\u00e9ntico mel\u00f3mano, dirige regularmente orquestas alrededor del mundo.<\/p>\n<p class=\"com-paragraph   --s\">En di\u00e1logo con LA NACION en Par\u00eds, Attali advierte sobre el peligro de una <a href=\"https:\/\/www.lanacion.com.ar\/el-mundo\/propiedad-de-china-el-cambio-de-identificacion-de-los-barcos-comerciales-en-el-estrecho-de-ormuz-nid12032026\/\" target=\"_self\" title=\"https:\/\/www.lanacion.com.ar\/el-mundo\/propiedad-de-china-el-cambio-de-identificacion-de-los-barcos-comerciales-en-el-estrecho-de-ormuz-nid12032026\/\" class=\"com-link break-word\" data-mrf-recirculation=\"n_link_parrafo\"><strong>\u201ctercera guerra mundial\u201d.<\/strong><\/a> Esta vez no ya entre actores del hemisferio norte, sino de \u201cuna posible alianza entre el Sur Global con China y Rusia, \u201ccon el objetivo de terminar con la<strong> globalizaci\u00f3n depredadora<\/strong>, el racionalismo desencantado y la modernidad colonizadora de Occidente\u201d.<\/p>\n<div class=\"content-media\">\n<section role=\"button\" class=\"mod-media   \">\n<figure role=\"button\" tabindex=\"0\" class=\"mod-figure \"><figcaption class=\"mod-figcaption\"><span class=\"com-text --caption --twoxs\">Jacques Attali<\/span><span class=\"com-text --credit --twoxs\">KENZO TRIBOUILLARD\/AFP &#8211; Archivo<\/span><\/figcaption><\/figure>\n<\/section>\n<\/div>\n<p class=\"com-paragraph   --s\"><strong>\u2013Me gustar\u00eda comenzar con su opini\u00f3n sobre la guerra en Ir\u00e1n.<\/strong><\/p>\n<p class=\"com-paragraph   --s\">\u2013Puedo entender que, desde un punto de vista global, el surgimiento de una nueva potencia nuclear sea percibido como imposible, escandaloso, inaceptable, porque pone en peligro al mundo, especialmente con una \u00e9lite que ha dicho claramente y expl\u00edcitamente que tan pronto como tengan el arma nuclear, su papel ser\u00e1 destruir el Estado de Israel y arrasar ese pa\u00eds. As\u00ed que se puede entender. Si Argentina se encontrara frente a Uruguay o Brasil con el arma nuclear amenazando de destruirla, se puede entender que eso no ser\u00eda tolerable. Por lo tanto, esta situaci\u00f3n en la que los iran\u00edes nunca han aceptado verdaderamente rendir cuentas, ni excluir su producci\u00f3n de un arma nuclear, se puede comprender. Ahora, el engranaje es considerable, primero porque es un pa\u00eds de 90 millones de habitantes, es una dictadura aplastante, no hay oposici\u00f3n interna y no se ve c\u00f3mo podr\u00eda nacer otro r\u00e9gimen de la nada. Por otro lado, no se ve c\u00f3mo Estados Unidos o Israel podr\u00edan entrar en el pa\u00eds y destruir el r\u00e9gimen. <\/p>\n<p class=\"com-paragraph   --s\"><strong>\u2013Entonces, \u00bfc\u00f3mo se puede imaginar el futuro? <\/strong><\/p>\n<p class=\"com-paragraph   --s\">\u2013Se puede pensar en <a href=\"https:\/\/www.lanacion.com.ar\/el-mundo\/se-dispara-el-precio-del-petroleo-tras-los-ataques-iranies-a-buques-extranjeros-nid12032026\/\" target=\"_self\" title=\"https:\/\/www.lanacion.com.ar\/el-mundo\/se-dispara-el-precio-del-petroleo-tras-los-ataques-iranies-a-buques-extranjeros-nid12032026\/\" class=\"com-link break-word\" data-mrf-recirculation=\"n_link_parrafo\">varios futuros<\/a>. O bien los estadounidenses renuncian y la guerra se detiene, simplemente porque podr\u00edan alegar haber alcanzado sus objetivos, lo cual no es el caso. O una soluci\u00f3n al estilo venezolano, donde deciden que un dirigente del r\u00e9gimen actual se convierte en su aliado mediante una especie de truco m\u00e1gico. O una situaci\u00f3n en la que Ir\u00e1n se derrumba, y ah\u00ed hay varios escenarios tambi\u00e9n. Puede ser un escenario libio con la explosi\u00f3n del pa\u00eds, puede ser un escenario iraqu\u00ed con una lenta reconstrucci\u00f3n del pa\u00eds, puede ser un escenario sirio con un nuevo dictador terrorista que reemplaza a otro, todo es posible.<\/p>\n<div class=\"content-media\">\n<section role=\"button\" class=\"mod-media   \">\n<figure role=\"button\" tabindex=\"0\" class=\"mod-figure \"><figcaption class=\"mod-figcaption\"><span class=\"com-text --caption --twoxs\">La influencia de la guerra en Ir\u00e1n sobre los precios del petr\u00f3leo es una carta para Putin.<\/span><span class=\"com-text --credit --twoxs\">Getty Images<\/span><\/figcaption><\/figure>\n<\/section>\n<\/div>\n<p class=\"com-paragraph   --s\"><strong>\u2013En todo caso, usted no parece estar de acuerdo con la decisi\u00f3n tomada por Israel y Estados Unidos. <\/strong><\/p>\n<p class=\"com-paragraph   --s\">\u2013Creo que la comunidad internacional debe primero tomar conciencia del hecho de que es un nuevo golpe a la regla de derecho, ya que esta guerra no ha sido declarada totalmente. Fue lanzada sin ning\u00fan respeto a las reglas de derecho internacional y esto puede dar ideas a otros. <\/p>\n<p class=\"com-paragraph   --s\"><strong>\u2013Precisamente, en su \u00faltima columna publicada en el cotidiano <\/strong><em><strong>Le Point<\/strong><\/em><strong>, usted menciona la posibilidad de una tercera guerra mundial que, esta vez, \u201cya no enfrentar\u00e1 el marxismo-leninismo contra el liberalismo judeocristiano, sino a todo Occidente contra las multitudes que se viven como sujetos de su despiadado imperio\u201d. Habla de una posible alianza entre el Sur Global con China y Rusia, \u201ccon el objetivo de terminar con la globalizaci\u00f3n depredadora, el racionalismo desencantado y la modernidad colonizadora de Occidente\u201d. <\/strong><\/p>\n<p class=\"com-paragraph   --s\">\u2013En efecto, menciono una conjunci\u00f3n de conflictos e instancias entre Ucrania y Rusia y Medio Oriente, y entre China y Taiw\u00e1n, donde se ver\u00eda una guerra mundial instaurarse. Una guerra mundial que no ser\u00e1, como siempre, una guerra del hemisferio norte, sino una guerra entre el sur y las potencias del norte.<\/p>\n<p class=\"com-paragraph   --s\"><strong>\u2013\u00bfCree usted que esta intervenci\u00f3n militar en Ir\u00e1n entra en ese marco? \u00bfRealmente Rusia y China se benefician? Porque, de hecho, con Venezuela y ahora, no se han movido en absoluto. Por lo tanto, no dan la impresi\u00f3n de beneficiarse. \u00bfEs as\u00ed? O, dado que los chinos piensan a largo plazo, se dicen: \u201cde todas maneras, hay que dejarlos romperse los dientes y caer\u00e1n solos y nosotros nos beneficiaremos despu\u00e9s\u201d. <\/strong><\/p>\n<p class=\"com-paragraph   --s\">\u2013La regla hist\u00f3rica muestra que cuando dos potencias se pelean, siempre es la tercera la que gana. Y desde ese punto de vista, los chinos tienen todo el inter\u00e9s en guardar todas las cartas. Dicho esto, los chinos necesitan el petr\u00f3leo iran\u00ed y eso es algo que les va a faltar. Entonces, seguramente pueden abastecerse en otro lugar. Pero no es bueno para los v\u00ednculos con China. <\/p>\n<div class=\"content-media\">\n<section role=\"button\" class=\"mod-media   \">\n<figure role=\"button\" tabindex=\"0\" class=\"mod-figure \"><figcaption class=\"mod-figcaption\"><span class=\"com-text --caption --twoxs\">Un intenso incendio y una columna de humo son visibles despu\u00e9s que, seg\u00fan las autoridades, los restos de un dron iran\u00ed interceptado impactaran en las instalaciones petroleras de Fujairah, Emiratos \u00c1rabes Unidos, el martes 3 de marzo de 2026<\/span><span class=\"com-text --credit --twoxs\">Altaf Qadri &#8211; AP<\/span><\/figcaption><\/figure>\n<\/section>\n<\/div>\n<p class=\"com-paragraph   --s\"><strong>\u2013Es un poco mejor para los rusos, es verdad. Pero, \u00bfpor qu\u00e9 cree que no han movido un dedo para ayudar a sus aliados? \u00bfC\u00f3mo es que no han hecho nada respecto a Venezuela o Ir\u00e1n? \u00bfNo han hecho realmente nada? \u00bfO lo est\u00e1n haciendo de otra manera? <\/strong><\/p>\n<p class=\"com-paragraph   --s\">-No, no han hecho nada por la raz\u00f3n que usted dijo. Es decir, tienen much\u00edsimos problemas internos. Primero, hay problemas de conflictos personales dentro de la direcci\u00f3n china. Luego, hay enormes problemas demogr\u00e1ficos, enormes problemas sociales. Hay una amenaza principal que es la reconquista de Taiw\u00e1n. El resto del mundo no es prioritario para ellos. <\/p>\n<div class=\"content-media\">\n<section role=\"button\" class=\"mod-media   \">\n<figure role=\"button\" tabindex=\"0\" class=\"mod-figure \"><figcaption class=\"mod-figcaption\"><span class=\"com-text --caption --twoxs\">C\u00f3mo la guerra en Ir\u00e1n pone a prueba la estrategia global de China<\/span><span class=\"com-text --credit --twoxs\">AFP v\u00eda Getty Images<\/span><\/figcaption><\/figure>\n<\/section>\n<\/div>\n<p class=\"com-paragraph   --s\"><strong>\u2013De acuerdo. Y Europa, en todo esto, \u00bfqu\u00e9 podr\u00eda hacer? \u00bfDir\u00eda usted que hasta ahora ha estado a la altura? <\/strong><\/p>\n<p class=\"com-paragraph   --s\">\u2013Europa ha logrado algo, a pesar de las divergencias. Porque entre Espa\u00f1a, Francia, Alemania y Gran Breta\u00f1a, hay posiciones completamente diferentes. Y a pesar de todo, ha logrado salvar su unidad y comprender mejor que ahora le interesa tener una defensa soberana. Por ejemplo, los iran\u00edes dispararon contra un pa\u00eds de la UE, Chipre. Y entonces el presidente franc\u00e9s viaj\u00f3 esta semana a Chipre. Eso muestra que hay una amenaza planetaria, y eso empuja a los europeos a unirse m\u00e1s. <\/p>\n<p class=\"com-paragraph   --s\"><strong>\u2013Pero, \u00bfno cree que hay una especie de hipocres\u00eda en los discursos de los l\u00edderes pol\u00edticos europeos respecto de esta guerra? Por ejemplo, que todos defienden no participar pero, sin embargo, autorizan operaciones de Estados Unidos en sus bases.<\/strong><\/p>\n<p class=\"com-paragraph   --s\">\u2013S\u00ed, tiene raz\u00f3n. Pero creo que Europa est\u00e1 m\u00e1s unida de lo que se cree. Y est\u00e1 m\u00e1s unida en el hecho de que esta guerra nos es \u00fatil. Nos interesa deshacernos de los ayatol\u00e1s. Y en todo caso, no molestar a los estadounidenses que quieren hacerlo. <\/p>\n<div class=\"content-media\">\n<section role=\"button\" class=\"mod-media   \">\n<figure role=\"button\" tabindex=\"0\" class=\"mod-figure \"><figcaption class=\"mod-figcaption\"><span class=\"com-text --caption --twoxs\">Soldados cargan un f\u00e9retro que lleva los restos del reservista de la sargento de primera clase Nicole Amor, quien muri\u00f3 por un ataque de dron en un centro de mando de Kuwait<\/span><span class=\"com-text --credit --twoxs\">Mark Schiefelbein &#8211; AP<\/span><\/figcaption><\/figure>\n<\/section>\n<\/div>\n<p class=\"com-paragraph   --s\"><strong>\u2013En su columna, dice que para evitar esa tercera guerra mundial, los europeos deben finalmente unirse y convencer al resto del mundo, y eventualmente a esas potencias del sur global, de que es el \u00fanico espacio de libertad y democracia, y que esos valores son los que realmente valen la pena defender. Pero tengo la impresi\u00f3n de que Europa nunca ha dejado de proclamar esos valores y de vivir cotidianamente haciendo el ejercicio de esos. \u00bfPor qu\u00e9 no hemos logrado convencer al resto del mundo?<\/strong><\/p>\n<p class=\"com-paragraph   --s\">\u2013No se equivoque, la democracia sigue siendo un atractivo. Argentina es un ejemplo, Argentina es una democracia, aunque se piense lo que se piense de su presidente actual, sigue siendo una democracia. Brasil es una democracia, India es relativamente una democracia. No se puede decir que el sur est\u00e9 en contra de los valores del Estado de derecho. Creo, al contrario, que el modelo europeo que es el mejor lugar del mundo para vivir hoy, lo que regula el Estado de derecho sigue siendo un ideal para mucha gente, incluso en Estados Unidos, mucha gente sue\u00f1a con un retorno al Estado europeo. <\/p>\n<div class=\"content-media\">\n<section role=\"button\" class=\"mod-media   \">\n<figure role=\"button\" tabindex=\"0\" class=\"mod-figure \"><figcaption class=\"mod-figcaption\"><span class=\"com-text --caption --twoxs\">Una bomba estalla en el centro de Teher\u00e1n<\/span><span class=\"com-text --credit --twoxs\">Contributor &#8211; Getty Images Europe<\/span><\/figcaption><\/figure>\n<\/section>\n<\/div>\n<p class=\"com-paragraph   --s\"><strong>\u2013\u00bfY c\u00f3mo es que tenemos extremismos tan absurdos en nuestro continente? Tomemos el ejemplo de Francia, \u00bfc\u00f3mo es que la extrema derecha pueda ser la primera fuerza en las intenciones de voto?<\/strong><\/p>\n<p class=\"com-paragraph   --s\">\u2013Pienso como usted. Creo que es impensable. Pero estamos a 18 meses de las urnas. Las elecciones a\u00fan no han llegado. Hay tiempo. Estoy convencido de que los franceses van a reaccionar. Adem\u00e1s, quien sea que haya sido favorito en Francia 18 meses antes de las elecciones, perdi\u00f3 las elecciones. <\/p>\n<p class=\"com-paragraph   --s\"><strong>\u2013En sus columnas es bastante duro con los europeos a quienes les dice todo el tiempo que es absolutamente necesario unirse. Pero \u00bfc\u00f3mo hacer para unir 27 pa\u00edses que, como usted dec\u00eda, tienen historias y realidades internas completamente diferentes? \u00bfEs factible? Es cierto que despu\u00e9s de la llegada de Donald Trump a la Casa Blanca por segunda vez, hubo ese movimiento de uni\u00f3n europea que es muy interesante. Incluso la decisi\u00f3n del presidente Macron de la \u201cdisuasi\u00f3n nuclear ampliada\u201d, es algo muy significativo. Pero da la impresi\u00f3n de que siempre hay divisiones profundas. Entonces, \u00bfc\u00f3mo hacer?<\/strong><\/p>\n<p class=\"com-paragraph   --s\">\u2013No soy tan negativo como usted dice. Hay que avanzar poco a poco. La Uni\u00f3n Europea ha progresado enormemente. El ej\u00e9rcito \u00fanico ha puesto en marcha una capacidad de entrenamiento com\u00fan. Todo eso avanza y hoy hay realmente una toma de conciencia de la importancia de una defensa europea. As\u00ed que creo que estamos progresando. Quiz\u00e1s menos r\u00e1pido de lo que desear\u00eda, pero progresamos. <\/p>\n<div class=\"content-media\">\n<section role=\"button\" class=\"mod-media   \">\n<figure role=\"button\" tabindex=\"0\" class=\"mod-figure \"><figcaption class=\"mod-figcaption\"><span class=\"com-text --caption --twoxs\">El secretario de Defensa de Estados Unidos, Pete Hegseth<\/span><span class=\"com-text --credit --twoxs\">Konstantin Toropin &#8211; AP<\/span><\/figcaption><\/figure>\n<\/section>\n<\/div>\n<p class=\"com-paragraph   --s\"><strong>\u2013Una \u00faltima reflexi\u00f3n sobre Israel. \u00bfPiensa que el gobierno israel\u00ed esperaba una reacci\u00f3n tan violenta y masiva por parte de Ir\u00e1n? Porque Trump incluso reconoci\u00f3 la semana pasada que no esperaba los ataques de Ir\u00e1n en toda la regi\u00f3n.<\/strong><\/p>\n<p class=\"com-paragraph   --s\">\u2013Todo eso fue extremadamente previsto. No tengo dudas al respecto. <\/p>\n<p class=\"com-paragraph   --s\"><strong>\u2013Entonces, \u00bfno tiene dudas sobre el desenlace de la guerra en s\u00ed? <\/strong><\/p>\n<p class=\"com-paragraph   --s\">\u2013Creo que Estados Unidos puede decidir detener la guerra porque es demasiado para ellos. <\/p>\n<div class=\"content-media\">\n<section role=\"button\" class=\"mod-media   \">\n<figure role=\"button\" tabindex=\"0\" class=\"mod-figure \"><figcaption class=\"mod-figcaption\"><span class=\"com-text --caption --twoxs\">Dos ni\u00f1as sostienen un cartel en protesta por la guerra contra Ir\u00e1n durante una manifestaci\u00f3n en la Plaza Dealey, el domingo 1 de marzo de 2026, en el centro de Dallas<\/span><span class=\"com-text --credit --twoxs\">LM Otero &#8211; AP<\/span><\/figcaption><\/figure>\n<\/section>\n<\/div>\n<p class=\"com-paragraph   --s\"><strong>\u2013Pero desde el punto de vista militar, \u00bfIr\u00e1n no puede resistir?<\/strong><\/p>\n<p class=\"com-paragraph   --s\">\u2013Desde el punto de vista militar, Ir\u00e1n puede perfectamente resistir mucho tiempo.<\/p>\n<section class=\"container-center-100 mb-40 border border-bottom border-thin border-neutral-light-700\">\n<hr\/>\n<\/section>\n<\/div>\n\n","protected":false},"excerpt":{"rendered":"<p>PAR\u00cdS.\u2013 Jacques Attali es, desde hace cuatro d\u00e9cadas, uno de los pensadores m\u00e1s brillantes de su generaci\u00f3n. Doctor en econom\u00eda, polit\u00e9cnico y consejero de Estado, fue \u201csherpa\u201d especial del presidente Fran\u00e7ois Mitterrand durante 10 a\u00f1os. Hace apenas unos d\u00edas, Trump afirm\u00f3 que no detendr\u00eda la guerra hasta la \u00abrendici\u00f3n incondicional\u00bb de Ir\u00e1nGetty Images Fundador de [&hellip;]<\/p>\n","protected":false},"author":2,"featured_media":229138,"comment_status":"closed","ping_status":"closed","sticky":false,"template":"","format":"standard","meta":{"footnotes":""},"categories":[1],"tags":[],"class_list":["post-229137","post","type-post","status-publish","format-standard","has-post-thumbnail","hentry","category-uncategorized"],"_links":{"self":[{"href":"https:\/\/radioacuariofm.com.ar\/index.php?rest_route=\/wp\/v2\/posts\/229137","targetHints":{"allow":["GET"]}}],"collection":[{"href":"https:\/\/radioacuariofm.com.ar\/index.php?rest_route=\/wp\/v2\/posts"}],"about":[{"href":"https:\/\/radioacuariofm.com.ar\/index.php?rest_route=\/wp\/v2\/types\/post"}],"author":[{"embeddable":true,"href":"https:\/\/radioacuariofm.com.ar\/index.php?rest_route=\/wp\/v2\/users\/2"}],"replies":[{"embeddable":true,"href":"https:\/\/radioacuariofm.com.ar\/index.php?rest_route=%2Fwp%2Fv2%2Fcomments&post=229137"}],"version-history":[{"count":1,"href":"https:\/\/radioacuariofm.com.ar\/index.php?rest_route=\/wp\/v2\/posts\/229137\/revisions"}],"predecessor-version":[{"id":229139,"href":"https:\/\/radioacuariofm.com.ar\/index.php?rest_route=\/wp\/v2\/posts\/229137\/revisions\/229139"}],"wp:featuredmedia":[{"embeddable":true,"href":"https:\/\/radioacuariofm.com.ar\/index.php?rest_route=\/wp\/v2\/media\/229138"}],"wp:attachment":[{"href":"https:\/\/radioacuariofm.com.ar\/index.php?rest_route=%2Fwp%2Fv2%2Fmedia&parent=229137"}],"wp:term":[{"taxonomy":"category","embeddable":true,"href":"https:\/\/radioacuariofm.com.ar\/index.php?rest_route=%2Fwp%2Fv2%2Fcategories&post=229137"},{"taxonomy":"post_tag","embeddable":true,"href":"https:\/\/radioacuariofm.com.ar\/index.php?rest_route=%2Fwp%2Fv2%2Ftags&post=229137"}],"curies":[{"name":"wp","href":"https:\/\/api.w.org\/{rel}","templated":true}]}}