{"id":229131,"date":"2026-03-13T16:58:41","date_gmt":"2026-03-13T19:58:41","guid":{"rendered":"https:\/\/radioacuariofm.com.ar\/?p=229131"},"modified":"2026-03-13T16:58:42","modified_gmt":"2026-03-13T19:58:42","slug":"las-imagenes-del-ataque-de-iran-con-drones-a-una-torre-en-el-centro-financiero-de-dubai","status":"publish","type":"post","link":"https:\/\/radioacuariofm.com.ar\/?p=229131","title":{"rendered":"Las im\u00e1genes del ataque de Ir\u00e1n con drones a una torre en el centro financiero de Dubai"},"content":{"rendered":"<p> <br \/>\n<\/p>\n<div>\n<p class=\"com-paragraph  --capital --s\">El <a href=\"https:\/\/www.lanacion.com.ar\/el-mundo\/video-iran-volvio-a-apuntar-a-paises-del-golfo-y-ataco-el-centro-financiero-de-dubai-nid13032026\/\" target=\"_self\" title=\"https:\/\/www.lanacion.com.ar\/el-mundo\/video-iran-volvio-a-apuntar-a-paises-del-golfo-y-ataco-el-centro-financiero-de-dubai-nid13032026\/\" class=\"com-link break-word\" data-mrf-recirculation=\"n_link_parrafo\"><strong>distrito financiero e industrial de Dubai<\/strong><\/a> fue atacado por un dron, presuntamente iran\u00ed, este viernes por la ma\u00f1ana, y <strong>los restos del ataque del r\u00e9gimen isl\u00e1mico interceptado da\u00f1aron un edificio.<\/strong><\/p>\n<div class=\"content-media\">\n<section role=\"button\" class=\"mod-media   \">\n<figure role=\"button\" tabindex=\"0\" class=\"mod-figure \"><figcaption class=\"mod-figcaption\"><span class=\"com-text --caption --twoxs\">Ir\u00e1n atac\u00f3 con drones el centro financiero de Dubai<br \/>\n(AFP) <\/span><span class=\"com-text --credit --twoxs\">&#8211;  &#8211; AFP <\/span><\/figcaption><\/figure>\n<\/section>\n<\/div>\n<p class=\"com-paragraph   --s\">Las im\u00e1genes del <strong>Centro Financiero Internacional<\/strong> muestran enormes columnas de humo que se elevaron desde la imponente estructura. Este es el m\u00e1s reciente de una serie de incidentes ocurridos en la capital de <strong>Emiratos \u00c1rabes Unidos<\/strong> desde el comienzo la guerra entre Estados Unidos e Israel contra <a href=\"https:\/\/www.lanacion.com.ar\/el-mundo\/eeuu-asegura-que-el-nuevo-lider-supremo-de-iran-esta-herido-y-probablemente-desfigurado-nid13032026\/\" target=\"_self\" title=\"https:\/\/www.lanacion.com.ar\/el-mundo\/eeuu-asegura-que-el-nuevo-lider-supremo-de-iran-esta-herido-y-probablemente-desfigurado-nid13032026\/\" class=\"com-link break-word\" data-mrf-recirculation=\"n_link_parrafo\"><strong>Ir\u00e1n <\/strong><\/a>el pasado 28 de febrero.<\/p>\n<div class=\"content-media\">\n<section role=\"button\" class=\"mod-media   \">\n<figure role=\"button\" tabindex=\"0\" class=\"mod-figure \"><figcaption class=\"mod-figcaption\"><span class=\"com-text --caption --twoxs\">El Dubai Creek Harbour da\u00f1ado por un ataque con drones<br \/>\n(AFP) <\/span><span class=\"com-text --credit --twoxs\">Agencia AFP &#8211; AFP <\/span><\/figcaption><\/figure>\n<\/section>\n<\/div>\n<p class=\"com-paragraph   --s\">Las autoridades de Dubai informaron en una publicaci\u00f3n en X que<strong> \u201clos restos de una interceptaci\u00f3n exitosa causaron un incidente menor en la fachada de un edificio en el centro de Dub\u00e1i\u201d y que \u201cno se reportaron heridos\u201d.<\/strong><\/p>\n<div class=\"content-media cursor-pointer container-center-100\">\n<section class=\"media-container relative ratio-16-9 mod-media pb-32\">\n<figure class=\"mod-video\">\n<div class=\"video-player bg-black ratio-16-9\" data-has-jwplayer=\"true\" data-video-id-jw=\"5bL4FTH1\" data-config=\"{&quot;title&quot;:&quot;Consecuencias de la interceptaci\u00f3n de drones iran\u00edes en Dubai&quot;,&quot;mediaId&quot;:&quot;5bL4FTH1&quot;,&quot;playerId&quot;:&quot;ih0086X3&quot;,&quot;playlist&quot;:[{&quot;mediaid&quot;:&quot;5bL4FTH1&quot;,&quot;sources&quot;:[{&quot;file&quot;:&quot;https:\/\/cdn.jwplayer.com\/manifests\/5bL4FTH1.m3u8&quot;,&quot;type&quot;:&quot;application\/vnd.apple.mpegurl&quot;},{&quot;bitrate&quot;:235107,&quot;file&quot;:&quot;https:\/\/cdn.jwplayer.com\/videos\/5bL4FTH1-kTExGaWf.mp4&quot;,&quot;filesize&quot;:264496,&quot;framerate&quot;:60,&quot;height&quot;:180,&quot;label&quot;:&quot;180p&quot;,&quot;type&quot;:&quot;video\/mp4&quot;,&quot;width&quot;:320},{&quot;bitrate&quot;:328831,&quot;file&quot;:&quot;https:\/\/cdn.jwplayer.com\/videos\/5bL4FTH1-K8B0kybS.mp4&quot;,&quot;filesize&quot;:369935,&quot;framerate&quot;:60,&quot;height&quot;:270,&quot;label&quot;:&quot;270p&quot;,&quot;type&quot;:&quot;video\/mp4&quot;,&quot;width&quot;:480},{&quot;bitrate&quot;:119480,&quot;file&quot;:&quot;https:\/\/cdn.jwplayer.com\/videos\/5bL4FTH1-hz5z2Tv4.m4a&quot;,&quot;filesize&quot;:134416,&quot;label&quot;:&quot;AAC Audio&quot;,&quot;type&quot;:&quot;audio\/mp4&quot;},{&quot;bitrate&quot;:377072,&quot;file&quot;:&quot;https:\/\/cdn.jwplayer.com\/videos\/5bL4FTH1-FnZGUVnC.mp4&quot;,&quot;filesize&quot;:424206,&quot;framerate&quot;:60,&quot;height&quot;:360,&quot;label&quot;:&quot;360p&quot;,&quot;type&quot;:&quot;video\/mp4&quot;,&quot;width&quot;:640},{&quot;bitrate&quot;:612581,&quot;file&quot;:&quot;https:\/\/cdn.jwplayer.com\/videos\/5bL4FTH1-0G6Pwvlw.mp4&quot;,&quot;filesize&quot;:689154,&quot;framerate&quot;:60,&quot;height&quot;:540,&quot;label&quot;:&quot;540p&quot;,&quot;type&quot;:&quot;video\/mp4&quot;,&quot;width&quot;:960}]}],&quot;hasAutoplay&quot;:false,&quot;autostart&quot;:true,&quot;tagsUrl&quot;:&quot;https:\/\/pubads.g.doubleclick.net\/gampad\/ads?slotname=\/133919216\/la_nacion_video\/nota\/preroll&amp;sz=640x480|400x300&amp;ciu_szs=300x250&amp;unviewed_position_start=1&amp;output=vast&amp;impl=s&amp;env=vp&amp;gdfp_req=1&amp;ad_rule=0&amp;vad_type=linear&amp;vpos=preroll&amp;cust_params=tags_nuevos%3Dte_guerra_en_medio_oriente%2Cte_dubai%2Cte_emiratos_arabes%2Cte_iran%2Cca_el_mundo%2C%2CJ3BFQATFVBDQRGN3OMVN4XKWSQ&amp;pod=3&amp;ppos=1&amp;lip=true&amp;min_ad_duration=0&amp;max_ad_duration=30000&amp;vrid=6256&amp;url=https%3A%2F%2Fwww.lanacion.com.ar%2Fel-mundo%2Fguerra-en-medio-oriente-las-imagenes-del-ataque-de-iran-con-drones-a-una-torre-en-el-centro-nid13032026%2F%3Fvariant%3DA&amp;description_url=https%3A%2F%2Fwww.lanacion.com.ar%2Fel-mundo%2Fguerra-en-medio-oriente-las-imagenes-del-ataque-de-iran-con-drones-a-una-torre-en-el-centro-nid13032026%2F%3Fvariant%3DA&amp;video_doc_id=short_onecue&amp;cmsid=496&amp;kfa=0&amp;tfcd=0&amp;correlator=1773431113967&quot;,&quot;arcSite&quot;:&quot;la-nacion-ar&quot;}\">\n<div id=\"facade-5bL4FTH1\" class=\"content-facade-jw relative bg-black ratio-16-9\"><picture><source media=\"(max-width: 767px)\" srcset=\"https:\/\/resizer.glanacion.com\/resizer\/v2\/https%3A%2F%2Fcdn.jwplayer.com%2Fv2%2Fmedia%2F5bL4FTH1%2Fposter.jpg%3Fwidth%3D720?auth=eb056c2c71c697faccf231d83f3c5468a7adb28d87b730cd8ed9c14400501736&amp;width=480&amp;quality=70&amp;smart=false\"\/><\/picture><\/div>\n<\/div><figcaption class=\"border border-1 border-bottom border-light-300 relative px-16 py-8 min-h-36 w-100_md px-0_l mb-8 bg-white\"><span class=\"text ln-text text-16 block\">Consecuencias de la interceptaci\u00f3n de drones iran\u00edes en Dubai<\/span><\/figcaption><\/figure>\n<\/section>\n<\/div>\n<p class=\"com-paragraph   --s\">El centro es una <strong>zona econ\u00f3mica franca para bancos, operadores de capital y gestores de patrimonio<\/strong>, y alberga <strong>restaurantes exclusivos y clubes nocturnos para la \u00e9lite<\/strong> del emirato.<\/p>\n<div class=\"content-media\">\n<section role=\"button\" class=\"mod-media   \">\n<figure role=\"button\" tabindex=\"0\" class=\"mod-figure \"><figcaption class=\"mod-figcaption\"><span class=\"com-text --caption --twoxs\">Humo sobre Dubai<br \/>\n(AFP) <\/span><span class=\"com-text --credit --twoxs\">&#8211; &#8211; AFP<\/span><\/figcaption><\/figure>\n<\/section>\n<\/div>\n<p class=\"com-paragraph   --s\">Varios bancos importantes, incluidos prestamistas estadounidenses, tienen oficinas en este distrito financiero. Incluso varias empresas incentivaron a sus empleados a trabajar de manera remota ante el <strong>temor <\/strong>a m\u00e1s incidentes, como el banco estadounidense <strong>Citigroup<\/strong>, el brit\u00e1nico <strong>Standard Chartered<\/strong> y la empresa inglesa <strong>London Stock Exchange Group.<\/strong><\/p>\n<div class=\"content-media\">\n<section role=\"button\" class=\"mod-media   \">\n<figure role=\"button\" tabindex=\"0\" class=\"mod-figure \"><figcaption class=\"mod-figcaption\"><span class=\"com-text --caption --twoxs\">Edificio atacado por un ataque con drones a Dubai<br \/>\n(AP\/Altaf Qadri)<\/span><span class=\"com-text --credit --twoxs\">Altaf Qadri  &#8211; AP <\/span><\/figcaption><\/figure>\n<\/section>\n<\/div>\n<div class=\"content-media\">\n<section role=\"button\" class=\"mod-media   \">\n<figure role=\"button\" tabindex=\"0\" class=\"mod-figure \"><figcaption class=\"mod-figcaption\"><span class=\"com-text --caption --twoxs\">Humo en Dubai este viernes tras un ataque con drones<br \/>\n(AP)<\/span><span class=\"com-text --credit --twoxs\">AP Video<\/span><\/figcaption><\/figure>\n<\/section>\n<\/div>\n<div class=\"content-media\">\n<section role=\"button\" class=\"mod-media   \">\n<figure role=\"button\" tabindex=\"0\" class=\"mod-figure \"><figcaption class=\"mod-figcaption\"><span class=\"com-text --caption --twoxs\">El Dubai Creek Harbour da\u00f1ado por un ataque con drones<br \/>\n(AFP) <\/span><span class=\"com-text --credit --twoxs\">Agencia AFP &#8211; AFP <\/span><\/figcaption><\/figure>\n<\/section>\n<\/div>\n<p class=\"com-paragraph   --s\">Ir\u00e1n sigui\u00f3 apuntando contra instalaciones petroleras y otras infraestructuras en la regi\u00f3n del Golfo, y este viernes <strong>Arabia Saudita<\/strong> inform\u00f3 que derrib\u00f3 casi 50 drones enviados en m\u00faltiples oleadas.<\/p>\n<p class=\"com-paragraph   --s\">En <strong>Om\u00e1n<\/strong>, dos personas murieron cuando drones se estrellaron en una zona industrial de la regi\u00f3n de Sohar, inform\u00f3 la Agencia de Noticias de Om\u00e1n. Tambi\u00e9n sonaron sirenas en <strong>Bahr\u00e9in <\/strong>advirtiendo de fuego entrante.<\/p>\n<div class=\"content-media\">\n<section role=\"button\" class=\"mod-media   \">\n<figure role=\"button\" tabindex=\"0\" class=\"mod-figure \"><figcaption class=\"mod-figcaption\"><span class=\"com-text --caption --twoxs\">Personas buscan art\u00edculos de primera necesidad de edificios da\u00f1ados, en Teher\u00e1n<br \/>\n(Xinhua\/Shadati)<\/span><span class=\"com-text --credit --twoxs\">Sha Dati  &#8211; XinHua <\/span><\/figcaption><\/figure>\n<\/section>\n<\/div>\n<p class=\"com-paragraph   --s\">Los ataques con drones se produjeron un d\u00eda despu\u00e9s de que el nuevo l\u00edder supremo, el ayatollah <strong>Mojtaba Jamenei<\/strong>, prometiera <strong>\u201cvengar la sangre\u201d <\/strong>de los iran\u00edes muertos, y advirtiera a las naciones \u00e1rabes del Golfo que cerraran las bases norteamericanas porque la promesa de protegerlos <strong>\u201cno es nada m\u00e1s que una mentira\u201d.<\/strong><\/p>\n<section class=\"container-center-100 mb-40 border border-bottom border-thin border-neutral-light-700\">\n<hr\/>\n<\/section>\n<\/div>\n\n","protected":false},"excerpt":{"rendered":"<p>El distrito financiero e industrial de Dubai fue atacado por un dron, presuntamente iran\u00ed, este viernes por la ma\u00f1ana, y los restos del ataque del r\u00e9gimen isl\u00e1mico interceptado da\u00f1aron un edificio. Ir\u00e1n atac\u00f3 con drones el centro financiero de Dubai (AFP) &#8211; &#8211; AFP Las im\u00e1genes del Centro Financiero Internacional muestran enormes columnas de humo [&hellip;]<\/p>\n","protected":false},"author":2,"featured_media":229132,"comment_status":"closed","ping_status":"closed","sticky":false,"template":"","format":"standard","meta":{"footnotes":""},"categories":[1],"tags":[],"class_list":["post-229131","post","type-post","status-publish","format-standard","has-post-thumbnail","hentry","category-uncategorized"],"_links":{"self":[{"href":"https:\/\/radioacuariofm.com.ar\/index.php?rest_route=\/wp\/v2\/posts\/229131","targetHints":{"allow":["GET"]}}],"collection":[{"href":"https:\/\/radioacuariofm.com.ar\/index.php?rest_route=\/wp\/v2\/posts"}],"about":[{"href":"https:\/\/radioacuariofm.com.ar\/index.php?rest_route=\/wp\/v2\/types\/post"}],"author":[{"embeddable":true,"href":"https:\/\/radioacuariofm.com.ar\/index.php?rest_route=\/wp\/v2\/users\/2"}],"replies":[{"embeddable":true,"href":"https:\/\/radioacuariofm.com.ar\/index.php?rest_route=%2Fwp%2Fv2%2Fcomments&post=229131"}],"version-history":[{"count":1,"href":"https:\/\/radioacuariofm.com.ar\/index.php?rest_route=\/wp\/v2\/posts\/229131\/revisions"}],"predecessor-version":[{"id":229133,"href":"https:\/\/radioacuariofm.com.ar\/index.php?rest_route=\/wp\/v2\/posts\/229131\/revisions\/229133"}],"wp:featuredmedia":[{"embeddable":true,"href":"https:\/\/radioacuariofm.com.ar\/index.php?rest_route=\/wp\/v2\/media\/229132"}],"wp:attachment":[{"href":"https:\/\/radioacuariofm.com.ar\/index.php?rest_route=%2Fwp%2Fv2%2Fmedia&parent=229131"}],"wp:term":[{"taxonomy":"category","embeddable":true,"href":"https:\/\/radioacuariofm.com.ar\/index.php?rest_route=%2Fwp%2Fv2%2Fcategories&post=229131"},{"taxonomy":"post_tag","embeddable":true,"href":"https:\/\/radioacuariofm.com.ar\/index.php?rest_route=%2Fwp%2Fv2%2Ftags&post=229131"}],"curies":[{"name":"wp","href":"https:\/\/api.w.org\/{rel}","templated":true}]}}