{"id":229110,"date":"2026-03-13T14:24:21","date_gmt":"2026-03-13T17:24:21","guid":{"rendered":"https:\/\/radioacuariofm.com.ar\/?p=229110"},"modified":"2026-03-13T14:24:22","modified_gmt":"2026-03-13T17:24:22","slug":"se-realizo-una-campana-de-donacion-de-cabello-para-pacientes-oncologicos-en-albardon","status":"publish","type":"post","link":"https:\/\/radioacuariofm.com.ar\/?p=229110","title":{"rendered":"Se realiz\u00f3 una campa\u00f1a de donaci\u00f3n de cabello para pacientes oncol\u00f3gicos en Albard\u00f3n"},"content":{"rendered":"<p><\/p>\n<div>\n<p>La sala de espera del Hospital Dr. Jos\u00e9 Giordano de Albard\u00f3n fue el escenario de la campa\u00f1a solidaria de donaci\u00f3n de cabello destinada a la confecci\u00f3n de pelucas para pacientes oncol\u00f3gicos. La iniciativa convoc\u00f3 a la comunidad en una jornada marcada por la empat\u00eda, el compromiso y el acompa\u00f1amiento a quienes atraviesan tratamientos contra el c\u00e1ncer.<\/p>\n<p>La actividad cont\u00f3 con la participaci\u00f3n de la Direcci\u00f3n de Relaciones Hospitalarias, a cargo de Natalia Schiaroli, junto a la directora del hospital, Marcela Romero, y su equipo de trabajo. Tambi\u00e9n form\u00f3 parte de la jornada la Fundaci\u00f3n Cadena de Favores, liderada por Maximiliano Zacar\u00edas, quienes acompa\u00f1aron y colaboraron en el desarrollo de esta acci\u00f3n solidaria.<\/p>\n<p>La jornada cont\u00f3 con la participaci\u00f3n de 50 personas que decidieron donar su cabello, sum\u00e1ndose a este gesto solidario que busca brindar contenci\u00f3n y mejorar la calidad de vida de quienes enfrentan la enfermedad.<\/p>\n<p>Las pelucas confeccionadas a partir de estas donaciones son entregadas de manera gratuita y en calidad de pr\u00e9stamo a pacientes oncol\u00f3gicos. Una vez finalizado el tratamiento, las mismas pueden ser reutilizadas por otra persona que las necesite, promoviendo as\u00ed una cadena solidaria que beneficia a m\u00e1s pacientes.<\/p>\n<p>Este tipo de acciones ya se ha llevado adelante en otros hospitales de la provincia, como ocurri\u00f3 anteriormente en el Hospital 25 de Mayo, fortaleciendo una red de colaboraci\u00f3n que involucra a instituciones de salud y a la comunidad.<\/p>\n<\/p><\/div>\n<p><script async defer crossorigin=\"anonymous\" src=\"https:\/\/connect.facebook.net\/es_ES\/sdk.js#xfbml=1&#038;version=v3.3\"><\/script><\/p>\n","protected":false},"excerpt":{"rendered":"<p>La sala de espera del Hospital Dr. Jos\u00e9 Giordano de Albard\u00f3n fue el escenario de la campa\u00f1a solidaria de donaci\u00f3n de cabello destinada a la confecci\u00f3n de pelucas para pacientes oncol\u00f3gicos. La iniciativa convoc\u00f3 a la comunidad en una jornada marcada por la empat\u00eda, el compromiso y el acompa\u00f1amiento a quienes atraviesan tratamientos contra el [&hellip;]<\/p>\n","protected":false},"author":2,"featured_media":229111,"comment_status":"closed","ping_status":"closed","sticky":false,"template":"","format":"standard","meta":{"footnotes":""},"categories":[27],"tags":[],"class_list":["post-229110","post","type-post","status-publish","format-standard","has-post-thumbnail","hentry","category-san-juan"],"_links":{"self":[{"href":"https:\/\/radioacuariofm.com.ar\/index.php?rest_route=\/wp\/v2\/posts\/229110","targetHints":{"allow":["GET"]}}],"collection":[{"href":"https:\/\/radioacuariofm.com.ar\/index.php?rest_route=\/wp\/v2\/posts"}],"about":[{"href":"https:\/\/radioacuariofm.com.ar\/index.php?rest_route=\/wp\/v2\/types\/post"}],"author":[{"embeddable":true,"href":"https:\/\/radioacuariofm.com.ar\/index.php?rest_route=\/wp\/v2\/users\/2"}],"replies":[{"embeddable":true,"href":"https:\/\/radioacuariofm.com.ar\/index.php?rest_route=%2Fwp%2Fv2%2Fcomments&post=229110"}],"version-history":[{"count":1,"href":"https:\/\/radioacuariofm.com.ar\/index.php?rest_route=\/wp\/v2\/posts\/229110\/revisions"}],"predecessor-version":[{"id":229112,"href":"https:\/\/radioacuariofm.com.ar\/index.php?rest_route=\/wp\/v2\/posts\/229110\/revisions\/229112"}],"wp:featuredmedia":[{"embeddable":true,"href":"https:\/\/radioacuariofm.com.ar\/index.php?rest_route=\/wp\/v2\/media\/229111"}],"wp:attachment":[{"href":"https:\/\/radioacuariofm.com.ar\/index.php?rest_route=%2Fwp%2Fv2%2Fmedia&parent=229110"}],"wp:term":[{"taxonomy":"category","embeddable":true,"href":"https:\/\/radioacuariofm.com.ar\/index.php?rest_route=%2Fwp%2Fv2%2Fcategories&post=229110"},{"taxonomy":"post_tag","embeddable":true,"href":"https:\/\/radioacuariofm.com.ar\/index.php?rest_route=%2Fwp%2Fv2%2Ftags&post=229110"}],"curies":[{"name":"wp","href":"https:\/\/api.w.org\/{rel}","templated":true}]}}