{"id":229096,"date":"2026-03-13T12:52:49","date_gmt":"2026-03-13T15:52:49","guid":{"rendered":"https:\/\/radioacuariofm.com.ar\/?p=229096"},"modified":"2026-03-13T12:52:50","modified_gmt":"2026-03-13T15:52:50","slug":"ataque-de-ee-uu-un-analista-internacional-sembro-dudas-sobre-el-poder-del-nuevo-lider-de-iran-y-las-heridas-que-sufrio","status":"publish","type":"post","link":"https:\/\/radioacuariofm.com.ar\/?p=229096","title":{"rendered":"Ataque de EE.UU.: un analista internacional sembr\u00f3 dudas sobre el poder del nuevo l\u00edder de Ir\u00e1n y las heridas que sufri\u00f3"},"content":{"rendered":"<p> <br \/>\n<\/p>\n<div>\n<p class=\"com-paragraph  --capital --s\">El secretario de Guerra de Estados Unidos, <strong>Pete Hegseth<\/strong>, asegur\u00f3 que el <strong>ayatollah Mojtaba Khamenei<\/strong>, est\u00e1<strong> \u201cherido y probablemente desfigurado\u201d<\/strong>. <a href=\"https:\/\/www.lanacion.com.ar\/el-mundo\/un-analista-internacional-hablo-de-la-guerra-asimetrica-en-medio-oriente-y-explico-por-que-es-clave-nid11032026\/\" target=\"_self\" title=\"https:\/\/www.lanacion.com.ar\/el-mundo\/un-analista-internacional-hablo-de-la-guerra-asimetrica-en-medio-oriente-y-explico-por-que-es-clave-nid11032026\/\" class=\"com-link break-word\" data-mrf-recirculation=\"n_link_parrafo\"><strong>Andr\u00e9s Repetto<\/strong><\/a>, analista internacional,<strong> sembr\u00f3 dudas acerca de esta afirmaci\u00f3n oficial y expuso su punto de vista<\/strong>.<\/p>\n<p class=\"com-paragraph   --s\">\u201cTodo parte de la narrativa\u201d, afirm\u00f3 en <em>LN+<\/em>, al tiempo que se\u00f1al\u00f3 que<strong> la Guardia Revolucionaria iran\u00ed \u201cest\u00e1 generando una omnipresencia de un hombre que no vimos ni escuchamos\u201d<\/strong>. <\/p>\n<div class=\"content-media cursor-pointer container-center-100\">\n<section class=\"media-container relative ratio-16-9 mod-media pb-32\">\n<figure class=\"mod-video\">\n<div class=\"video-player bg-black ratio-16-9\" data-has-jwplayer=\"true\" data-video-id-jw=\"yG9RK07B\" data-config=\"{&quot;title&quot;:&quot;Andres Repetto, analista internacional &quot;,&quot;mediaId&quot;:&quot;yG9RK07B&quot;,&quot;playerId&quot;:&quot;ih0086X3&quot;,&quot;playlist&quot;:[{&quot;mediaid&quot;:&quot;yG9RK07B&quot;,&quot;sources&quot;:[{&quot;file&quot;:&quot;https:\/\/cdn.jwplayer.com\/manifests\/yG9RK07B.m3u8&quot;,&quot;type&quot;:&quot;application\/vnd.apple.mpegurl&quot;},{&quot;bitrate&quot;:328437,&quot;file&quot;:&quot;https:\/\/cdn.jwplayer.com\/videos\/yG9RK07B-kTExGaWf.mp4&quot;,&quot;filesize&quot;:27383467,&quot;framerate&quot;:25,&quot;height&quot;:180,&quot;label&quot;:&quot;180p&quot;,&quot;type&quot;:&quot;video\/mp4&quot;,&quot;width&quot;:320},{&quot;bitrate&quot;:502531,&quot;file&quot;:&quot;https:\/\/cdn.jwplayer.com\/videos\/yG9RK07B-K8B0kybS.mp4&quot;,&quot;filesize&quot;:41898524,&quot;framerate&quot;:25,&quot;height&quot;:270,&quot;label&quot;:&quot;270p&quot;,&quot;type&quot;:&quot;video\/mp4&quot;,&quot;width&quot;:480},{&quot;bitrate&quot;:1294338,&quot;file&quot;:&quot;https:\/\/cdn.jwplayer.com\/videos\/yG9RK07B-46NIuRKO.mp4&quot;,&quot;filesize&quot;:107915475,&quot;framerate&quot;:25,&quot;height&quot;:720,&quot;label&quot;:&quot;720p&quot;,&quot;type&quot;:&quot;video\/mp4&quot;,&quot;width&quot;:1280},{&quot;bitrate&quot;:113550,&quot;file&quot;:&quot;https:\/\/cdn.jwplayer.com\/videos\/yG9RK07B-hz5z2Tv4.m4a&quot;,&quot;filesize&quot;:9467251,&quot;label&quot;:&quot;AAC Audio&quot;,&quot;type&quot;:&quot;audio\/mp4&quot;},{&quot;bitrate&quot;:2550312,&quot;file&quot;:&quot;https:\/\/cdn.jwplayer.com\/videos\/yG9RK07B-SomplJdm.mp4&quot;,&quot;filesize&quot;:212632324,&quot;framerate&quot;:25,&quot;height&quot;:1080,&quot;label&quot;:&quot;1080p&quot;,&quot;type&quot;:&quot;video\/mp4&quot;,&quot;width&quot;:1920},{&quot;bitrate&quot;:578634,&quot;file&quot;:&quot;https:\/\/cdn.jwplayer.com\/videos\/yG9RK07B-FnZGUVnC.mp4&quot;,&quot;filesize&quot;:48243669,&quot;framerate&quot;:25,&quot;height&quot;:360,&quot;label&quot;:&quot;360p&quot;,&quot;type&quot;:&quot;video\/mp4&quot;,&quot;width&quot;:640},{&quot;bitrate&quot;:849778,&quot;file&quot;:&quot;https:\/\/cdn.jwplayer.com\/videos\/yG9RK07B-0G6Pwvlw.mp4&quot;,&quot;filesize&quot;:70850285,&quot;framerate&quot;:25,&quot;height&quot;:540,&quot;label&quot;:&quot;540p&quot;,&quot;type&quot;:&quot;video\/mp4&quot;,&quot;width&quot;:960}]}],&quot;hasAutoplay&quot;:false,&quot;autostart&quot;:true,&quot;tagsUrl&quot;:&quot;https:\/\/pubads.g.doubleclick.net\/gampad\/ads?slotname=\/133919216\/la_nacion_video\/nota\/preroll&amp;sz=640x480|400x300&amp;ciu_szs=300x250&amp;unviewed_position_start=1&amp;output=vast&amp;impl=s&amp;env=vp&amp;gdfp_req=1&amp;ad_rule=0&amp;vad_type=linear&amp;vpos=preroll&amp;cust_params=tags_nuevos%3Dte_guerra_en_medio_oriente%2Cte_iran%2Cte_israel%2Cte_estados_unidos%2Cte_ln_%2Cte_audiencia%2Cca_el_mundo%2Cca_ln_%2C%2CIA6HL6WKUNDBVHIR7N4E3TTVTA&amp;pod=3&amp;ppos=1&amp;lip=true&amp;min_ad_duration=0&amp;max_ad_duration=30000&amp;vrid=6256&amp;url=https%3A%2F%2Fwww.lanacion.com.ar%2Fel-mundo%2Fataque-de-eeuu-un-analista-internacional-sembro-dudas-sobre-el-poder-del-nuevo-lider-de-iran-y-las-nid13032026%2F%3Fvariant%3DA&amp;description_url=https%3A%2F%2Fwww.lanacion.com.ar%2Fel-mundo%2Fataque-de-eeuu-un-analista-internacional-sembro-dudas-sobre-el-poder-del-nuevo-lider-de-iran-y-las-nid13032026%2F%3Fvariant%3DA&amp;video_doc_id=short_onecue&amp;cmsid=496&amp;kfa=0&amp;tfcd=0&amp;correlator=1773416697464&quot;,&quot;arcSite&quot;:&quot;la-nacion-ar&quot;}\">\n<div id=\"facade-yG9RK07B\" class=\"content-facade-jw relative bg-black ratio-16-9\"><picture><source media=\"(max-width: 767px)\" srcset=\"https:\/\/resizer.glanacion.com\/resizer\/v2\/https%3A%2F%2Fcdn.jwplayer.com%2Fv2%2Fmedia%2FyG9RK07B%2Fposter.jpg%3Fwidth%3D720?auth=323accd076dbde1b8235fc0fed6833442693d6d82e4c2e04ca3f14136262f64c&amp;width=480&amp;quality=70&amp;smart=false\"\/><\/picture><\/div>\n<\/div><figcaption class=\"border border-1 border-bottom border-light-300 relative px-16 py-8 min-h-36 w-100_md px-0_l mb-8 bg-white\"><span class=\"text ln-text text-16 block\">Andres Repetto, analista internacional <\/span><\/figcaption><\/figure>\n<\/section>\n<\/div>\n<p class=\"com-paragraph   --s\">Ir\u00e1n convoc\u00f3 a decenas de miles de <strong>manifestantes progubernamentales a salir a las calles en apoyo de la teocracia<\/strong>, en lo que pretende ser una demostraci\u00f3n de fuerza despu\u00e9s de d\u00edas de protestas que desafiaron directamente el gobierno del l\u00edder supremo de 86 a\u00f1os, el ayatollah <strong>Ali Khamenei<\/strong>. <\/p>\n<p class=\"com-paragraph   --s\">Al respecto, Repetto analiz\u00f3: <strong>\u201cEn las calles todav\u00eda vemos gente a favor del r\u00e9gimen del nuevo ayatollah\u201d<\/strong>. <\/p>\n<div class=\"content-media\">\n<section role=\"button\" class=\"mod-media   \">\n<figure role=\"button\" tabindex=\"0\" class=\"mod-figure \"><figcaption class=\"mod-figcaption\"><span class=\"com-text --caption --twoxs\">Humo negro se eleva despu\u00e9s de un ataque a\u00e9reo mientras iran\u00edes, algunos mostrando la bandera nacional, participan en la manifestaci\u00f3n del D\u00eda de Al-Quds<\/span><span class=\"com-text --credit --twoxs\">&#8211;  &#8211; AFP <\/span><\/figcaption><\/figure>\n<\/section>\n<\/div>\n<p class=\"com-paragraph   --s\"><strong>\u201cIr\u00e1n nunca va a poder competir, no tiene la capacidad<\/strong>. Trump incluso dijo que ya le hundieron todos los barcos porque Ir\u00e1n nunca tuvo una gran flota\u201d, sostuvo Repetto. <\/p>\n<p class=\"com-paragraph   --s\">Sobre este punto, destac\u00f3 que<strong> Ir\u00e1n podr\u00eda ampliar la utilizaci\u00f3n de las lanchas que present\u00f3 el a\u00f1o pasado, con las que ya hundi\u00f3 buques petroleros<\/strong>. Paraleliz\u00f3 la situaci\u00f3n de Ir\u00e1n con la de Ucrania, que tambi\u00e9n despleg\u00f3 lanchas para combatir contra Rusia.<\/p>\n<div class=\"content-media\">\n<section role=\"button\" class=\"mod-media   \">\n<figure role=\"button\" tabindex=\"0\" class=\"mod-figure \"><figcaption class=\"mod-figcaption\"><span class=\"com-text --caption --twoxs\">La influencia de la guerra en Ir\u00e1n sobre los precios del petr\u00f3leo es una carta para Putin.<\/span><span class=\"com-text --credit --twoxs\">Getty Images<\/span><\/figcaption><\/figure>\n<\/section>\n<\/div>\n<p class=\"com-paragraph   --s\">Seg\u00fan Repetto, <strong>el conflicto b\u00e9lico es \u201ca todo o nada\u201d <\/strong>y<strong> \u201cla victoria del r\u00e9gimen es sobrevivir\u201d<\/strong>. <\/p>\n<p class=\"com-paragraph   --s\">Adem\u00e1s, sobre el final de la entrevista, <strong>el analista remarc\u00f3 prestar especial atenci\u00f3n a \u201cla carta de lo impredecible\u201d porque \u201csiempre est\u00e1 presente\u201d<\/strong>. \u201cSi llega a haber un ataque grande en suelo estadounidense, hay que ver qu\u00e9 posici\u00f3n toma Trump\u201d, concluy\u00f3.<em> <\/em><\/p>\n<section class=\"container-center-100 mb-40 border border-bottom border-thin border-neutral-light-700\">\n<hr\/>\n<\/section>\n<\/div>\n\n","protected":false},"excerpt":{"rendered":"<p>El secretario de Guerra de Estados Unidos, Pete Hegseth, asegur\u00f3 que el ayatollah Mojtaba Khamenei, est\u00e1 \u201cherido y probablemente desfigurado\u201d. Andr\u00e9s Repetto, analista internacional, sembr\u00f3 dudas acerca de esta afirmaci\u00f3n oficial y expuso su punto de vista. \u201cTodo parte de la narrativa\u201d, afirm\u00f3 en LN+, al tiempo que se\u00f1al\u00f3 que la Guardia Revolucionaria iran\u00ed \u201cest\u00e1 [&hellip;]<\/p>\n","protected":false},"author":2,"featured_media":229097,"comment_status":"closed","ping_status":"closed","sticky":false,"template":"","format":"standard","meta":{"footnotes":""},"categories":[1],"tags":[],"class_list":["post-229096","post","type-post","status-publish","format-standard","has-post-thumbnail","hentry","category-uncategorized"],"_links":{"self":[{"href":"https:\/\/radioacuariofm.com.ar\/index.php?rest_route=\/wp\/v2\/posts\/229096","targetHints":{"allow":["GET"]}}],"collection":[{"href":"https:\/\/radioacuariofm.com.ar\/index.php?rest_route=\/wp\/v2\/posts"}],"about":[{"href":"https:\/\/radioacuariofm.com.ar\/index.php?rest_route=\/wp\/v2\/types\/post"}],"author":[{"embeddable":true,"href":"https:\/\/radioacuariofm.com.ar\/index.php?rest_route=\/wp\/v2\/users\/2"}],"replies":[{"embeddable":true,"href":"https:\/\/radioacuariofm.com.ar\/index.php?rest_route=%2Fwp%2Fv2%2Fcomments&post=229096"}],"version-history":[{"count":1,"href":"https:\/\/radioacuariofm.com.ar\/index.php?rest_route=\/wp\/v2\/posts\/229096\/revisions"}],"predecessor-version":[{"id":229098,"href":"https:\/\/radioacuariofm.com.ar\/index.php?rest_route=\/wp\/v2\/posts\/229096\/revisions\/229098"}],"wp:featuredmedia":[{"embeddable":true,"href":"https:\/\/radioacuariofm.com.ar\/index.php?rest_route=\/wp\/v2\/media\/229097"}],"wp:attachment":[{"href":"https:\/\/radioacuariofm.com.ar\/index.php?rest_route=%2Fwp%2Fv2%2Fmedia&parent=229096"}],"wp:term":[{"taxonomy":"category","embeddable":true,"href":"https:\/\/radioacuariofm.com.ar\/index.php?rest_route=%2Fwp%2Fv2%2Fcategories&post=229096"},{"taxonomy":"post_tag","embeddable":true,"href":"https:\/\/radioacuariofm.com.ar\/index.php?rest_route=%2Fwp%2Fv2%2Ftags&post=229096"}],"curies":[{"name":"wp","href":"https:\/\/api.w.org\/{rel}","templated":true}]}}