{"id":229090,"date":"2026-03-13T12:13:23","date_gmt":"2026-03-13T15:13:23","guid":{"rendered":"https:\/\/radioacuariofm.com.ar\/?p=229090"},"modified":"2026-03-13T12:13:24","modified_gmt":"2026-03-13T15:13:24","slug":"agenda-deportiva-para-el-fin-de-semana-en-san-juan-69","status":"publish","type":"post","link":"https:\/\/radioacuariofm.com.ar\/?p=229090","title":{"rendered":"Agenda deportiva para el fin de semana en San Juan"},"content":{"rendered":"<p><\/p>\n<div>\n<p>Durante el fin de semana del viernes 13 al domingo 15 de marzo de 2026, en San Juan habr\u00e1 una variada oferta de eventos deportivos recreativos y\/o competitivos. Todos ellos estar\u00e1n a disposici\u00f3n para la participaci\u00f3n y el disfrute de los sanjuaninos y las sanjuaninas.<\/p>\n<p>A continuaci\u00f3n, el resumen con la informaci\u00f3n de la agenda deportiva local para este receso semanal:<\/p>\n<p><strong>Escuela Provincial de Arbitraje<\/strong><\/p>\n<p>El acto por inicio de clases del ciclo lectivo 2026 ser\u00e1 este viernes 13 de marzo, desde las 18:15, en <strong>Teatro Sarmiento,<\/strong> Capital. Ser\u00e1 obligatoria la asistencia, sin excepci\u00f3n, para todos los alumnos inscriptos.<\/p>\n<p>M\u00e1s informaci\u00f3n: <br \/><a href=\"https:\/\/sisanjuan.gob.ar\/23-deportes\/2026-02-23\/66330-se-realizo-el-lanzamiento-del-ciclo-2026-de-la-escuela-provincial-de-arbitraje\" target=\"_blank\" rel=\"noopener noreferrer\">Conferencia de prensa lanzamiento de ciclo lectivo 2026.<\/a><\/p>\n<p><strong>Futsal \u2013 Copa de Campeones 2026<\/strong><\/p>\n<p>Este viernes 13 de marzo por la noche, en el <strong>estadio cubierto Aldo Cantoni<\/strong> se disputar\u00e1n los partidos de vuelta en la categor\u00eda Primera masculino. Gurkas y Cooperativa jugar\u00e1n en Reserva desde las 21 ; y a las 22:30 lo har\u00e1n Sportivo 25 de Mayo vs. Uni\u00f3n Deportiva Caucetera en Primera.<\/p>\n<p><strong>Curso Provincial de Guardavidas 2026<\/strong><\/p>\n<p>Este s\u00e1bado 14 de marzo, desde las 10, en el Dique Punta Negra, cerca de 30 aspirantes realizar\u00e1n las pruebas pertinentes de ingreso que deben aprobar para iniciar el cursado.<\/p>\n<p><a href=\"https:\/\/sisanjuan.gob.ar\/23-deportes\/2026-03-12\/66568-aspirantes-rinden-ingreso-al-curso-provincial-de-guardavidas-profesional-nautico\" target=\"_blank\" rel=\"noopener noreferrer\">M\u00e1s informaci\u00f3n en el siguiente enlace.<\/a><\/p>\n<p><strong>Ciclismo en ruta<\/strong><\/p>\n<p><strong>Libres y M\u00e1ster:<\/strong> este s\u00e1bado 14 se llevar\u00e1 a cabo la octava edici\u00f3n de la carrera en homenaje al reconocido exciclista El\u00edas Pereyra. La largada ser\u00e1 a las 16 en Camping El Pinar, Rivadavia. La competencia ser\u00e1 organizada por Club Sergio Payaso Valdez y Asociaci\u00f3n Civil A Pedal San Juan.<\/p>\n<p><strong>Atletismo<\/strong><\/p>\n<p>Este fin de semana comenzar\u00e1 el Torneo Apertura 2026 que organiza y fiscaliza Federaci\u00f3n Atl\u00e9tica Sanjuanina. La competencia ser\u00e1 este s\u00e1bado 14 de marzo, desde las 17 en adelante, en la pista y campo del Centro de Educaci\u00f3n F\u00edsica N\u00b0 20, conocido como La Granja, en Santa Luc\u00eda.<\/p>\n<p><strong>Hockey sobre c\u00e9sped<\/strong><\/p>\n<p>Este fin de semana en las canchas del Centro de Educaci\u00f3n F\u00edsica N\u00b0 20 \u2013 La Granja habr\u00e1 actividad en varias categor\u00edas. El s\u00e1bado 14, entre las 17 y 22 , se jugar\u00e1 un torneo de mamis hockey en modalidad seven (siete jugadoras por equipo). Y el domingo 15 se disputar\u00e1n partidos del M\u00e1ster de hockey c\u00e9sped de la Asociaci\u00f3n (8 a 12 horas) y de la Liga Social de hockey c\u00e9sped (14 a 21 horas).<\/p>\n<p><strong>F\u00fatbol \u2013 Copa de Campeones \u2013 Sub 13 y Sub 15<\/strong><\/p>\n<p>Las finales de ambos torneos se jugar\u00e1n este domingo 15 en el estadio San Juan del Bicentenario, Pocito. En el turno ma\u00f1ana se definir\u00e1 la Copa Plata. A las 9 jugar\u00e1n Deportivo Rinc\u00f3n vs. Arroyito (Sub 13) y al t\u00e9rmino lo har\u00e1n Sportivo 25 de Mayo vs. General Belgrano (Sub 15). Por la tarde se disputar\u00e1 la Copa Oro. A las 15:30, jugar\u00e1n ADA de Albard\u00f3n vs. Deportivo Rinc\u00f3n (Sub 15) y luego General Belgrano vs. ADA (Sub 13).<\/p>\n<p><strong>Ciclismo de monta\u00f1a<\/strong><\/p>\n<p>Este domingo 15 se disputar\u00e1 la primera fecha del campeonato sanjuanino 2026. El circuito inaugural ser\u00e1 Loma de las Tapias, Ullum. La largada ser\u00e1 en el bosquecito del embarcadero del dique, a las 9 (promocionales) y 9:30 (competitivas).<\/p>\n<p><a href=\"https:\/\/sisanjuan.gob.ar\/23-deportes\/2026-02-26\/66378-ciclismo-de-montana-el-calendario-sanjuanino-2026-tendra-siete-fechas\" target=\"_blank\" rel=\"noopener noreferrer\">Calendario completo del campeonato 2026.<\/a><\/p>\n<p><strong>B\u00e1squet<\/strong><br \/><strong>Urquiza en Liga Federal 2026<\/strong><\/p>\n<p>El debut del equipo sanjuanino ser\u00e1 este s\u00e1bado 14, desde las 19 , ante Banda Norte de R\u00edo Cuarto, C\u00f3rdoba, en cancha de Urquiza.<\/p>\n<p><a href=\"https:\/\/sisanjuan.gob.ar\/23-deportes\/2026-03-10\/66530-urquiza-inicia-su-camino-en-la-liga-federal-de-basquet-2026\" target=\"_blank\" rel=\"noopener noreferrer\">Plantel y fixture completo de Club Urquiza.<\/a><\/p>\n<p><strong>Futsal<\/strong><\/p>\n<p>Esta noche comenzar\u00e1 la segunda fecha del Torneo Apertura 2026 en Primera masculino, campeonato perteneciente al Departamento Futsal de Liga Sanjuanina de F\u00fatbol. A continuaci\u00f3n, el detalle completo.<\/p>\n<p>Viernes 13 marzo: Sindicato Empleados de Comercio vs. Barrio Escobar en Camping SEC (21 h); Las \u00c1guilas vs. Barrio CGT Rawson en Barrio Las Garzas (21 h); Sportivo Desamparados vs. Barrio de Pie en Camping Poder Judicial (21 h); Barrio Mercedario vs. Villa Porres en Barrio Procesa Sarmiento (21 h); La Gloria vs. Hualil\u00e1n en Enfermera Medina (21 h); Uni\u00f3n de Villa Krause vs. Defensores de Argentinos en el Gigante de Rawson (21 h); y Barrio Rivadavia vs. Alianza en CESAP (21 h).<\/p>\n<p>Domingo 15 marzo: Krause vs. Minero en Barrio Altas Cumbres (20 h).<\/p>\n<p>Reserva: los partidos en esta categor\u00eda iniciar\u00e1n una hora antes que Primera.<\/p>\n<p><strong>F\u00fatbol<\/strong><\/p>\n<p>Este fin de semana habr\u00e1 actividad variada en distintas categor\u00edas de Liga Sanjuanina de F\u00fatbol. A continuaci\u00f3n, el detalle completo.<\/p>\n<p><strong>Primera Divisi\u00f3n \u2013 Masculino:<\/strong> programaci\u00f3n de la sexta fecha del Torneo Apertura 2026.<\/p>\n<p>S\u00e1bado 14 marzo: Villa Ib\u00e1\u00f1ez vs. Trinidad en cancha de San Lorenzo de Ull\u00fam.<\/p>\n<p>Domingo 15 marzo: Pe\u00f1arol vs. San Lorenzo de Ull\u00fam en cancha de Pe\u00f1arol, Chimbas; Sp. 9 de Julio vs. L\u00f3pez Pel\u00e1ez en Sp. 9 de Julio; Sarmiento de Zonda vs. Minero en cancha de Sarmiento; Alianza vs. Atenas en Alianza; Sp. Rivadavia vs. Col\u00f3n Junior en Sp. Rivadavia; Carpinter\u00eda vs. Defensores de Argentinos en Carpinter\u00eda; Uni\u00f3n de Villa Krause vs. Juventud Zondina en Uni\u00f3n (17 h en Cuarta Divisi\u00f3n, 19:30 h en Primera; Sp. Desamparados vs. Marquesado en Sp. Desamparados (18 h en Cuarta Divisi\u00f3n, 20 h en Primera).<\/p>\n<p><strong>Segunda Divisi\u00f3n \u2013 Masculino:<\/strong> programaci\u00f3n de la primera fecha del Torneo Apertura 2026.<\/p>\n<p>S\u00e1bado 14 marzo: \u00c1rbol Verde vs. Los Pumas en \u00c1rbol Verde; Recabarren vs. Punteto en Recabarren; Defensores de los Andes vs. Juventud Rivera; Villa Obrera vs. Juventud Ullunera en Villa Obrera; San Dami\u00e1n vs. Huarpes en San Dami\u00e1n; Fiorito vs. Del Bono en Fiorito; Libertad Juvenil vs. El Globo en Libertad Juvenil.<\/p>\n<p>Domingo 15 marzo: Centenario Ol\u00edmpico vs. San Agust\u00edn en Centenario; Sp. Pic\u00f3n vs. Juventud Unida en Sp. Pic\u00f3n; Villa Hip\u00f3dromo vs. Aberastain en Villa Hip\u00f3dromo.<\/p>\n<p>Horarios de partidos: 14:30 en Cuarta Divisi\u00f3n y 17:00 en Primera Divisi\u00f3n.<\/p>\n<\/p><\/div>\n<p><script async defer crossorigin=\"anonymous\" src=\"https:\/\/connect.facebook.net\/es_ES\/sdk.js#xfbml=1&#038;version=v3.3\"><\/script><\/p>\n","protected":false},"excerpt":{"rendered":"<p>Durante el fin de semana del viernes 13 al domingo 15 de marzo de 2026, en San Juan habr\u00e1 una variada oferta de eventos deportivos recreativos y\/o competitivos. Todos ellos estar\u00e1n a disposici\u00f3n para la participaci\u00f3n y el disfrute de los sanjuaninos y las sanjuaninas. A continuaci\u00f3n, el resumen con la informaci\u00f3n de la agenda [&hellip;]<\/p>\n","protected":false},"author":2,"featured_media":229091,"comment_status":"closed","ping_status":"closed","sticky":false,"template":"","format":"standard","meta":{"footnotes":""},"categories":[27],"tags":[],"class_list":["post-229090","post","type-post","status-publish","format-standard","has-post-thumbnail","hentry","category-san-juan"],"_links":{"self":[{"href":"https:\/\/radioacuariofm.com.ar\/index.php?rest_route=\/wp\/v2\/posts\/229090","targetHints":{"allow":["GET"]}}],"collection":[{"href":"https:\/\/radioacuariofm.com.ar\/index.php?rest_route=\/wp\/v2\/posts"}],"about":[{"href":"https:\/\/radioacuariofm.com.ar\/index.php?rest_route=\/wp\/v2\/types\/post"}],"author":[{"embeddable":true,"href":"https:\/\/radioacuariofm.com.ar\/index.php?rest_route=\/wp\/v2\/users\/2"}],"replies":[{"embeddable":true,"href":"https:\/\/radioacuariofm.com.ar\/index.php?rest_route=%2Fwp%2Fv2%2Fcomments&post=229090"}],"version-history":[{"count":1,"href":"https:\/\/radioacuariofm.com.ar\/index.php?rest_route=\/wp\/v2\/posts\/229090\/revisions"}],"predecessor-version":[{"id":229092,"href":"https:\/\/radioacuariofm.com.ar\/index.php?rest_route=\/wp\/v2\/posts\/229090\/revisions\/229092"}],"wp:featuredmedia":[{"embeddable":true,"href":"https:\/\/radioacuariofm.com.ar\/index.php?rest_route=\/wp\/v2\/media\/229091"}],"wp:attachment":[{"href":"https:\/\/radioacuariofm.com.ar\/index.php?rest_route=%2Fwp%2Fv2%2Fmedia&parent=229090"}],"wp:term":[{"taxonomy":"category","embeddable":true,"href":"https:\/\/radioacuariofm.com.ar\/index.php?rest_route=%2Fwp%2Fv2%2Fcategories&post=229090"},{"taxonomy":"post_tag","embeddable":true,"href":"https:\/\/radioacuariofm.com.ar\/index.php?rest_route=%2Fwp%2Fv2%2Ftags&post=229090"}],"curies":[{"name":"wp","href":"https:\/\/api.w.org\/{rel}","templated":true}]}}