{"id":229066,"date":"2026-03-13T09:35:35","date_gmt":"2026-03-13T12:35:35","guid":{"rendered":"https:\/\/radioacuariofm.com.ar\/?p=229066"},"modified":"2026-03-13T09:35:35","modified_gmt":"2026-03-13T12:35:35","slug":"un-evento-para-divulgar-las-investigaciones-sanjuaninas","status":"publish","type":"post","link":"https:\/\/radioacuariofm.com.ar\/?p=229066","title":{"rendered":"un evento para divulgar las investigaciones sanjuaninas"},"content":{"rendered":"<p><\/p>\n<div>\n<p>Con el objetivo de promover la divulgaci\u00f3n cient\u00edfica y fortalecer el v\u00ednculo entre la comunidad cient\u00edfica y la sociedad, \u201cCrear ConCiencia\u201d convoca a los sanjuaninos a participar de este festival que tendr\u00e1 entrada libre y gratuita. Esta edici\u00f3n se realizar\u00e1 el s\u00e1bado 11 de abril, de 17 a 22 hs, en el Centro Cultural Jos\u00e9 Amadeo Conte Grand.<\/p>\n<p>Las ediciones 2024 y 2025 reunieron a m\u00e1s de 150 expositores, quienes compartieron sus trabajos con m\u00e1s de 10.000 sanjuaninos mediante stands interactivos, talleres, charlas y espacios de di\u00e1logo directo con el p\u00fablico.<\/p>\n<p>El festival propone un espacio de encuentro en el que investigadores, instituciones educativas y organizaciones vinculadas a la ciencia y la tecnolog\u00eda presentar\u00e1n experiencias, proyectos y actividades interactivas destinadas a acercar el conocimiento cient\u00edfico al p\u00fablico y a estimular el inter\u00e9s por la ciencia, la innovaci\u00f3n y el desarrollo tecnol\u00f3gico en la provincia.<\/p>\n<p>La convocatoria para participar en car\u00e1cter de expositor se encuentra actualmente abierta y la fecha l\u00edmite de inscripci\u00f3n es el lunes 16 de marzo. Si tu equipo est\u00e1 interesado en participar con un stand cient\u00edfico, ingres\u00e1 a este link para realizar la inscripci\u00f3n: <a href=\"http:\/\/bit.ly\/4d5CQV4\">http:\/\/bit.ly\/4d5CQV4<\/a><br \/>Para consultas, comunicarse con la Comisi\u00f3n Organizadora: <span id=\"cloak96b4283e745b66e6bc3a05bc4294cab3\">Esta direcci\u00f3n de correo electr\u00f3nico est\u00e1 siendo protegida contra los robots de spam. Necesita tener JavaScript habilitado para poder verlo.<\/span><\/p>\n<\/p><\/div>\n<p><script async defer crossorigin=\"anonymous\" src=\"https:\/\/connect.facebook.net\/es_ES\/sdk.js#xfbml=1&#038;version=v3.3\"><\/script><\/p>\n","protected":false},"excerpt":{"rendered":"<p>Con el objetivo de promover la divulgaci\u00f3n cient\u00edfica y fortalecer el v\u00ednculo entre la comunidad cient\u00edfica y la sociedad, \u201cCrear ConCiencia\u201d convoca a los sanjuaninos a participar de este festival que tendr\u00e1 entrada libre y gratuita. Esta edici\u00f3n se realizar\u00e1 el s\u00e1bado 11 de abril, de 17 a 22 hs, en el Centro Cultural Jos\u00e9 [&hellip;]<\/p>\n","protected":false},"author":2,"featured_media":0,"comment_status":"closed","ping_status":"closed","sticky":false,"template":"","format":"standard","meta":{"footnotes":""},"categories":[27],"tags":[],"class_list":["post-229066","post","type-post","status-publish","format-standard","hentry","category-san-juan"],"_links":{"self":[{"href":"https:\/\/radioacuariofm.com.ar\/index.php?rest_route=\/wp\/v2\/posts\/229066","targetHints":{"allow":["GET"]}}],"collection":[{"href":"https:\/\/radioacuariofm.com.ar\/index.php?rest_route=\/wp\/v2\/posts"}],"about":[{"href":"https:\/\/radioacuariofm.com.ar\/index.php?rest_route=\/wp\/v2\/types\/post"}],"author":[{"embeddable":true,"href":"https:\/\/radioacuariofm.com.ar\/index.php?rest_route=\/wp\/v2\/users\/2"}],"replies":[{"embeddable":true,"href":"https:\/\/radioacuariofm.com.ar\/index.php?rest_route=%2Fwp%2Fv2%2Fcomments&post=229066"}],"version-history":[{"count":0,"href":"https:\/\/radioacuariofm.com.ar\/index.php?rest_route=\/wp\/v2\/posts\/229066\/revisions"}],"wp:attachment":[{"href":"https:\/\/radioacuariofm.com.ar\/index.php?rest_route=%2Fwp%2Fv2%2Fmedia&parent=229066"}],"wp:term":[{"taxonomy":"category","embeddable":true,"href":"https:\/\/radioacuariofm.com.ar\/index.php?rest_route=%2Fwp%2Fv2%2Fcategories&post=229066"},{"taxonomy":"post_tag","embeddable":true,"href":"https:\/\/radioacuariofm.com.ar\/index.php?rest_route=%2Fwp%2Fv2%2Ftags&post=229066"}],"curies":[{"name":"wp","href":"https:\/\/api.w.org\/{rel}","templated":true}]}}