{"id":229054,"date":"2026-03-13T06:44:55","date_gmt":"2026-03-13T09:44:55","guid":{"rendered":"https:\/\/radioacuariofm.com.ar\/?p=229054"},"modified":"2026-03-13T06:44:56","modified_gmt":"2026-03-13T09:44:56","slug":"dos-heridos-en-un-incendio-en-el-portaaviones-mas-grande-de-ee-uu-que-esta-desplegado-frente-a-iran","status":"publish","type":"post","link":"https:\/\/radioacuariofm.com.ar\/?p=229054","title":{"rendered":"Dos heridos en un incendio en el portaaviones m\u00e1s grande de EE.UU., que est\u00e1 desplegado frente a Ir\u00e1n"},"content":{"rendered":"<p> <br \/>\n<\/p>\n<div>\n<p class=\"com-paragraph  --capital --s\">WASHINGTON.\u2013 Un <strong>incendio<\/strong> se desat\u00f3 a bordo del portaaviones estadounidense <strong>USS Gerald R. Ford<\/strong> mientras la nave operaba en el <strong>Mar Rojo<\/strong> como parte de las operaciones militares contra<a href=\"https:\/\/www.lanacion.com.ar\/el-mundo\/que-hay-detras-del-bloqueo-del-estrecho-de-ormuz-y-que-busca-iran-nid12032026\/\" target=\"_self\" title=\"https:\/\/www.lanacion.com.ar\/el-mundo\/que-hay-detras-del-bloqueo-del-estrecho-de-ormuz-y-que-busca-iran-nid12032026\/\" class=\"com-link break-word\" data-mrf-recirculation=\"n_link_parrafo\"> <strong>Ir\u00e1n<\/strong><\/a>, informaron este jueves fuentes de la Armada de Estados Unidos. El incidente dej\u00f3 <strong>dos marinos heridos<\/strong>, aunque sus lesiones no ponen en riesgo sus vidas.<\/p>\n<div class=\"content-media\">\n<section role=\"button\" class=\"mod-media   \">\n<figure role=\"button\" tabindex=\"0\" class=\"mod-figure \"><figcaption class=\"mod-figcaption\"><span class=\"com-text --caption --twoxs\">Con m\u00e1s de 5000 tripulantes y m\u00e1s de 75 aeronaves, el USS Gerald R. Ford constituye una de las plataformas de combate m\u00e1s poderosas de la flota estadounidense<\/span><span class=\"com-text --credit --twoxs\">U.S. Central Command<\/span><\/figcaption><\/figure>\n<\/section>\n<\/div>\n<p class=\"com-paragraph   --s\">El <strong>Comando Central de las Fuerzas Navales de Estados Unidos<\/strong> confirm\u00f3 que el fuego se inici\u00f3 el <strong>12 de marzo<\/strong> en uno de los espacios de <strong>lavander\u00eda<\/strong> del buque. Seg\u00fan la declaraci\u00f3n oficial difundida en la red social X, el incidente <strong>no estuvo relacionado con <\/strong><a href=\"https:\/\/www.lanacion.com.ar\/el-mundo\/un-analista-internacional-hablo-de-la-guerra-asimetrica-en-medio-oriente-y-explico-por-que-es-clave-nid11032026\/\" target=\"_self\" title=\"https:\/\/www.lanacion.com.ar\/el-mundo\/un-analista-internacional-hablo-de-la-guerra-asimetrica-en-medio-oriente-y-explico-por-que-es-clave-nid11032026\/\" class=\"com-link break-word\" data-mrf-recirculation=\"n_link_parrafo\"><strong>combate<\/strong><\/a> y ya se encuentra <strong>contenido<\/strong>.<\/p>\n<p class=\"com-paragraph   --s\">\u201c<strong>USS Gerald R. Ford (CVN-78) experiment\u00f3 un incendio que se origin\u00f3 en los espacios principales de lavander\u00eda del barco. La causa no estuvo relacionada con combate y el fuego est\u00e1 contenido<\/strong>\u201d, se\u00f1al\u00f3 el comando naval en su comunicado.<\/p>\n<div class=\"content-media\">\n<section role=\"button\" class=\"mod-media   \">\n<figure role=\"button\" tabindex=\"0\" class=\"mod-figure \"><figcaption class=\"mod-figcaption\"><span class=\"com-text --caption --twoxs\">Un caza F\/A-18 Super Hornet se prepara para despegar desde la cubierta del USS Gerald R. Ford durante operaciones en el Mar Rojo<\/span><span class=\"com-text --credit --twoxs\">U.S. Central Command<\/span><\/figcaption><\/figure>\n<\/section>\n<\/div>\n<p class=\"com-paragraph   --s\">Las autoridades militares indicaron adem\u00e1s que el incendio <strong>no provoc\u00f3 da\u00f1os en la planta de propulsi\u00f3n<\/strong> del portaaviones, lo que permiti\u00f3 que la nave contin\u00fae <strong>plenamente operativa<\/strong> pese al incidente.<\/p>\n<p class=\"com-paragraph   --s\">Durante el episodio, <strong>dos marinos resultaron heridos<\/strong> y recibieron <strong>tratamiento m\u00e9dico<\/strong>. El ej\u00e9rcito estadounidense precis\u00f3 que ambos presentan <strong>lesiones que no ponen en peligro sus vidas<\/strong> y se encuentran en <strong>condici\u00f3n estable<\/strong>.<\/p>\n<div class=\"content-media\">\n<section role=\"button\" class=\"mod-media   \">\n<figure role=\"button\" tabindex=\"0\" class=\"mod-figure \"><figcaption class=\"mod-figcaption\"><span class=\"com-text --caption --twoxs\">Personal de cubierta dirige el movimiento de aeronaves en el USS Gerald R. Ford, pieza clave del poder aeronaval estadounidense<\/span><span class=\"com-text --credit --twoxs\">&#8211;  &#8211; US NAVY <\/span><\/figcaption><\/figure>\n<\/section>\n<\/div>\n<p class=\"com-paragraph   --s\">El <strong>USS Gerald R. Ford<\/strong>, el <strong>portaaviones m\u00e1s nuevo de la flota estadounidense<\/strong> y tambi\u00e9n el <strong>m\u00e1s grande del mundo<\/strong>, participa en las operaciones militares que Estados Unidos e Israel llevan a cabo contra Ir\u00e1n. La nave opera actualmente en el <strong>Mar Rojo<\/strong>, una zona estrat\u00e9gica en la campa\u00f1a militar en curso.<\/p>\n<div class=\"content-media\">\n<section role=\"button\" class=\"mod-media   \">\n<figure role=\"button\" tabindex=\"0\" class=\"mod-figure \"><figcaption class=\"mod-figcaption\"><span class=\"com-text --caption --twoxs\">Aviones de combate F-18 Super Hornet permanecen alineados en la cubierta del USS Gerald R. Ford, listos para misiones en Medio Oriente<\/span><span class=\"com-text --credit --twoxs\">COSTAS METAXAKIS  &#8211; AFP <\/span><\/figcaption><\/figure>\n<\/section>\n<\/div>\n<p class=\"com-paragraph   --s\">El buque forma parte de un <strong>grupo de ataque de portaaviones<\/strong> desplegado en la regi\u00f3n. Seg\u00fan informaci\u00f3n difundida por observadores navales, el Ford transit\u00f3 el <strong>Canal de Suez<\/strong> la semana pasada junto con tres escoltas: los destructores <strong>USS Mahan<\/strong>, <strong>USS Bainbridge<\/strong> y <strong>USS Winston S. Churchill<\/strong>.<\/p>\n<p class=\"com-paragraph   --s\">El portaaviones transporta <strong>m\u00e1s de 5000 marinos<\/strong> y puede operar <strong>m\u00e1s de 75 aeronaves militares<\/strong>, entre ellas cazas <strong>F-18 Super Hornet<\/strong>.<\/p>\n<div class=\"content-media\">\n<section role=\"button\" class=\"mod-media   \">\n<figure role=\"button\" tabindex=\"0\" class=\"mod-figure \"><figcaption class=\"mod-figcaption\"><span class=\"com-text --caption --twoxs\">El grupo de ataque del USS Gerald R. Ford navega en el Mar Rojo tras cruzar el Canal de Suez, en una misi\u00f3n que el Pent\u00e1gono extendi\u00f3 varias veces<\/span><span class=\"com-text --credit --twoxs\">Giannis Angelakis  &#8211; AP <\/span><\/figcaption><\/figure>\n<\/section>\n<\/div>\n<p class=\"com-paragraph   --s\">La nave participa en la <strong>Operaci\u00f3n Furia \u00c9pica<\/strong>, la campa\u00f1a militar conjunta entre <strong>Estados Unidos e Israel<\/strong> contra Ir\u00e1n que se acerca al final de su <strong>segunda semana<\/strong>.<\/p>\n<p class=\"com-paragraph   --s\">El despliegue del <strong>USS Gerald R. Ford<\/strong> comenz\u00f3 en <strong>junio de 2025<\/strong> y se extendi\u00f3 en varias oportunidades. El <strong>Pent\u00e1gono<\/strong> decidi\u00f3 prolongar su misi\u00f3n y asignar el buque al <strong>Medio Oriente<\/strong> antes del inicio de la guerra con Ir\u00e1n.<\/p>\n<p class=\"com-paragraph   --s\">Si el portaaviones permanece desplegado hasta <strong>mediados de abril<\/strong>, superar\u00e1 el <strong>r\u00e9cord posterior a la Guerra de Vietnam<\/strong> para despliegues de portaaviones estadounidenses, que se ubica en <strong>294 d\u00edas<\/strong> y fue establecido en 2020 por el <strong>USS Abraham Lincoln<\/strong>.<\/p>\n<div class=\"content-media\">\n<section role=\"button\" class=\"mod-media   \">\n<figure role=\"button\" tabindex=\"0\" class=\"mod-figure \"><figcaption class=\"mod-figcaption\"><span class=\"com-text --caption --twoxs\">El USS Gerald R. Ford, el portaaviones m\u00e1s grande del mundo, despliega su poder naval en una de las zonas m\u00e1s sensibles del conflicto en Medio Oriente<\/span><span class=\"com-text --credit --twoxs\">Giannis Angelakis  &#8211; AP <\/span><\/figcaption><\/figure>\n<\/section>\n<\/div>\n<p class=\"com-paragraph   --s\">En caso de que la misi\u00f3n se prolongue hasta <strong>principios de mayo<\/strong>, el Ford podr\u00eda acercarse a los <strong>despliegues de m\u00e1s de 300 d\u00edas<\/strong> que los portaaviones estadounidenses realizaron durante la <strong>Guerra de Vietnam<\/strong> en el Golfo de Tonk\u00edn.<\/p>\n<p class=\"com-paragraph   --s\">Si bien el incendio de este jueves no afect\u00f3 la capacidad operativa del buque, ocurri\u00f3 en un momento en que el portaaviones se encuentra en <strong>una de las zonas m\u00e1s sensibles del actual conflicto en Medio Oriente<\/strong>.<\/p>\n<p class=\"com-paragraph   --s\"><strong>Agencia Reuters<\/strong><\/p>\n<section class=\"container-center-100 mb-40 border border-bottom border-thin border-neutral-light-700\">\n<hr\/>\n<\/section>\n<\/div>\n\n","protected":false},"excerpt":{"rendered":"<p>WASHINGTON.\u2013 Un incendio se desat\u00f3 a bordo del portaaviones estadounidense USS Gerald R. Ford mientras la nave operaba en el Mar Rojo como parte de las operaciones militares contra Ir\u00e1n, informaron este jueves fuentes de la Armada de Estados Unidos. El incidente dej\u00f3 dos marinos heridos, aunque sus lesiones no ponen en riesgo sus vidas. [&hellip;]<\/p>\n","protected":false},"author":2,"featured_media":229055,"comment_status":"closed","ping_status":"closed","sticky":false,"template":"","format":"standard","meta":{"footnotes":""},"categories":[1],"tags":[],"class_list":["post-229054","post","type-post","status-publish","format-standard","has-post-thumbnail","hentry","category-uncategorized"],"_links":{"self":[{"href":"https:\/\/radioacuariofm.com.ar\/index.php?rest_route=\/wp\/v2\/posts\/229054","targetHints":{"allow":["GET"]}}],"collection":[{"href":"https:\/\/radioacuariofm.com.ar\/index.php?rest_route=\/wp\/v2\/posts"}],"about":[{"href":"https:\/\/radioacuariofm.com.ar\/index.php?rest_route=\/wp\/v2\/types\/post"}],"author":[{"embeddable":true,"href":"https:\/\/radioacuariofm.com.ar\/index.php?rest_route=\/wp\/v2\/users\/2"}],"replies":[{"embeddable":true,"href":"https:\/\/radioacuariofm.com.ar\/index.php?rest_route=%2Fwp%2Fv2%2Fcomments&post=229054"}],"version-history":[{"count":1,"href":"https:\/\/radioacuariofm.com.ar\/index.php?rest_route=\/wp\/v2\/posts\/229054\/revisions"}],"predecessor-version":[{"id":229056,"href":"https:\/\/radioacuariofm.com.ar\/index.php?rest_route=\/wp\/v2\/posts\/229054\/revisions\/229056"}],"wp:featuredmedia":[{"embeddable":true,"href":"https:\/\/radioacuariofm.com.ar\/index.php?rest_route=\/wp\/v2\/media\/229055"}],"wp:attachment":[{"href":"https:\/\/radioacuariofm.com.ar\/index.php?rest_route=%2Fwp%2Fv2%2Fmedia&parent=229054"}],"wp:term":[{"taxonomy":"category","embeddable":true,"href":"https:\/\/radioacuariofm.com.ar\/index.php?rest_route=%2Fwp%2Fv2%2Fcategories&post=229054"},{"taxonomy":"post_tag","embeddable":true,"href":"https:\/\/radioacuariofm.com.ar\/index.php?rest_route=%2Fwp%2Fv2%2Ftags&post=229054"}],"curies":[{"name":"wp","href":"https:\/\/api.w.org\/{rel}","templated":true}]}}