{"id":229042,"date":"2026-03-13T02:40:52","date_gmt":"2026-03-13T05:40:52","guid":{"rendered":"https:\/\/radioacuariofm.com.ar\/?p=229042"},"modified":"2026-03-13T02:40:53","modified_gmt":"2026-03-13T05:40:53","slug":"pedro-sanchez-promueve-una-herramienta-para-limitar-el-odio-en-redes-sociales-y-estalla-la-discusion-publica","status":"publish","type":"post","link":"https:\/\/radioacuariofm.com.ar\/?p=229042","title":{"rendered":"Pedro S\u00e1nchez promueve una herramienta para \u00ablimitar el odio\u00bb en redes sociales y estalla la discusi\u00f3n p\u00fablica"},"content":{"rendered":"<p> <br \/>\n<\/p>\n<div>\n<p class=\"com-paragraph  --capital --s\">MADRID.\u2013 El <a href=\"https:\/\/www.lanacion.com.ar\/el-mundo\/espana-cesa-formalmente-a-su-embajadora-en-israel-en-medio-de-la-escalada-de-tensiones-nid11032026\/\" target=\"_self\" title=\"https:\/\/www.lanacion.com.ar\/el-mundo\/espana-cesa-formalmente-a-su-embajadora-en-israel-en-medio-de-la-escalada-de-tensiones-nid11032026\/\" class=\"com-link break-word\" data-mrf-recirculation=\"n_link_parrafo\"><strong>gobierno de Espa\u00f1a<\/strong><\/a> anunci\u00f3 la creaci\u00f3n de <strong>Hodio<\/strong>, una <strong>nueva herramienta destinada a medir y analizar la presencia del discurso de odio en las plataformas digitales<\/strong>. El sistema, presentado por el presidente de gobierno, <a href=\"https:\/\/www.lanacion.com.ar\/el-mundo\/sanchez-da-marcha-atras-y-despliega-su-fragata-mas-moderna-en-apoyo-a-la-mision-europea-en-el-nid05032026\/\" target=\"_self\" title=\"https:\/\/www.lanacion.com.ar\/el-mundo\/sanchez-da-marcha-atras-y-despliega-su-fragata-mas-moderna-en-apoyo-a-la-mision-europea-en-el-nid05032026\/\" class=\"com-link break-word\" data-mrf-recirculation=\"n_link_parrafo\">Pedro S\u00e1nchez,<\/a> forma parte de una estrategia m\u00e1s amplia para <strong>reforzar el control sobre las grandes redes sociales <\/strong>y <strong>exigirles mayor responsabilidad por los contenidos <\/strong>que circulan en ellas. <\/p>\n<p class=\"com-paragraph   --s\">El nombre Hodio es el acr\u00f3nimo de Huella del Odio y la Polarizaci\u00f3n. Seg\u00fan explic\u00f3 el mandatario, el objetivo es realizar un <strong>seguimiento sistem\u00e1tico del nivel de mensajes de odio <\/strong>en internet, su evoluci\u00f3n y su <strong>impacto social<\/strong>. La herramienta analizar\u00e1 las principales plataformas utilizadas en <a href=\"https:\/\/www.lanacion.com.ar\/el-mundo\/la-respuesta-de-sanchez-a-trump-luego-de-que-anunciara-que-cortara-todo-el-comercio-con-espana-nid04032026\/\" target=\"_self\" title=\"https:\/\/www.lanacion.com.ar\/el-mundo\/la-respuesta-de-sanchez-a-trump-luego-de-que-anunciara-que-cortara-todo-el-comercio-con-espana-nid04032026\/\" class=\"com-link break-word\" data-mrf-recirculation=\"n_link_parrafo\">Espa\u00f1a<\/a>, entre ellas <strong>Meta<\/strong> \u2013propietaria de Facebook e Instagram\u2013, <strong>TikTok, X y Youtube.<\/strong><\/p>\n<p class=\"com-paragraph   --s\">La iniciativa se inscribe en un plan m\u00e1s amplio del Ejecutivo para regular el entorno digital. Entre las medidas discutidas, figuran <strong>restricciones de acceso a redes sociales para menores de 16 a\u00f1os <\/strong>y<strong> mayores obligaciones legales para las empresas tecnol\u00f3gicas<\/strong> en relaci\u00f3n con contenidos il\u00edcitos u ofensivos. <\/p>\n<p class=\"com-paragraph   --s\">El concepto central detr\u00e1s de HODIO es la idea de <strong>\u201chuella del odio\u201d<\/strong>, inspirada en la <strong>noci\u00f3n de huella de carbono utilizada para medir el impacto ambiental <\/strong>de las actividades humanas.<\/p>\n<p class=\"com-paragraph   --s\"><strong>\u201cCuando algo se mide, deja de ser invisible\u201d<\/strong>, sostuvo S\u00e1nchez al presentar el sistema. Seg\u00fan el jefe del Ejecutivo, la creciente circulaci\u00f3n de mensajes hostiles en redes sociales est\u00e1 <strong>alimentando divisiones sociales profundas <\/strong>y <strong>contribuyendo a un clima de polarizaci\u00f3n pol\u00edtica. <\/strong><\/p>\n<p class=\"com-paragraph   --s\">De acuerdo con datos citados por el gobierno, los <strong>delitos de odio en Espa\u00f1a han aumentado un 41% en la \u00faltima d\u00e9cada<\/strong>, mientras que estudios oficiales indican que una gran parte de los j\u00f3venes se encuentra regularmente con mensajes hostiles o discriminatorios en internet. <\/p>\n<p class=\"com-paragraph   --s\">Hodio ser\u00e1 gestionado a trav\u00e9s del <strong>Observatorio Espa\u00f1ol del Racismo y la Xenofobia<\/strong>, conocido como Oberaxe, un organismo estatal que desde hace a\u00f1os monitorea contenidos racistas o discriminatorios en internet. <\/p>\n<p class=\"com-paragraph   --s\">La herramienta combinar\u00e1 <strong>dos tipos de an\u00e1lisis<\/strong>. Por un lado, el<strong> procesamiento autom\u00e1tico mediante inteligencia artificial<\/strong>, que permitir\u00e1 examinar grandes vol\u00famenes de publicaciones en redes sociales en busca de expresiones o patrones asociados al discurso de odio. Por otro, <strong>revisi\u00f3n humana especializada<\/strong>, destinada a evaluar los resultados del sistema autom\u00e1tico y garantizar que el an\u00e1lisis se ajuste a criterios acad\u00e9micos y est\u00e1ndares internacionales. <\/p>\n<p class=\"com-paragraph   --s\">El sistema generar\u00e1 <strong>informes semestrales<\/strong> que evaluar\u00e1n la evoluci\u00f3n del discurso de odio en cada plataforma digital. Adem\u00e1s, producir\u00e1 un <strong>ranking p\u00fablico<\/strong> que comparar\u00e1 el nivel de exposici\u00f3n a estos contenidos entre redes sociales. <\/p>\n<p class=\"com-paragraph   --s\">Seg\u00fan el gobierno, publicar estos resultados busca aumentar la presi\u00f3n p\u00fablica sobre las empresas tecnol\u00f3gicas. <strong>\u201cQueremos que todo el mundo sepa qui\u00e9n frena el odio, qui\u00e9n mira hacia otro lado y qui\u00e9n hace negocio con \u00e9l\u201d<\/strong>, afirm\u00f3 S\u00e1nchez. <\/p>\n<p class=\"com-paragraph   --s\">La herramienta se suma a otros sistemas que Espa\u00f1a ya utiliza para detectar mensajes de odio en internet. Entre ellos se encuentra <strong>Alertodio<\/strong>, una aplicaci\u00f3n desarrollada en colaboraci\u00f3n con la Universitat Polit\u00e8cnica de Val\u00e8ncia, y <strong>FARO<\/strong>, un sistema basado en inteligencia artificial lanzado junto con la organizaci\u00f3n deportiva LaLiga. <\/p>\n<p class=\"com-paragraph   --s\">Estas iniciativas permitieron detectar, por ejemplo, <strong>aumentos masivos de comentarios racistas o xen\u00f3fobos <\/strong>durante crisis sociales o pol\u00edticas, cuando la circulaci\u00f3n de rumores y mensajes hostiles en redes se multiplica. <\/p>\n<p class=\"com-paragraph   --s\"><strong>El gobierno sostiene que las plataformas tecnol\u00f3gicas relajaron sus mecanismos de moderaci\u00f3n en los \u00faltimos a\u00f1os.<\/strong> En particular, S\u00e1nchez critic\u00f3 a Elon Musk, propietario de X, por considerar que desde la compra de la red social aumentaron significativamente los mensajes de odio. <\/p>\n<p class=\"com-paragraph   --s\">La creaci\u00f3n de Hodio gener\u00f3 debate pol\u00edtico en Espa\u00f1a. Algunos cr\u00edticos consideran que el <strong>sistema podr\u00eda convertirse en una herramienta de control del discurso en internet<\/strong> o incluso en un <strong>mecanismo de censura. <\/strong><\/p>\n<p class=\"com-paragraph   --s\">Entre quienes cuestionaron la iniciativa se encuentra la presidenta de la Comunidad de Madrid,<strong> Isabel D\u00edaz Ayuso<\/strong>, que ironiz\u00f3 sobre el nombre del sistema y puso en duda su utilidad. <\/p>\n<p class=\"com-paragraph   --s\">El gobierno, sin embargo, insiste en que el objetivo no es censurar opiniones, sino <strong>identificar contenidos que puedan constituir delitos de odio o violar las normas de las plataformas<\/strong>. Seg\u00fan el Ejecutivo, el sistema se basar\u00e1 en est\u00e1ndares legales y acad\u00e9micos para clasificar los mensajes analizados. <\/p>\n<p class=\"com-paragraph   --s\">Uno de los puntos que a\u00fan genera interrogantes es <strong>c\u00f3mo se definir\u00e1 exactamente el discurso de odio<\/strong> dentro del sistema y qu\u00e9 criterios utilizar\u00e1 el algoritmo para clasificar los contenidos. Las autoridades indicaron que esos par\u00e1metros se har\u00e1n p\u00fablicos cuando la herramienta est\u00e9 plenamente operativa. <\/p>\n<p class=\"com-paragraph   --s\">M\u00e1s all\u00e1 de la pol\u00e9mica, Hodio refleja una tendencia m\u00e1s amplia en Europa y otros pa\u00edses: <strong>la creciente presi\u00f3n de los gobiernos para que las grandes plataformas tecnol\u00f3gicas asuman mayor responsabilidad por los contenidos que circulan en sus servicios<\/strong>. <\/p>\n<p class=\"com-paragraph   --s\"><strong>Agencias AFP y Reuters y diario <\/strong><em><strong>El Pa\u00eds<\/strong><\/em><\/p>\n<section class=\"container-center-100 mb-40 border border-bottom border-thin border-neutral-light-700\">\n<hr\/>\n<\/section>\n<\/div>\n\n","protected":false},"excerpt":{"rendered":"<p>MADRID.\u2013 El gobierno de Espa\u00f1a anunci\u00f3 la creaci\u00f3n de Hodio, una nueva herramienta destinada a medir y analizar la presencia del discurso de odio en las plataformas digitales. El sistema, presentado por el presidente de gobierno, Pedro S\u00e1nchez, forma parte de una estrategia m\u00e1s amplia para reforzar el control sobre las grandes redes sociales y [&hellip;]<\/p>\n","protected":false},"author":2,"featured_media":229043,"comment_status":"closed","ping_status":"closed","sticky":false,"template":"","format":"standard","meta":{"footnotes":""},"categories":[1],"tags":[],"class_list":["post-229042","post","type-post","status-publish","format-standard","has-post-thumbnail","hentry","category-uncategorized"],"_links":{"self":[{"href":"https:\/\/radioacuariofm.com.ar\/index.php?rest_route=\/wp\/v2\/posts\/229042","targetHints":{"allow":["GET"]}}],"collection":[{"href":"https:\/\/radioacuariofm.com.ar\/index.php?rest_route=\/wp\/v2\/posts"}],"about":[{"href":"https:\/\/radioacuariofm.com.ar\/index.php?rest_route=\/wp\/v2\/types\/post"}],"author":[{"embeddable":true,"href":"https:\/\/radioacuariofm.com.ar\/index.php?rest_route=\/wp\/v2\/users\/2"}],"replies":[{"embeddable":true,"href":"https:\/\/radioacuariofm.com.ar\/index.php?rest_route=%2Fwp%2Fv2%2Fcomments&post=229042"}],"version-history":[{"count":1,"href":"https:\/\/radioacuariofm.com.ar\/index.php?rest_route=\/wp\/v2\/posts\/229042\/revisions"}],"predecessor-version":[{"id":229044,"href":"https:\/\/radioacuariofm.com.ar\/index.php?rest_route=\/wp\/v2\/posts\/229042\/revisions\/229044"}],"wp:featuredmedia":[{"embeddable":true,"href":"https:\/\/radioacuariofm.com.ar\/index.php?rest_route=\/wp\/v2\/media\/229043"}],"wp:attachment":[{"href":"https:\/\/radioacuariofm.com.ar\/index.php?rest_route=%2Fwp%2Fv2%2Fmedia&parent=229042"}],"wp:term":[{"taxonomy":"category","embeddable":true,"href":"https:\/\/radioacuariofm.com.ar\/index.php?rest_route=%2Fwp%2Fv2%2Fcategories&post=229042"},{"taxonomy":"post_tag","embeddable":true,"href":"https:\/\/radioacuariofm.com.ar\/index.php?rest_route=%2Fwp%2Fv2%2Ftags&post=229042"}],"curies":[{"name":"wp","href":"https:\/\/api.w.org\/{rel}","templated":true}]}}