{"id":229039,"date":"2026-03-13T01:40:06","date_gmt":"2026-03-13T04:40:06","guid":{"rendered":"https:\/\/radioacuariofm.com.ar\/?p=229039"},"modified":"2026-03-13T01:40:07","modified_gmt":"2026-03-13T04:40:07","slug":"el-regimen-de-iran-no-corre-riesgo-de-colapsar-segun-estima-la-inteligencia-de-ee-uu","status":"publish","type":"post","link":"https:\/\/radioacuariofm.com.ar\/?p=229039","title":{"rendered":"El r\u00e9gimen de Ir\u00e1n no corre riesgo de colapsar, seg\u00fan estima la inteligencia de EE.UU."},"content":{"rendered":"<p> <br \/>\n<\/p>\n<div>\n<p class=\"com-paragraph  --capital --s\">WASHINGTON.\u2013 La inteligencia de <a href=\"https:\/\/www.lanacion.com.ar\/el-mundo\/un-incendio-en-el-portaaviones-uss-gerald-r-ford-en-el-mar-rojo-dejo-dos-marinos-heridos-nid12032026\/\" target=\"_self\" title=\"https:\/\/www.lanacion.com.ar\/el-mundo\/un-incendio-en-el-portaaviones-uss-gerald-r-ford-en-el-mar-rojo-dejo-dos-marinos-heridos-nid12032026\/\" class=\"com-link break-word\" data-mrf-recirculation=\"n_link_parrafo\"><strong>Estados Unidos<\/strong><\/a> indica que <strong>el liderazgo de <\/strong><a href=\"https:\/\/www.lanacion.com.ar\/el-mundo\/mojtaba-khamenei-pronuncia-su-primer-mensaje-desde-que-fue-elegido-lider-supremo-de-iran-nid12032026\/\" target=\"_self\" title=\"https:\/\/www.lanacion.com.ar\/el-mundo\/mojtaba-khamenei-pronuncia-su-primer-mensaje-desde-que-fue-elegido-lider-supremo-de-iran-nid12032026\/\" class=\"com-link break-word\" data-mrf-recirculation=\"n_link_parrafo\"><strong>Ir\u00e1n<\/strong><\/a><strong> sigue en gran medida intacto y no corre riesgo de colapso <\/strong>en el corto plazo, tras casi dos semanas de incesantes bombardeos de Estados Unidos e <a href=\"https:\/\/www.lanacion.com.ar\/el-mundo\/israel-ataco-un-complejo-de-desarrollo-de-armas-nucleares-de-iran-y-amenaza-con-tomar-territorio-en-nid12032026\/\" target=\"_self\" title=\"https:\/\/www.lanacion.com.ar\/el-mundo\/israel-ataco-un-complejo-de-desarrollo-de-armas-nucleares-de-iran-y-amenaza-con-tomar-territorio-en-nid12032026\/\" class=\"com-link break-word\" data-mrf-recirculation=\"n_link_parrafo\"><strong>Israel<\/strong><\/a>, seg\u00fan tres fuentes familiarizadas con el asunto.<\/p>\n<p class=\"com-paragraph   --s\">Una \u201cmultitud\u201d de informes de inteligencia ofrece un <strong>\u201can\u00e1lisis consistente de que <\/strong><a href=\"https:\/\/www.lanacion.com.ar\/el-mundo\/como-termina-esto-cuatro-escenarios-posibles-para-el-final-de-la-guerra-en-iran-nid11032026\/\" target=\"_self\" title=\"https:\/\/www.lanacion.com.ar\/el-mundo\/como-termina-esto-cuatro-escenarios-posibles-para-el-final-de-la-guerra-en-iran-nid11032026\/\" class=\"com-link break-word\" data-mrf-recirculation=\"n_link_parrafo\"><strong>el r\u00e9gimen<\/strong><\/a><strong> no est\u00e1 en peligro\u201d<\/strong> de <a href=\"https:\/\/www.lanacion.com.ar\/el-mundo\/la-guerra-entre-eeuu-israel-e-iran-se-reduce-a-una-pregunta-quien-puede-resistir-mas-el-costo-del-nid11032026\/\" target=\"_self\" title=\"https:\/\/www.lanacion.com.ar\/el-mundo\/la-guerra-entre-eeuu-israel-e-iran-se-reduce-a-una-pregunta-quien-puede-resistir-mas-el-costo-del-nid11032026\/\" class=\"com-link break-word\" data-mrf-recirculation=\"n_link_parrafo\">colapsar<\/a> y que <strong>\u201cmantiene el control de la poblaci\u00f3n iran\u00ed\u201d<\/strong>, dijo una de las fuentes, todas las cuales pidieron permanecer en el anonimato para poder hablar sobre las conclusiones de la inteligencia estadounidense.<\/p>\n<div class=\"content-media\">\n<section role=\"button\" class=\"mod-media   \">\n<figure role=\"button\" tabindex=\"0\" class=\"mod-figure \"><figcaption class=\"mod-figcaption\"><span class=\"com-text --caption --twoxs\">Residentes recogen sus pertenencias entre los escombros en Teher\u00e1n, el 12 de marzo de 2026<\/span><span class=\"com-text --credit --twoxs\">&#8211;  &#8211; AFP <\/span><\/figcaption><\/figure>\n<\/section>\n<\/div>\n<p class=\"com-paragraph   --s\">El informe m\u00e1s reciente fue completado <strong>en los \u00faltimos d\u00edas<\/strong>, dijo la fuente.<\/p>\n<p class=\"com-paragraph   --s\">Con la presi\u00f3n pol\u00edtica en aumento por el fuerte incremento de los costos del petr\u00f3leo, el presidente norteamericano, <a href=\"https:\/\/www.lanacion.com.ar\/el-mundo\/como-trump-y-sus-asesores-calcularon-mal-la-respuesta-de-iran-a-la-guerra-nid12032026\/\" target=\"_self\" title=\"https:\/\/www.lanacion.com.ar\/el-mundo\/como-trump-y-sus-asesores-calcularon-mal-la-respuesta-de-iran-a-la-guerra-nid12032026\/\" class=\"com-link break-word\" data-mrf-recirculation=\"n_link_parrafo\"><strong>Donald Trump<\/strong><\/a>, ha sugerido que <strong>pondr\u00e1 fin \u201cpronto\u201d a la mayor operaci\u00f3n militar estadounidense desde 2003<\/strong>. Pero encontrar una salida aceptable a la guerra podr\u00eda resultar dif\u00edcil si los l\u00edderes de l\u00ednea dura de <a href=\"https:\/\/www.lanacion.com.ar\/el-mundo\/guerra-entre-estados-unidos-israel-e-iran-en-vivo-tension-en-medio-oriente-hoy-jueves-12-de-marzo-nid12032026\/\" target=\"_self\" title=\"https:\/\/www.lanacion.com.ar\/el-mundo\/guerra-entre-estados-unidos-israel-e-iran-en-vivo-tension-en-medio-oriente-hoy-jueves-12-de-marzo-nid12032026\/\" class=\"com-link break-word\" data-mrf-recirculation=\"n_link_parrafo\">Ir\u00e1n<\/a> permanecen firmemente atrincherados.<\/p>\n<p class=\"com-paragraph   --s\">Los informes de inteligencia subrayan <strong>la cohesi\u00f3n del liderazgo clerical de <\/strong><a href=\"https:\/\/www.lanacion.com.ar\/el-mundo\/la-falta-de-estrategia-el-rol-de-los-medios-y-senales-de-cansancio-la-mirada-de-un-analista-israeli-nid11032026\/\" target=\"_self\" title=\"https:\/\/www.lanacion.com.ar\/el-mundo\/la-falta-de-estrategia-el-rol-de-los-medios-y-senales-de-cansancio-la-mirada-de-un-analista-israeli-nid11032026\/\" class=\"com-link break-word\" data-mrf-recirculation=\"n_link_parrafo\"><strong>Ir\u00e1n<\/strong><\/a><strong> pese a la muerte del l\u00edder supremo<\/strong>, el ayatollah <strong>Ali Khamenei<\/strong>, el 28 de febrero, el primer d\u00eda de los ataques de Estados Unidos e Israel.<\/p>\n<div class=\"content-media\">\n<section role=\"button\" class=\"mod-media   \">\n<figure role=\"button\" tabindex=\"0\" class=\"mod-figure \"><figcaption class=\"mod-figcaption\"><span class=\"com-text --caption --twoxs\">Una mujer iran\u00ed recoge pertenencias entre los escombros de un edificio residencial destruido en Teher\u00e1n, el 12 de marzo de 2026<\/span><span class=\"com-text --credit --twoxs\">&#8211;  &#8211; AFP <\/span><\/figcaption><\/figure>\n<\/section>\n<\/div>\n<p class=\"com-paragraph   --s\">Funcionarios israel\u00edes, en conversaciones a puerta cerrada, tambi\u00e9n han reconocido que <strong>no hay certeza de que la guerra conduzca al colapso del gobierno clerical<\/strong>, dijo a Reuters un alto funcionario israel\u00ed.<\/p>\n<p class=\"com-paragraph   --s\">Las fuentes subrayaron que la situaci\u00f3n sobre el terreno es cambiante y que <strong>las din\u00e1micas dentro de <\/strong><a href=\"https:\/\/www.lanacion.com.ar\/el-mundo\/iran-amenaza-a-bancos-e-instituciones-financieras-de-estados-unidos-en-medio-oriente-estos-son-los-nid11032026\/\" target=\"_self\" title=\"https:\/\/www.lanacion.com.ar\/el-mundo\/iran-amenaza-a-bancos-e-instituciones-financieras-de-estados-unidos-en-medio-oriente-estos-son-los-nid11032026\/\" class=\"com-link break-word\" data-mrf-recirculation=\"n_link_parrafo\"><strong>Ir\u00e1n<\/strong><\/a><strong> podr\u00edan modificarse<\/strong>.<\/p>\n<p class=\"com-paragraph   --s\">La <strong>Oficina del Director de Inteligencia Nacional <\/strong>y la <strong>Agencia Central de Inteligencia <\/strong>declinaron hacer comentarios.<\/p>\n<p class=\"com-paragraph   --s\">La <strong>Casa Blanca <\/strong>no respondi\u00f3 de inmediato a una solicitud de comentarios.<\/p>\n<p class=\"com-paragraph   --s\">Desde que iniciaron la guerra, Estados Unidos e Israel han atacado una variedad de <a href=\"https:\/\/www.lanacion.com.ar\/el-mundo\/imagenes-satelitales-revelan-que-iran-destruyo-sistemas-de-defensa-y-comunicacion-de-eeuu-nid11032026\/\" target=\"_self\" title=\"https:\/\/www.lanacion.com.ar\/el-mundo\/imagenes-satelitales-revelan-que-iran-destruyo-sistemas-de-defensa-y-comunicacion-de-eeuu-nid11032026\/\" class=\"com-link break-word\" data-mrf-recirculation=\"n_link_parrafo\">objetivos iran\u00edes<\/a>, entre ellos <strong>defensas a\u00e9reas, instalaciones nucleares y miembros de la c\u00fapula dirigente<\/strong>.<\/p>\n<p class=\"com-paragraph   --s\">El gobierno de Trump ha dado distintas razones para la guerra. Al anunciar el inicio de la operaci\u00f3n estadounidense, <strong>Trump inst\u00f3 a los iran\u00edes a \u201ctomar el control de su gobierno\u201d<\/strong>, pero desde entonces sus principales asesores <strong>han negado que el objetivo fuera derrocar al liderazgo iran\u00ed<\/strong>.<\/p>\n<div class=\"content-media\">\n<section role=\"button\" class=\"mod-media   \">\n<figure role=\"button\" tabindex=\"0\" class=\"mod-figure \"><figcaption class=\"mod-figcaption\"><span class=\"com-text --caption --twoxs\">Un cl\u00e9rigo iran\u00ed pasa junto a los escombros de un edificio residencial mientras visita el lugar de un ataque en Teher\u00e1n, el 12 de marzo de 2026<\/span><span class=\"com-text --credit --twoxs\">&#8211;  &#8211; AFP <\/span><\/figcaption><\/figure>\n<\/section>\n<\/div>\n<p class=\"com-paragraph   --s\">Adem\u00e1s de Khamenei, los ataques han matado a decenas de altos funcionarios y a algunos de <strong>los comandantes de mayor rango del Cuerpo de la Guardia Revolucionaria Isl\u00e1mica (IRGC)<\/strong>, una fuerza paramilitar de \u00e9lite que controla grandes sectores de la econom\u00eda.<\/p>\n<p class=\"com-paragraph   --s\">Aun as\u00ed, los informes de inteligencia estadounidenses indican que el IRGC y los l\u00edderes interinos que asumieron el poder tras la muerte de Khamenei <strong>mantienen el control del pa\u00eds<\/strong>.<\/p>\n<p class=\"com-paragraph   --s\">La <strong>Asamblea de Expertos<\/strong>, un grupo de cl\u00e9rigos chi\u00edes de alto rango, declar\u00f3 a comienzos de esta semana al hijo de Khamenei, <strong>Mojtaba<\/strong>, <strong>como nuevo l\u00edder supremo<\/strong>.<\/p>\n<p class=\"com-paragraph   --s\">Israel no tiene intenci\u00f3n de permitir <strong>que ning\u00fan remanente del antiguo gobierno permanezca intacto<\/strong>, dijo una cuarta fuente familiarizada con el asunto.<\/p>\n<div class=\"content-media\">\n<section role=\"button\" class=\"mod-media   \">\n<figure role=\"button\" tabindex=\"0\" class=\"mod-figure \"><figcaption class=\"mod-figcaption\"><span class=\"com-text --caption --twoxs\">Un hombre observa una declaraci\u00f3n televisada del nuevo l\u00edder supremo de Ir\u00e1n, Mojtaba Khamenei, el 12 de marzo de 2026<\/span><span class=\"com-text --credit --twoxs\">&#8211;  &#8211; AFP <\/span><\/figcaption><\/figure>\n<\/section>\n<\/div>\n<p class=\"com-paragraph   --s\">No est\u00e1 claro c\u00f3mo la actual campa\u00f1a militar estadounidense\u2013israel\u00ed podr\u00eda derrocar al gobierno.<\/p>\n<p class=\"com-paragraph   --s\">Probablemente requerir\u00eda una ofensiva terrestre <strong>que permitiera a la poblaci\u00f3n dentro de Ir\u00e1n protestar con seguridad <\/strong>en las calles, dijo la fuente.<\/p>\n<p class=\"com-paragraph   --s\">El gobierno de Trump no ha descartado <strong>enviar tropas estadounidenses a Ir\u00e1n<\/strong>.<\/p>\n<p class=\"com-paragraph   --s\">Reuters inform\u00f3 la semana pasada que <a href=\"https:\/\/www.lanacion.com.ar\/el-mundo\/nos-hemos-estado-preparando-durante-anos-por-que-las-tropas-sobre-el-terreno-en-iran-pueden-ser-nid06032026\/\" target=\"_self\" title=\"https:\/\/www.lanacion.com.ar\/el-mundo\/nos-hemos-estado-preparando-durante-anos-por-que-las-tropas-sobre-el-terreno-en-iran-pueden-ser-nid06032026\/\" class=\"com-link break-word\" data-mrf-recirculation=\"n_link_parrafo\"><strong>milicias kurdas iran\u00edes<\/strong><\/a><strong> con base en el vecino Irak consultaron con Estados Unidos<\/strong> sobre c\u00f3mo y si atacar a las fuerzas de seguridad iran\u00edes en el oeste del pa\u00eds.<\/p>\n<p class=\"com-paragraph   --s\">Una incursi\u00f3n de ese tipo podr\u00eda presionar a los servicios de seguridad iran\u00edes en esa zona, <strong>permitiendo que los iran\u00edes se levanten contra el gobierno<\/strong>.<\/p>\n<p class=\"com-paragraph   --s\"><strong>Abdullah Mohtadi<\/strong>, jefe del <strong>Partido Komala del Kurdist\u00e1n<\/strong> iran\u00ed \u2013parte de una coalici\u00f3n de seis partidos kurdos iran\u00edes\u2013 dijo en una entrevista el mi\u00e9rcoles que las organizaciones est\u00e1n altamente organizadas dentro de Ir\u00e1n y que <strong>\u201cdecenas de miles de j\u00f3venes est\u00e1n listos para tomar las armas\u201d<\/strong> <strong>contra el gobierno <\/strong>si reciben apoyo de <a href=\"https:\/\/www.lanacion.com.ar\/el-mundo\/armar-a-los-kurdos-la-arriesgada-apuesta-de-eeuu-e-israel-para-debilitar-al-regimen-irani-nid05032026\/\" target=\"_self\" title=\"https:\/\/www.lanacion.com.ar\/el-mundo\/armar-a-los-kurdos-la-arriesgada-apuesta-de-eeuu-e-israel-para-debilitar-al-regimen-irani-nid05032026\/\" class=\"com-link break-word\" data-mrf-recirculation=\"n_link_parrafo\">Estados Unidos<\/a>.<\/p>\n<div class=\"content-media\">\n<section role=\"button\" class=\"mod-media   \">\n<figure role=\"button\" tabindex=\"0\" class=\"mod-figure \"><figcaption class=\"mod-figcaption\"><span class=\"com-text --caption --twoxs\">Un miembro de las Fuerzas Hashed al-Shaabi de Irak frente a una pancarta que muestra a un joven ayatollah Ali Khamenei, en Bagdad, el 12 de marzo de 2026<\/span><span class=\"com-text --credit --twoxs\">AHMAD AL-RUBAYE  &#8211; AFP <\/span><\/figcaption><\/figure>\n<\/section>\n<\/div>\n<p class=\"com-paragraph   --s\">Mohtadi dijo haber recibido informes desde el Kurdist\u00e1n iran\u00ed seg\u00fan los cuales unidades del IRGC y otras fuerzas de seguridad<strong> han abandonado bases y cuarteles por temor a ataques estadounidenses e israel\u00edes<\/strong>.<\/p>\n<p class=\"com-paragraph   --s\"><strong>\u201cEstamos siendo testigos de se\u00f1ales tangibles de debilidad en las zonas kurdas\u201d<\/strong>, afirm\u00f3.<\/p>\n<p class=\"com-paragraph   --s\">Pero informes recientes de inteligencia estadounidense <strong>han puesto en duda la capacidad de los grupos kurdos iran\u00edes para sostener un combate<\/strong> contra los servicios de seguridad iran\u00edes, seg\u00fan dos fuentes familiarizadas con esas evaluaciones.<\/p>\n<div class=\"content-media\">\n<section role=\"button\" class=\"mod-media   \">\n<figure role=\"button\" tabindex=\"0\" class=\"mod-figure \"><figcaption class=\"mod-figcaption\"><span class=\"com-text --caption --twoxs\">Un docente se suma a escolares durante una manifestaci\u00f3n contra Estados Unidos e Israel en Bagdad, el 12 de marzo de 2026<\/span><span class=\"com-text --credit --twoxs\">AHMAD AL-RUBAYE  &#8211; AFP <\/span><\/figcaption><\/figure>\n<\/section>\n<\/div>\n<p class=\"com-paragraph   --s\">La inteligencia indica que estos grupos <strong>carecen tanto del poder de fuego como del n\u00famero de combatientes suficientes<\/strong>, dijeron.<\/p>\n<p class=\"com-paragraph   --s\">El <strong>Gobierno Regional del Kurdist\u00e1n<\/strong>, que administra la regi\u00f3n aut\u00f3noma del Kurdist\u00e1n iraqu\u00ed donde tienen base los grupos kurdos iran\u00edes, no respondi\u00f3 de inmediato a una solicitud de comentarios.<\/p>\n<p class=\"com-paragraph   --s\">En los \u00faltimos d\u00edas, los grupos kurdos iran\u00edes han pedido a altos funcionarios en Washington y a legisladores estadounidenses <strong>que Estados Unidos les proporcione armas y veh\u00edculos blindados<\/strong>, dijo otra persona familiarizada con el asunto.<\/p>\n<p class=\"com-paragraph   --s\">Pero Trump afirm\u00f3 el s\u00e1bado que hab\u00eda descartado permitir<strong> que los grupos kurdos iran\u00edes ingresen en Ir\u00e1n<\/strong>.<\/p>\n<section class=\"container-center-100 mb-40 border border-bottom border-thin border-neutral-light-700\">\n<div class=\"grid grid-cols-2_m gap-12 py-16 py-12_m\">\n<div class=\"flex flex-column gap-12\">\n<div class=\"flex flex-column brand-color\">\n<div class=\"flex flex-wrap w-100 w-full\">\n<div class=\"signature-with-authors flex flex-wrap flex-column flex-row_m ai-center_m ai-start  gap-16 w-100 w-full 2\">\n<div class=\"flex inline-flex ai-center gap-12\">\n<p><span>Por <span><strong>Erin Banco<\/strong> y <\/span><span><strong>Jonathan Landay<\/strong><\/span><\/span><\/p>\n<\/div>\n<\/div>\n<\/div>\n<\/div>\n<\/div>\n<\/div>\n<hr\/>\n<\/section>\n<\/div>\n\n","protected":false},"excerpt":{"rendered":"<p>WASHINGTON.\u2013 La inteligencia de Estados Unidos indica que el liderazgo de Ir\u00e1n sigue en gran medida intacto y no corre riesgo de colapso en el corto plazo, tras casi dos semanas de incesantes bombardeos de Estados Unidos e Israel, seg\u00fan tres fuentes familiarizadas con el asunto. Una \u201cmultitud\u201d de informes de inteligencia ofrece un \u201can\u00e1lisis [&hellip;]<\/p>\n","protected":false},"author":2,"featured_media":229040,"comment_status":"closed","ping_status":"closed","sticky":false,"template":"","format":"standard","meta":{"footnotes":""},"categories":[1],"tags":[],"class_list":["post-229039","post","type-post","status-publish","format-standard","has-post-thumbnail","hentry","category-uncategorized"],"_links":{"self":[{"href":"https:\/\/radioacuariofm.com.ar\/index.php?rest_route=\/wp\/v2\/posts\/229039","targetHints":{"allow":["GET"]}}],"collection":[{"href":"https:\/\/radioacuariofm.com.ar\/index.php?rest_route=\/wp\/v2\/posts"}],"about":[{"href":"https:\/\/radioacuariofm.com.ar\/index.php?rest_route=\/wp\/v2\/types\/post"}],"author":[{"embeddable":true,"href":"https:\/\/radioacuariofm.com.ar\/index.php?rest_route=\/wp\/v2\/users\/2"}],"replies":[{"embeddable":true,"href":"https:\/\/radioacuariofm.com.ar\/index.php?rest_route=%2Fwp%2Fv2%2Fcomments&post=229039"}],"version-history":[{"count":1,"href":"https:\/\/radioacuariofm.com.ar\/index.php?rest_route=\/wp\/v2\/posts\/229039\/revisions"}],"predecessor-version":[{"id":229041,"href":"https:\/\/radioacuariofm.com.ar\/index.php?rest_route=\/wp\/v2\/posts\/229039\/revisions\/229041"}],"wp:featuredmedia":[{"embeddable":true,"href":"https:\/\/radioacuariofm.com.ar\/index.php?rest_route=\/wp\/v2\/media\/229040"}],"wp:attachment":[{"href":"https:\/\/radioacuariofm.com.ar\/index.php?rest_route=%2Fwp%2Fv2%2Fmedia&parent=229039"}],"wp:term":[{"taxonomy":"category","embeddable":true,"href":"https:\/\/radioacuariofm.com.ar\/index.php?rest_route=%2Fwp%2Fv2%2Fcategories&post=229039"},{"taxonomy":"post_tag","embeddable":true,"href":"https:\/\/radioacuariofm.com.ar\/index.php?rest_route=%2Fwp%2Fv2%2Ftags&post=229039"}],"curies":[{"name":"wp","href":"https:\/\/api.w.org\/{rel}","templated":true}]}}