{"id":229036,"date":"2026-03-13T00:39:14","date_gmt":"2026-03-13T03:39:14","guid":{"rendered":"https:\/\/radioacuariofm.com.ar\/?p=229036"},"modified":"2026-03-13T00:39:15","modified_gmt":"2026-03-13T03:39:15","slug":"7-edificios-emblematicos-del-chileno-smiljan-radic-ganador-del-premio-pritzker-el-nobel-de-la-arquitectura","status":"publish","type":"post","link":"https:\/\/radioacuariofm.com.ar\/?p=229036","title":{"rendered":"7 edificios emblem\u00e1ticos del chileno Smiljan Radi\u0107, ganador del premio Pritzker, el \u201cNobel de la arquitectura\u201d"},"content":{"rendered":"<p> <br \/>\n<\/p>\n<div>\n<p class=\"com-paragraph  --capital --s\">El chileno <strong>Smiljan Radi\u0107<\/strong> fue anunciado este jueves como <strong>ganador del premio Pritzker de arquitectura 2026<\/strong>, el mayor galard\u00f3n de esta disciplina en el mundo.<\/p>\n<p class=\"com-paragraph   --s\">\u201cA trav\u00e9s de una obra que se sit\u00faa en la encrucijada de la incertidumbre, la experimentaci\u00f3n material y la memoria cultural, Smiljan Radi\u0107 prioriza la fragilidad sobre cualquier pretensi\u00f3n injustificada de certeza\u201d, dijo el jurado.<\/p>\n<p class=\"com-paragraph   --s\">\u201cSus <strong>edificios parecen temporales, inestables o deliberadamente inacabados<\/strong> \u2014casi a punto de desaparecer\u2014, pero ofrecen un refugio estructurado, optimista y discretamente alegre, abrazando la vulnerabilidad como una condici\u00f3n intr\u00ednseca de la experiencia vivida\u201d, agreg\u00f3.<\/p>\n<p class=\"com-paragraph   --s\">Seg\u00fan la organizaci\u00f3n, las construcciones de Radi\u0107 pueden estar parcialmente empotradas en el suelo, como el Mestizo Restaurant de Santiago; dise\u00f1adas para protegerse de las inclemencias del tiempo, como en la Casa Pite; o creadas a partir de la readaptaci\u00f3n, en lugar de la destrucci\u00f3n y el remplazo, como en Chile Antes de Chile, la extensi\u00f3n del Museo Chileno de Arte Precolombino de la capital chilena.<\/p>\n<div class=\"content-media\">\n<section role=\"button\" class=\"mod-media   \">\n<figure role=\"button\" tabindex=\"0\" class=\"mod-figure \"><figcaption class=\"mod-figcaption\"><span class=\"com-text --caption --twoxs\">Smiljan Radi\u0107 obtuvo el premio \u00abNobel\u00bb de arquitectura<\/span><\/figcaption><\/figure>\n<\/section>\n<\/div>\n<p class=\"com-paragraph   --s\">Radi\u0107 tiene, seg\u00fan el premio Pritzker, una obra que <strong>\u201cparece austera o elemental\u201d,<\/strong> donde predominan materiales como el hormig\u00f3n, la piedra, la madera y el vidrio, \u201cpero esta impresi\u00f3n esconde<strong> una ingenier\u00eda y una construcci\u00f3n precisas<\/strong>\u201d que dan \u201cforma al peso, la luz, el sonido y el espacio\u201d.<\/p>\n<p class=\"com-paragraph   --s\">\u201cLa construcci\u00f3n se convierte en una especie de narraci\u00f3n, donde la textura y la masa tienen tanto significado como la forma\u201d, dijo la organizaci\u00f3n en un comunicado.<\/p>\n<p class=\"com-paragraph   --s\">Aqu\u00ed te mostramos <strong>7 de sus edificaciones m\u00e1s destacadas<\/strong>, seg\u00fan el premio Pritzker.<\/p>\n<h3 class=\"com-title --font-primary --l --font-extra\">1. Teatro Biob\u00edo<\/h3>\n<div class=\"content-media\">\n<section role=\"button\" class=\"mod-media   \">\n<figure role=\"button\" tabindex=\"0\" class=\"mod-figure \"><figcaption class=\"mod-figcaption\"><span class=\"com-text --caption --twoxs\">El Teatro Regional del Biob\u00edo, en la ciudad de Concepci\u00f3n.<\/span><\/figcaption><\/figure>\n<\/section>\n<\/div>\n<div class=\"content-media\">\n<section role=\"button\" class=\"mod-media   \">\n<figure role=\"button\" tabindex=\"0\" class=\"mod-figure \"><figcaption class=\"mod-figcaption\"><span class=\"com-text --caption --twoxs\">Un extremo del teatro B\u00edo B\u00edo<\/span><\/figcaption><\/figure>\n<\/section>\n<\/div>\n<div class=\"content-media\">\n<section role=\"button\" class=\"mod-media   \">\n<figure role=\"button\" tabindex=\"0\" class=\"mod-figure \"><figcaption class=\"mod-figcaption\"><span class=\"com-text --caption --twoxs\">Una elegante escalera caracol en su interior<\/span><\/figcaption><\/figure>\n<\/section>\n<\/div>\n<h3 class=\"com-title --font-primary --l --font-extra\">2. Vi\u00f1a Vik<\/h3>\n<div class=\"content-media\">\n<section role=\"button\" class=\"mod-media   \">\n<figure role=\"button\" tabindex=\"0\" class=\"mod-figure \"><figcaption class=\"mod-figcaption\"><span class=\"com-text --caption --twoxs\">La bodega de Vi\u00f1a Vik est\u00e1 rodeada de monta\u00f1as.<\/span><\/figcaption><\/figure>\n<\/section>\n<\/div>\n<div class=\"content-media\">\n<section role=\"button\" class=\"mod-media   \">\n<figure role=\"button\" tabindex=\"0\" class=\"mod-figure \"><figcaption class=\"mod-figcaption\"><span class=\"com-text --caption --twoxs\">Vi\u00f1a Vik est\u00e1 ubicada en Millahue, a 160 kil\u00f3metros al sur de Santiago.<\/span><\/figcaption><\/figure>\n<\/section>\n<\/div>\n<div class=\"content-media\">\n<section role=\"button\" class=\"mod-media   \">\n<figure role=\"button\" tabindex=\"0\" class=\"mod-figure \"><figcaption class=\"mod-figcaption\"><span class=\"com-text --caption --twoxs\">La vi\u00f1a con las monta\u00f1as de fondo<\/span><\/figcaption><\/figure>\n<\/section>\n<\/div>\n<h3 class=\"com-title --font-primary --l --font-extra\">3. Mestizo Restaurant<\/h3>\n<div class=\"content-media\">\n<section role=\"button\" class=\"mod-media   \">\n<figure role=\"button\" tabindex=\"0\" class=\"mod-figure \"><figcaption class=\"mod-figcaption\"><span class=\"com-text --caption --twoxs\">Mestizo Restaurant en Santiago, Chile.<\/span><\/figcaption><\/figure>\n<\/section>\n<\/div>\n<div class=\"content-media\">\n<section role=\"button\" class=\"mod-media   \">\n<figure role=\"button\" tabindex=\"0\" class=\"mod-figure \"><figcaption class=\"mod-figcaption\"><span class=\"com-text --caption --twoxs\">El exterior del restaurant<\/span><\/figcaption><\/figure>\n<\/section>\n<\/div>\n<h3 class=\"com-title --font-primary --l --font-extra\">4. Casa para el Poema del \u00c1ngulo Recto<\/h3>\n<div class=\"content-media\">\n<section role=\"button\" class=\"mod-media   \">\n<figure role=\"button\" tabindex=\"0\" class=\"mod-figure \"><figcaption class=\"mod-figcaption\"><span class=\"com-text --caption --twoxs\">La Casa para el Poema del \u00c1ngulo Recto est\u00e1 en la ciudad de Vilches, tambi\u00e9n en Chile.<\/span><\/figcaption><\/figure>\n<\/section>\n<\/div>\n<div class=\"content-media\">\n<section role=\"button\" class=\"mod-media   \">\n<figure role=\"button\" tabindex=\"0\" class=\"mod-figure \"><figcaption class=\"mod-figcaption\"><span class=\"com-text --caption --twoxs\">El interior de la Casa para el Poema del \u00c1ngulo Recto<\/span><\/figcaption><\/figure>\n<\/section>\n<\/div>\n<div class=\"content-media\">\n<section role=\"button\" class=\"mod-media   \">\n<figure role=\"button\" tabindex=\"0\" class=\"mod-figure \"><figcaption class=\"mod-figcaption\"><span class=\"com-text --caption --twoxs\">La casa cuenta con dise\u00f1os modernos de madera<\/span><\/figcaption><\/figure>\n<\/section>\n<\/div>\n<h3 class=\"com-title --font-primary --l --font-extra\">5. Casa Pite<\/h3>\n<div class=\"content-media\">\n<section role=\"button\" class=\"mod-media   \">\n<figure role=\"button\" tabindex=\"0\" class=\"mod-figure \"><figcaption class=\"mod-figcaption\"><span class=\"com-text --caption --twoxs\">La Casa Pite se ubica en la localidad chilena de Papudo.<\/span><\/figcaption><\/figure>\n<\/section>\n<\/div>\n<div class=\"content-media\">\n<section role=\"button\" class=\"mod-media   \">\n<figure role=\"button\" tabindex=\"0\" class=\"mod-figure \"><figcaption class=\"mod-figcaption\"><span class=\"com-text --caption --twoxs\">La casa Pite desde otra persepectiva<\/span><\/figcaption><\/figure>\n<\/section>\n<\/div>\n<div class=\"content-media\">\n<section role=\"button\" class=\"mod-media   \">\n<figure role=\"button\" tabindex=\"0\" class=\"mod-figure \"><figcaption class=\"mod-figcaption\"><span class=\"com-text --caption --twoxs\">La impresionante vista desde la casa Pita<\/span><\/figcaption><\/figure>\n<\/section>\n<\/div>\n<h3 class=\"com-title --font-primary --l --font-extra\">6. Serpentine Gallery Pavilion<\/h3>\n<div class=\"content-media\">\n<section role=\"button\" class=\"mod-media   \">\n<figure role=\"button\" tabindex=\"0\" class=\"mod-figure \"><figcaption class=\"mod-figcaption\"><span class=\"com-text --caption --twoxs\">El Serpentine Gallery Pavilion fue erigido por Radi\u0107 en Londres.<\/span><\/figcaption><\/figure>\n<\/section>\n<\/div>\n<div class=\"content-media\">\n<section role=\"button\" class=\"mod-media   \">\n<figure role=\"button\" tabindex=\"0\" class=\"mod-figure \"><figcaption class=\"mod-figcaption\"><span class=\"com-text --caption --twoxs\">El Serpentine Gallery Pavilion desde adentro<\/span><\/figcaption><\/figure>\n<\/section>\n<\/div>\n<h3 class=\"com-title --font-primary --l --font-extra\">7. Casa del Carbonero<\/h3>\n<div class=\"content-media\">\n<section role=\"button\" class=\"mod-media   \">\n<figure role=\"button\" tabindex=\"0\" class=\"mod-figure \"><figcaption class=\"mod-figcaption\"><span class=\"com-text --caption --twoxs\">La Casa del Carbonero en Melipilla, Chile.<\/span><\/figcaption><\/figure>\n<\/section>\n<\/div>\n<p class=\"com-paragraph   --s\">El premio ya lo gan\u00f3 en 2016 un chileno, <strong>Alejandro Aravena<\/strong>, quien desde 2021 preside el jurado.<\/p>\n<p class=\"com-paragraph   --s\">En el pasado tambi\u00e9n recibieron este galard\u00f3n dos destacados arquitectos latinoamericanos: el mexicano<strong> Luis Barrag\u00e1n<\/strong> (1980) y el brasile\u00f1o <strong>Oscar Niemeyer<\/strong> (1988).<\/p>\n<p class=\"com-paragraph   --s\"><em><strong>BBC Mundo<\/strong><\/em><\/p>\n<section class=\"container-center-100 mb-40 border border-bottom border-thin border-neutral-light-700\">\n<hr\/>\n<\/section>\n<\/div>\n\n","protected":false},"excerpt":{"rendered":"<p>El chileno Smiljan Radi\u0107 fue anunciado este jueves como ganador del premio Pritzker de arquitectura 2026, el mayor galard\u00f3n de esta disciplina en el mundo. \u201cA trav\u00e9s de una obra que se sit\u00faa en la encrucijada de la incertidumbre, la experimentaci\u00f3n material y la memoria cultural, Smiljan Radi\u0107 prioriza la fragilidad sobre cualquier pretensi\u00f3n injustificada [&hellip;]<\/p>\n","protected":false},"author":2,"featured_media":229037,"comment_status":"closed","ping_status":"closed","sticky":false,"template":"","format":"standard","meta":{"footnotes":""},"categories":[1],"tags":[],"class_list":["post-229036","post","type-post","status-publish","format-standard","has-post-thumbnail","hentry","category-uncategorized"],"_links":{"self":[{"href":"https:\/\/radioacuariofm.com.ar\/index.php?rest_route=\/wp\/v2\/posts\/229036","targetHints":{"allow":["GET"]}}],"collection":[{"href":"https:\/\/radioacuariofm.com.ar\/index.php?rest_route=\/wp\/v2\/posts"}],"about":[{"href":"https:\/\/radioacuariofm.com.ar\/index.php?rest_route=\/wp\/v2\/types\/post"}],"author":[{"embeddable":true,"href":"https:\/\/radioacuariofm.com.ar\/index.php?rest_route=\/wp\/v2\/users\/2"}],"replies":[{"embeddable":true,"href":"https:\/\/radioacuariofm.com.ar\/index.php?rest_route=%2Fwp%2Fv2%2Fcomments&post=229036"}],"version-history":[{"count":1,"href":"https:\/\/radioacuariofm.com.ar\/index.php?rest_route=\/wp\/v2\/posts\/229036\/revisions"}],"predecessor-version":[{"id":229038,"href":"https:\/\/radioacuariofm.com.ar\/index.php?rest_route=\/wp\/v2\/posts\/229036\/revisions\/229038"}],"wp:featuredmedia":[{"embeddable":true,"href":"https:\/\/radioacuariofm.com.ar\/index.php?rest_route=\/wp\/v2\/media\/229037"}],"wp:attachment":[{"href":"https:\/\/radioacuariofm.com.ar\/index.php?rest_route=%2Fwp%2Fv2%2Fmedia&parent=229036"}],"wp:term":[{"taxonomy":"category","embeddable":true,"href":"https:\/\/radioacuariofm.com.ar\/index.php?rest_route=%2Fwp%2Fv2%2Fcategories&post=229036"},{"taxonomy":"post_tag","embeddable":true,"href":"https:\/\/radioacuariofm.com.ar\/index.php?rest_route=%2Fwp%2Fv2%2Ftags&post=229036"}],"curies":[{"name":"wp","href":"https:\/\/api.w.org\/{rel}","templated":true}]}}