{"id":229030,"date":"2026-03-12T22:37:13","date_gmt":"2026-03-13T01:37:13","guid":{"rendered":"https:\/\/radioacuariofm.com.ar\/?p=229030"},"modified":"2026-03-12T22:37:14","modified_gmt":"2026-03-13T01:37:14","slug":"que-busca-china-al-aprobar-una-ley-de-unidad-etnica-que-impone-la-cultura-han","status":"publish","type":"post","link":"https:\/\/radioacuariofm.com.ar\/?p=229030","title":{"rendered":"Qu\u00e9 busca China al aprobar una ley de \u201cunidad \u00e9tnica\u201d que impone la cultura Han"},"content":{"rendered":"<p> <br \/>\n<\/p>\n<div>\n<p class=\"com-paragraph   --s\"><strong>El gobierno chino ha sido acusado durante d\u00e9cadas de aplicar pol\u00edticas represivas para someter a las minor\u00edas \u00e9tnicas de China. Y este jueves, Pek\u00edn aprob\u00f3 una nueva ley para promover la \u201cunidad \u00e9tnica\u201d en el pa\u00eds que algunos temen que erosione a\u00fan m\u00e1s los derechos de esos grupos.<\/strong><\/p>\n<p class=\"com-paragraph   --s\">Sobre el papel, la ley busca promover a trav\u00e9s de la educaci\u00f3n y la vivienda la integraci\u00f3n entre los 56 grupos \u00e9tnicos reconocidos oficialmente, dominados por los chinos Han.<\/p>\n<p class=\"com-paragraph   --s\">Pek\u00edn sostiene que la ley promover\u00e1 la \u201cmodernizaci\u00f3n a trav\u00e9s de una mayor unidad\u201d.<\/p>\n<p class=\"com-paragraph   --s\">Lou Qinjiang, vocero del Partido Comunista de China, dijo que el objetivo es \u201casegurar el liderazgo integral sobre los asuntos \u00e9tnicos, mejorar los mecanismos institucionales para fortalecer un sentido de pertenencia a una comunidad para la naci\u00f3n china y apoyar a la regiones con minor\u00edas \u00e9tnicas en la integraci\u00f3n al desarrollo general del pa\u00eds\u201d.<\/p>\n<p class=\"com-paragraph   --s\">Pero los detractores de la ley dicen que esta separar\u00e1 a las personas de su idioma y su cultura.<\/p>\n<p class=\"com-paragraph   --s\">La norma exige que todos los ni\u00f1os reciban ense\u00f1anza en mandar\u00edn desde temprana edad hasta el final de la escuela secundaria, en detrimento de las lenguas nativas de las minor\u00edas; incentiva los matrimonios de los integrantes de estas comunidades con los de la mayor\u00eda Han; requiere a los padres que \u201ceduquen y gu\u00eden a sus menores en el amor al Partido Comunista\u201d; y proh\u00edbe todo acto que las autoridades consideren que va en contra de la \u201cunidad \u00e9tnica\u201d.<\/p>\n<p class=\"com-paragraph   --s\">Seg\u00fan analistas y organizaciones de derechos humanos, minor\u00edas como la tibetana, la uigur o la mongola pueden verse perjudicadas por la ley.<\/p>\n<p class=\"com-paragraph   --s\">La norma vio la luz verde el jueves cuando la sesi\u00f3n parlamentaria anual del Partido Comunista de China para aprobar sus normas llegaba a su fin.<\/p>\n<p class=\"com-paragraph   --s\">El Congreso Nacional del Pueblo nunca ha rechazado una ley que se le haya presentado.<\/p>\n<div class=\"content-media\">\n<section role=\"button\" class=\"mod-media   \">\n<figure role=\"button\" tabindex=\"0\" class=\"mod-figure \"><figcaption class=\"mod-figcaption\"><span class=\"com-text --caption --twoxs\">El presidente chino, Xi Jinping, ha llamado repetidamente a una \u00absinizaci\u00f3n de la religi\u00f3n\u00bb<\/span><span class=\"com-text --credit --twoxs\">Getty Images<\/span><\/figcaption><\/figure>\n<\/section>\n<\/div>\n<h3 class=\"com-title --font-primary --l --font-extra\">\u201cSinizaci\u00f3n\u201d de las minor\u00edas<\/h3>\n<p class=\"com-paragraph   --s\">El presidente chino, Xi Jinping, ha llamado repetidamente a una \u201csinizaci\u00f3n de la religi\u00f3n\u201d, reclamando que las pr\u00e1cticas religiosas se alineen con lo que el Partido Comunista considera son los valores y la cultura chinas, y los expertos ven esta ley como un paso m\u00e1s en esa direcci\u00f3n.<\/p>\n<p class=\"com-paragraph   --s\">\u201cLa ley es coherente con un cambio de pol\u00edtica reciente y dram\u00e1tico para suprimir la diversidad \u00e9tnica formalmente reconocida desde 1949\u201d, indic\u00f3 en un informe Magnus Fiskesj\u00f6, profesor asociado de Antropolog\u00eda en la Universidad de Cornell, en Estados Unidos.<\/p>\n<p class=\"com-paragraph   --s\">\u201cLos ni\u00f1os de la siguiente generaci\u00f3n quedan ahora aislados y brutalmente obligados a olvidar su propio idioma y cultura\u201d, a\u00f1adi\u00f3.<\/p>\n<p class=\"com-paragraph   --s\">Sin embargo, Pek\u00edn argumenta que ense\u00f1ar mandar\u00edn a la pr\u00f3xima generaci\u00f3n ayudar\u00e1 a sus perspectivas laborales.<\/p>\n<p class=\"com-paragraph   --s\">Tambi\u00e9n dice que la ley para \u201cPromover la Unidad y el Progreso \u00c9tnicos\u201d es crucial para fomentar la \u201cmodernizaci\u00f3n a trav\u00e9s de una mayor unidad\u201d.<\/p>\n<p class=\"com-paragraph   --s\">La norma proporciona una base legal para procesar a padres o tutores que puedan inculcar en los ni\u00f1os lo que las autoridades consideren como puntos de vista \u201cperjudiciales\u201d para la armon\u00eda \u00e9tnica.<\/p>\n<p class=\"com-paragraph   --s\">Adem\u00e1s, pide \u201centornos comunitarios mutuamente integrados\u201d, lo que algunos analistas creen podr\u00eda resultar en la disoluci\u00f3n de vecindarios con alta presencia de minor\u00edas.<\/p>\n<p class=\"com-paragraph   --s\">El gobierno chino comenz\u00f3 a impulsar lo que describe como la \u201csinizaci\u00f3n\u201d de los grupos minoritarios a finales de la d\u00e9cada de los 2000 en busca de una identidad nacional m\u00e1s unificada al asimilar grupos \u00e9tnicos a la cultura han dominante.<\/p>\n<p class=\"com-paragraph   --s\">Los chinos Han representan m\u00e1s del 90% de los 1.400 millones de habitantes del pa\u00eds, pero en \u00e9l hay tambi\u00e9n 55 minor\u00edas \u00e9tnicas reconocidas oficialmente. Se estima que millones de chinos forman parte de alguna.<\/p>\n<p class=\"com-paragraph   --s\">Pek\u00edn ha sido acusado durante mucho tiempo de restringir los derechos de las minor\u00edas \u00e9tnicas en regiones como T\u00edbet, Xinjiang y la Mongolia Interior.<\/p>\n<p class=\"com-paragraph   --s\">Los cr\u00edticos dicen que a menudo se ha impulsado una asimilaci\u00f3n forzosa en estos lugares, una pol\u00edtica dirigida por el Estado que se ha acelerado bajo el liderazgo del presidente Xi Jinping, quien ha adoptado una l\u00ednea m\u00e1s dura sobre la disidencia y las protestas, especialmente en \u00e1reas donde viven grupos \u00e9tnicos minoritarios.<\/p>\n<p class=\"com-paragraph   --s\">En T\u00edbet, las autoridades han arrestado monjes y tomado el control de monasterios para asegurar que no adoren al Dalai Lama.<\/p>\n<p class=\"com-paragraph   --s\">Cuando la BBC visit\u00f3 en julio del a\u00f1o pasado un monasterio que estuvo en el coraz\u00f3n de la resistencia tibetana, los monjes dijeron vivir bajo miedo e intimidaci\u00f3n.<\/p>\n<p class=\"com-paragraph   --s\">\u201cA nosotros los tibetanos se nos niegan los derechos humanos b\u00e1sicos. El gobierno chino contin\u00faa oprimi\u00e9ndonos y persigui\u00e9ndonos. No es un gobierno que sirva al pueblo\u201d, nos dijo uno de ellos.<\/p>\n<p class=\"com-paragraph   --s\">El gobierno chino ha ofrecido durante a\u00f1os incentivos a los chinos Han para que se instalen en el T\u00edbet o en Xinjiang, en lo que los cr\u00edticos presentaban como un intento de superar num\u00e9ricamente a la poblaci\u00f3n aut\u00f3ctona.<\/p>\n<p class=\"com-paragraph   --s\">Como resultado de ello, las capitales de ambos territorios, Lhasa y Urumqi, han sufrido en los \u00faltimos a\u00f1os una gran afluencia de elementos de la cultura Han.<\/p>\n<p class=\"com-paragraph   --s\">Monjes tibetanos protagonizaron en los meses previos a los Juegos Ol\u00edmpicos de Pek\u00edn de 2008 un levantamiento contra las autoridades chinas en Lhasa.<\/p>\n<p class=\"com-paragraph   --s\">Las protestas fueron aplastadas como otras anteriores. El balance oficial fue de 22 muertos, pero grupos de exiliados tibetanos elevaron la cifra a alrededor de 200.<\/p>\n<div class=\"content-media\">\n<section role=\"button\" class=\"mod-media   \">\n<figure role=\"button\" tabindex=\"0\" class=\"mod-figure \"><figcaption class=\"mod-figcaption\"><span class=\"com-text --caption --twoxs\">La BBC visit\u00f3 un monasterio tibetano que ha sido durante d\u00e9cadas un foco de resistencia<\/span><\/figcaption><\/figure>\n<\/section>\n<\/div>\n<h3 class=\"com-title --font-primary --l --font-extra\">Campos de reeducaci\u00f3n<\/h3>\n<p class=\"com-paragraph   --s\">En Xinjiang, grupos de derechos humanos han documentado la detenci\u00f3n de un mill\u00f3n de musulmanes uigures en lo que el gobierno chino llama campos de \u201creeducaci\u00f3n\u201d y la ONU ha acusado a Pek\u00edn de graves violaciones de derechos humanos en este territorio con una gran poblaci\u00f3n musulmana.<\/p>\n<p class=\"com-paragraph   --s\">Grupos de uigures se enfrentaron a chinos han en la capital de Xinjiang, Urumqi, en 2009, lo que dej\u00f3 casi 200 muertos.<\/p>\n<p class=\"com-paragraph   --s\">Cuatro a\u00f1os despu\u00e9s, un grupo de separatistas uigures muri\u00f3 cuando conduc\u00edan un auto cargado de material explosivo hacia los aleda\u00f1os de la plaza de Tiananmen, en Pek\u00edn. Al a\u00f1o siguiente, otro grupo uigur atac\u00f3 a los transeuntes en una estaci\u00f3n de tren en la provincia de Yunan.<\/p>\n<p class=\"com-paragraph   --s\">Una investigaci\u00f3n de la BBC de 2021 y 2022 encontr\u00f3 indicios de la existencia de campos de detenci\u00f3n, y casos de abuso sexual y esterilizaci\u00f3n forzada que Pek\u00edn niega.<\/p>\n<p class=\"com-paragraph   --s\">Varias informaciones se\u00f1alaron que las pr\u00e1cticas religiosas de los uigures han sido restringidas y varias mezquitas de Xinjiang cerradas.<\/p>\n<p class=\"com-paragraph   --s\">En 2020, personas de etnia mongola en el norte de China organizaron unas inusuales manifestaciones contra las medidas adoptadas para reducir la ense\u00f1anza en su idioma mongol y aumentar la del mandar\u00edn.<\/p>\n<p class=\"com-paragraph   --s\">Los padres incluso retuvieron a los ni\u00f1os en protesta contra la pol\u00edtica ya que algunos ve\u00edan la medida como una amenaza a su identidad cultural.<\/p>\n<p class=\"com-paragraph   --s\">Las autoridades actuaron r\u00e1pidamente para reprimir lo que ve\u00edan como disidencia.<\/p>\n<p class=\"com-paragraph   --s\">El gobierno chino justifica sus actuaciones como la respuesta a insurrecciones violentas.<\/p>\n<p class=\"com-paragraph   --s\">El Partido Comunista dice que abraza diferentes etnias. La Constituci\u00f3n del pa\u00eds establece que \u201ccada etnia tiene el derecho de usar y desarrollar su propio idioma\u201d y \u201ctiene el derecho a la autonom\u00eda\u201d.<\/p>\n<p class=\"com-paragraph   --s\">Pero los cr\u00edticos creen que esta nueva ley profundizar\u00e1 en la pol\u00edtica de asimilaci\u00f3n del presidente Xi.<\/p>\n<p class=\"com-paragraph   --s\">\u201cLa ley deja m\u00e1s claro que nunca que en la Rep\u00fablica Popular China de Xi Jinping los pueblos deben hacer m\u00e1s para integrarse con la mayor\u00eda Han y, sobre todo, ser leales a Pek\u00edn\u201d, dijo Allen Carlson, profesor asociado de Gobierno en la Universidad de Cornell.<\/p>\n<p class=\"com-paragraph   --s\">Este enfoque en el desarrollo y la prosperidad es \u201crevelador\u201d, le dijo a la BBC el profesor Ian Chong, de la Universidad Nacional de Singapur.<\/p>\n<p class=\"com-paragraph   --s\">\u201cEs f\u00e1cil leer este lenguaje como que los idiomas y culturas minoritarios son atrasados e impedimentos para el avance\u201d.<\/p>\n<p class=\"com-paragraph   --s\">El enfoque de Xi hacia las minor\u00edas es \u201ccoherente con su idea de crear una naci\u00f3n china grande y fuerte con un n\u00facleo han del norte&#8230; las minor\u00edas se ven como ramificaciones de ese n\u00facleo y, por lo tanto, de alguna manera derivadas\u201d, a\u00f1adi\u00f3.<\/p>\n<p class=\"com-paragraph   --s\">\u201cEn la pr\u00e1ctica, esto ha provocado preocupaciones sobre un mayor control y la disminuci\u00f3n o incluso represi\u00f3n de culturas e idiomas minoritarios\u201d.<\/p>\n<div class=\"content-media\">\n<section role=\"button\" class=\"mod-media   \">\n<figure role=\"button\" tabindex=\"0\" class=\"mod-figure \"><figcaption class=\"mod-figcaption\"><span class=\"com-text --caption --twoxs\">En Xinjiang, grupos de derechos humanos han documentado la detenci\u00f3n de un mill\u00f3n de musulmanes uigures<\/span><span class=\"com-text --credit --twoxs\">Getty Images<\/span><\/figcaption><\/figure>\n<\/section>\n<\/div>\n<h3 class=\"com-title --font-primary --l --font-extra\">Minor\u00edas centenarias<\/h3>\n<p class=\"com-paragraph   --s\">En su an\u00e1lisis de la pol\u00e9mica ley, el China Power Project del Centro para los Estudios Estrat\u00e9gicos e Internacionales, cit\u00f3 unas palabras de Mao Tse-Tung, el fundador de la China comunista: \u201cChina es un pa\u00eds con un vasto territorio, rico en recursos y con una gran poblaci\u00f3n; en realidad, es la nacionalidad Han la que tiene una gran poblaci\u00f3n y las nacionalidades minoritarias las que tienen un territorio vasto y con ricos recursos<\/p>\n<p class=\"com-paragraph   --s\">Es cierto que, aunque los chinos Han representan alrededor de un 90% de la poblaci\u00f3n en el censo, las tierras de las minor\u00edas tibetana, uigur y mongola albergan ricos recursos minerales y agr\u00edcolas, y suponen una parte significativa del territorio de China.<\/p>\n<p class=\"com-paragraph   --s\">Estas minor\u00edas han vivido momentos de independencia a lo largo de la historia y viven en territorios grandes y expuestos a contactos con otros pa\u00edses. Tienen sus propias lenguas e incluso sus propia escritura.<\/p>\n<p class=\"com-paragraph   --s\">En ocasiones, han intentado proteger sus culturas resisti\u00e9ndose al control de Pek\u00edn, aunque no tuvieran \u00e9xito, y sus grupos de exiliados son algunos de los m\u00e1s cr\u00edticos con el poder chino.<\/p>\n<p class=\"com-paragraph   --s\">Antes de la nueva ley, a menudo las autoridades chinas pod\u00edan interpretar las normativas existentes a su conveniencia, pero con la nueva norma se hace mucho m\u00e1s f\u00e1cil para los funcionarios aplicar pol\u00edticas que llevan tiempo en preparaci\u00f3n y que ahora vienen con \u00f3rdenes m\u00e1s claras desde la c\u00faspide del Estado.<\/p>\n<section class=\"container-center-100 mb-40 border border-bottom border-thin border-neutral-light-700\">\n<hr\/>\n<\/section>\n<\/div>\n\n","protected":false},"excerpt":{"rendered":"<p>El gobierno chino ha sido acusado durante d\u00e9cadas de aplicar pol\u00edticas represivas para someter a las minor\u00edas \u00e9tnicas de China. Y este jueves, Pek\u00edn aprob\u00f3 una nueva ley para promover la \u201cunidad \u00e9tnica\u201d en el pa\u00eds que algunos temen que erosione a\u00fan m\u00e1s los derechos de esos grupos. Sobre el papel, la ley busca promover [&hellip;]<\/p>\n","protected":false},"author":2,"featured_media":229031,"comment_status":"closed","ping_status":"closed","sticky":false,"template":"","format":"standard","meta":{"footnotes":""},"categories":[1],"tags":[],"class_list":["post-229030","post","type-post","status-publish","format-standard","has-post-thumbnail","hentry","category-uncategorized"],"_links":{"self":[{"href":"https:\/\/radioacuariofm.com.ar\/index.php?rest_route=\/wp\/v2\/posts\/229030","targetHints":{"allow":["GET"]}}],"collection":[{"href":"https:\/\/radioacuariofm.com.ar\/index.php?rest_route=\/wp\/v2\/posts"}],"about":[{"href":"https:\/\/radioacuariofm.com.ar\/index.php?rest_route=\/wp\/v2\/types\/post"}],"author":[{"embeddable":true,"href":"https:\/\/radioacuariofm.com.ar\/index.php?rest_route=\/wp\/v2\/users\/2"}],"replies":[{"embeddable":true,"href":"https:\/\/radioacuariofm.com.ar\/index.php?rest_route=%2Fwp%2Fv2%2Fcomments&post=229030"}],"version-history":[{"count":1,"href":"https:\/\/radioacuariofm.com.ar\/index.php?rest_route=\/wp\/v2\/posts\/229030\/revisions"}],"predecessor-version":[{"id":229032,"href":"https:\/\/radioacuariofm.com.ar\/index.php?rest_route=\/wp\/v2\/posts\/229030\/revisions\/229032"}],"wp:featuredmedia":[{"embeddable":true,"href":"https:\/\/radioacuariofm.com.ar\/index.php?rest_route=\/wp\/v2\/media\/229031"}],"wp:attachment":[{"href":"https:\/\/radioacuariofm.com.ar\/index.php?rest_route=%2Fwp%2Fv2%2Fmedia&parent=229030"}],"wp:term":[{"taxonomy":"category","embeddable":true,"href":"https:\/\/radioacuariofm.com.ar\/index.php?rest_route=%2Fwp%2Fv2%2Fcategories&post=229030"},{"taxonomy":"post_tag","embeddable":true,"href":"https:\/\/radioacuariofm.com.ar\/index.php?rest_route=%2Fwp%2Fv2%2Ftags&post=229030"}],"curies":[{"name":"wp","href":"https:\/\/api.w.org\/{rel}","templated":true}]}}