{"id":229023,"date":"2026-03-12T20:34:53","date_gmt":"2026-03-12T23:34:53","guid":{"rendered":"https:\/\/radioacuariofm.com.ar\/?p=229023"},"modified":"2026-03-12T20:34:54","modified_gmt":"2026-03-12T23:34:54","slug":"que-hay-detras-del-bloqueo-del-estrecho-de-ormuz-y-que-busca-iran","status":"publish","type":"post","link":"https:\/\/radioacuariofm.com.ar\/?p=229023","title":{"rendered":"Qu\u00e9 hay detr\u00e1s del bloqueo del estrecho de Ormuz y qu\u00e9 busca Ir\u00e1n"},"content":{"rendered":"<p> <br \/>\n<\/p>\n<div>\n<p class=\"com-paragraph  --capital --s\">La guerra en Medio Oriente recrudece ahora con un nuevo escenario: <a href=\"https:\/\/www.lanacion.com.ar\/el-mundo\/un-analista-internacional-hablo-de-la-guerra-asimetrica-en-medio-oriente-y-explico-por-que-es-clave-nid11032026\/\" target=\"_self\" title=\"https:\/\/www.lanacion.com.ar\/el-mundo\/un-analista-internacional-hablo-de-la-guerra-asimetrica-en-medio-oriente-y-explico-por-que-es-clave-nid11032026\/\" class=\"com-link break-word\" data-mrf-recirculation=\"n_link_parrafo\">el estrecho de Ormuz<\/a>. En <em>LN+<\/em>, los analistas internacionales <strong>Andr\u00e9s Repetto<\/strong> y <strong>Juan Carlos Ozar\u00e1n<\/strong> opinaron sobre la importancia que cobr\u00f3 en las \u00faltimas horas ese espacio del <strong>golfo P\u00e9rsico<\/strong>. Adem\u00e1s, <a href=\"https:\/\/www.lanacion.com.ar\/el-mundo\/por-que-medio-oriente-es-una-region-en-permanente-conflicto-y-cual-es-el-rol-de-cada-pais-nid09032026\/\" target=\"_self\" title=\"https:\/\/www.lanacion.com.ar\/el-mundo\/por-que-medio-oriente-es-una-region-en-permanente-conflicto-y-cual-es-el-rol-de-cada-pais-nid09032026\/\" class=\"com-link break-word\" data-mrf-recirculation=\"n_link_parrafo\">hicieron referencia al rol de Vadimir Putin y Donald Trump en el conflicto b\u00e9lico<\/a>.<\/p>\n<div class=\"content-media cursor-pointer container-center-100\">\n<section class=\"media-container relative ratio-16-9 mod-media pb-32\">\n<figure class=\"mod-video\">\n<div class=\"video-player bg-black ratio-16-9\" data-has-jwplayer=\"true\" data-video-id-jw=\"9p7uUwLj\" data-config=\"{&quot;title&quot;:&quot;Andres Repetto en LN+&quot;,&quot;mediaId&quot;:&quot;9p7uUwLj&quot;,&quot;playerId&quot;:&quot;ih0086X3&quot;,&quot;playlist&quot;:[{&quot;mediaid&quot;:&quot;9p7uUwLj&quot;,&quot;sources&quot;:[{&quot;file&quot;:&quot;https:\/\/cdn.jwplayer.com\/manifests\/9p7uUwLj.m3u8&quot;,&quot;type&quot;:&quot;application\/vnd.apple.mpegurl&quot;},{&quot;bitrate&quot;:367069,&quot;file&quot;:&quot;https:\/\/cdn.jwplayer.com\/videos\/9p7uUwLj-kTExGaWf.mp4&quot;,&quot;filesize&quot;:25694846,&quot;framerate&quot;:25,&quot;height&quot;:180,&quot;label&quot;:&quot;180p&quot;,&quot;type&quot;:&quot;video\/mp4&quot;,&quot;width&quot;:320},{&quot;bitrate&quot;:574323,&quot;file&quot;:&quot;https:\/\/cdn.jwplayer.com\/videos\/9p7uUwLj-K8B0kybS.mp4&quot;,&quot;filesize&quot;:40202663,&quot;framerate&quot;:25,&quot;height&quot;:270,&quot;label&quot;:&quot;270p&quot;,&quot;type&quot;:&quot;video\/mp4&quot;,&quot;width&quot;:480},{&quot;bitrate&quot;:1503634,&quot;file&quot;:&quot;https:\/\/cdn.jwplayer.com\/videos\/9p7uUwLj-46NIuRKO.mp4&quot;,&quot;filesize&quot;:105254434,&quot;framerate&quot;:25,&quot;height&quot;:720,&quot;label&quot;:&quot;720p&quot;,&quot;type&quot;:&quot;video\/mp4&quot;,&quot;width&quot;:1280},{&quot;bitrate&quot;:113443,&quot;file&quot;:&quot;https:\/\/cdn.jwplayer.com\/videos\/9p7uUwLj-hz5z2Tv4.m4a&quot;,&quot;filesize&quot;:7941032,&quot;label&quot;:&quot;AAC Audio&quot;,&quot;type&quot;:&quot;audio\/mp4&quot;},{&quot;bitrate&quot;:3013174,&quot;file&quot;:&quot;https:\/\/cdn.jwplayer.com\/videos\/9p7uUwLj-SomplJdm.mp4&quot;,&quot;filesize&quot;:210922193,&quot;framerate&quot;:25,&quot;height&quot;:1080,&quot;label&quot;:&quot;1080p&quot;,&quot;type&quot;:&quot;video\/mp4&quot;,&quot;width&quot;:1920},{&quot;bitrate&quot;:623089,&quot;file&quot;:&quot;https:\/\/cdn.jwplayer.com\/videos\/9p7uUwLj-FnZGUVnC.mp4&quot;,&quot;filesize&quot;:43616273,&quot;framerate&quot;:25,&quot;height&quot;:360,&quot;label&quot;:&quot;360p&quot;,&quot;type&quot;:&quot;video\/mp4&quot;,&quot;width&quot;:640},{&quot;bitrate&quot;:991355,&quot;file&quot;:&quot;https:\/\/cdn.jwplayer.com\/videos\/9p7uUwLj-0G6Pwvlw.mp4&quot;,&quot;filesize&quot;:69394903,&quot;framerate&quot;:25,&quot;height&quot;:540,&quot;label&quot;:&quot;540p&quot;,&quot;type&quot;:&quot;video\/mp4&quot;,&quot;width&quot;:960}]}],&quot;hasAutoplay&quot;:false,&quot;autostart&quot;:true,&quot;tagsUrl&quot;:&quot;https:\/\/pubads.g.doubleclick.net\/gampad\/ads?slotname=\/133919216\/la_nacion_video\/nota\/preroll&amp;sz=640x480|400x300&amp;ciu_szs=300x250&amp;unviewed_position_start=1&amp;output=vast&amp;impl=s&amp;env=vp&amp;gdfp_req=1&amp;ad_rule=0&amp;vad_type=linear&amp;vpos=preroll&amp;cust_params=tags_nuevos%3Dte_guerra_en_medio_oriente%2Cte_estados_unidos%2Cte_iran%2Cte_israel%2Cte_ln_%2Cte_audiencia%2Cca_el_mundo%2Cca_ln_%2C%2CEPDQPLD4TVGL5HQQIOKQFL5BFY&amp;pod=3&amp;ppos=1&amp;lip=true&amp;min_ad_duration=0&amp;max_ad_duration=30000&amp;vrid=6256&amp;url=https%3A%2F%2Fwww.lanacion.com.ar%2Fel-mundo%2Fque-hay-detras-del-bloqueo-del-estrecho-de-ormuz-y-que-busca-iran-nid12032026%2F%3Fvariant%3DA&amp;description_url=https%3A%2F%2Fwww.lanacion.com.ar%2Fel-mundo%2Fque-hay-detras-del-bloqueo-del-estrecho-de-ormuz-y-que-busca-iran-nid12032026%2F%3Fvariant%3DA&amp;video_doc_id=short_onecue&amp;cmsid=496&amp;kfa=0&amp;tfcd=0&amp;correlator=1773357977146&quot;,&quot;arcSite&quot;:&quot;la-nacion-ar&quot;}\">\n<div id=\"facade-9p7uUwLj\" class=\"content-facade-jw relative bg-black ratio-16-9\"><picture><source media=\"(max-width: 767px)\" srcset=\"https:\/\/resizer.glanacion.com\/resizer\/v2\/https%3A%2F%2Fcdn.jwplayer.com%2Fv2%2Fmedia%2F9p7uUwLj%2Fposter.jpg%3Fwidth%3D720?auth=e021d9c15a724e6e6b390fe7614cdf4e78256e7808add5dd1dacbd57bf1708dc&amp;width=480&amp;quality=70&amp;smart=false\"\/><\/picture><\/div>\n<\/div><figcaption class=\"border border-1 border-bottom border-light-300 relative px-16 py-8 min-h-36 w-100_md px-0_l mb-8 bg-white\"><span class=\"text ln-text text-16 block\">Andres Repetto en LN+<\/span><\/figcaption><\/figure>\n<\/section>\n<\/div>\n<p class=\"com-paragraph   --s\">\u201c<a href=\"https:\/\/www.lanacion.com.ar\/el-mundo\/que-hay-detras-de-la-guerra-de-medio-oriente-y-que-busca-cada-pais-involucrado-nid11032026\/\" target=\"_self\" title=\"https:\/\/www.lanacion.com.ar\/el-mundo\/que-hay-detras-de-la-guerra-de-medio-oriente-y-que-busca-cada-pais-involucrado-nid11032026\/\" class=\"com-link break-word\" data-mrf-recirculation=\"n_link_parrafo\">Con la ofensiva del Pent\u00e1gono sobre el estrecho de Ormuz<\/a>, lo que Estados Unidos est\u00e1 diciendo es: <strong>estamos destrozando los buques iran\u00edes que est\u00e1n plantando minas en un paso vital para el petr\u00f3leo<\/strong>. Esto forma parte de lo que se llama guerra asim\u00e9trica entre Ir\u00e1n y Estados Unidos\u201d, explic\u00f3 Repetto.<\/p>\n<p class=\"com-paragraph   --s\">En consonancia, el analista explic\u00f3 que la estrategia de Ir\u00e1n responde a lo que se conoce como <strong>guerra asim\u00e9trica<\/strong>, \u201cporque no tiene el mismo poder\u00edo que Israel y Estados Unidos\u201d.<\/p>\n<p class=\"com-paragraph   --s\">Por su parte, Juan Carlos Ozar\u00e1n agreg\u00f3: \u201cNi Irak ni Siria est\u00e1n en condiciones de apoyar acciones militares porque <strong>no tienen la capacidad y a esta altura tampoco tienen la intenci\u00f3n<\/strong>\u201d.<\/p>\n<div class=\"content-media cursor-pointer container-center-100\">\n<section class=\"media-container relative ratio-16-9 mod-media pb-32\">\n<figure class=\"mod-video\">\n<div class=\"video-player bg-black ratio-16-9\" data-has-jwplayer=\"true\" data-video-id-jw=\"8WavLf1k\" data-config=\"{&quot;title&quot;:&quot;Juan Carlos Ozaran, especialista en defensa e inteligencia&quot;,&quot;mediaId&quot;:&quot;8WavLf1k&quot;,&quot;playerId&quot;:&quot;ih0086X3&quot;,&quot;playlist&quot;:[{&quot;mediaid&quot;:&quot;8WavLf1k&quot;,&quot;sources&quot;:[{&quot;file&quot;:&quot;https:\/\/cdn.jwplayer.com\/manifests\/8WavLf1k.m3u8&quot;,&quot;type&quot;:&quot;application\/vnd.apple.mpegurl&quot;},{&quot;bitrate&quot;:335193,&quot;file&quot;:&quot;https:\/\/cdn.jwplayer.com\/videos\/8WavLf1k-kTExGaWf.mp4&quot;,&quot;filesize&quot;:28952341,&quot;framerate&quot;:25,&quot;height&quot;:180,&quot;label&quot;:&quot;180p&quot;,&quot;type&quot;:&quot;video\/mp4&quot;,&quot;width&quot;:320},{&quot;bitrate&quot;:500461,&quot;file&quot;:&quot;https:\/\/cdn.jwplayer.com\/videos\/8WavLf1k-K8B0kybS.mp4&quot;,&quot;filesize&quot;:43227360,&quot;framerate&quot;:25,&quot;height&quot;:270,&quot;label&quot;:&quot;270p&quot;,&quot;type&quot;:&quot;video\/mp4&quot;,&quot;width&quot;:480},{&quot;bitrate&quot;:1337319,&quot;file&quot;:&quot;https:\/\/cdn.jwplayer.com\/videos\/8WavLf1k-46NIuRKO.mp4&quot;,&quot;filesize&quot;:115510952,&quot;framerate&quot;:25,&quot;height&quot;:720,&quot;label&quot;:&quot;720p&quot;,&quot;type&quot;:&quot;video\/mp4&quot;,&quot;width&quot;:1280},{&quot;bitrate&quot;:113517,&quot;file&quot;:&quot;https:\/\/cdn.jwplayer.com\/videos\/8WavLf1k-hz5z2Tv4.m4a&quot;,&quot;filesize&quot;:9805045,&quot;label&quot;:&quot;AAC Audio&quot;,&quot;type&quot;:&quot;audio\/mp4&quot;},{&quot;bitrate&quot;:2742874,&quot;file&quot;:&quot;https:\/\/cdn.jwplayer.com\/videos\/8WavLf1k-SomplJdm.mp4&quot;,&quot;filesize&quot;:236915793,&quot;framerate&quot;:25,&quot;height&quot;:1080,&quot;label&quot;:&quot;1080p&quot;,&quot;type&quot;:&quot;video\/mp4&quot;,&quot;width&quot;:1920},{&quot;bitrate&quot;:532015,&quot;file&quot;:&quot;https:\/\/cdn.jwplayer.com\/videos\/8WavLf1k-FnZGUVnC.mp4&quot;,&quot;filesize&quot;:45952809,&quot;framerate&quot;:25,&quot;height&quot;:360,&quot;label&quot;:&quot;360p&quot;,&quot;type&quot;:&quot;video\/mp4&quot;,&quot;width&quot;:640},{&quot;bitrate&quot;:886487,&quot;file&quot;:&quot;https:\/\/cdn.jwplayer.com\/videos\/8WavLf1k-0G6Pwvlw.mp4&quot;,&quot;filesize&quot;:76570393,&quot;framerate&quot;:25,&quot;height&quot;:540,&quot;label&quot;:&quot;540p&quot;,&quot;type&quot;:&quot;video\/mp4&quot;,&quot;width&quot;:960}]}],&quot;hasAutoplay&quot;:false,&quot;autostart&quot;:true,&quot;tagsUrl&quot;:&quot;https:\/\/pubads.g.doubleclick.net\/gampad\/ads?slotname=\/133919216\/la_nacion_video\/nota\/preroll&amp;sz=640x480|400x300&amp;ciu_szs=300x250&amp;unviewed_position_start=1&amp;output=vast&amp;impl=s&amp;env=vp&amp;gdfp_req=1&amp;ad_rule=0&amp;vad_type=linear&amp;vpos=preroll&amp;cust_params=tags_nuevos%3Dte_guerra_en_medio_oriente%2Cte_estados_unidos%2Cte_iran%2Cte_israel%2Cte_ln_%2Cte_audiencia%2Cca_el_mundo%2Cca_ln_%2C%2CEPDQPLD4TVGL5HQQIOKQFL5BFY&amp;pod=3&amp;ppos=1&amp;lip=true&amp;min_ad_duration=0&amp;max_ad_duration=30000&amp;vrid=6256&amp;url=https%3A%2F%2Fwww.lanacion.com.ar%2Fel-mundo%2Fque-hay-detras-del-bloqueo-del-estrecho-de-ormuz-y-que-busca-iran-nid12032026%2F%3Fvariant%3DA&amp;description_url=https%3A%2F%2Fwww.lanacion.com.ar%2Fel-mundo%2Fque-hay-detras-del-bloqueo-del-estrecho-de-ormuz-y-que-busca-iran-nid12032026%2F%3Fvariant%3DA&amp;video_doc_id=short_onecue&amp;cmsid=496&amp;kfa=0&amp;tfcd=0&amp;correlator=1773357977146&quot;,&quot;arcSite&quot;:&quot;la-nacion-ar&quot;}\">\n<div id=\"facade-8WavLf1k\" class=\"content-facade-jw relative bg-black ratio-16-9\"><picture><source media=\"(max-width: 767px)\" srcset=\"https:\/\/resizer.glanacion.com\/resizer\/v2\/https%3A%2F%2Fcdn.jwplayer.com%2Fv2%2Fmedia%2F8WavLf1k%2Fposter.jpg%3Fwidth%3D720?auth=473248cc502b8475bd1670d3b8aeca7b8357fbf7c91c091004eace5f0f80fda5&amp;width=480&amp;quality=70&amp;smart=false\"\/><img class=\"image com-image flex --cover\" decoding=\"async\" fetchpriority=\"low\" loading=\"lazy\" src=\"https:\/\/radioacuariofm.com.ar\/wp-content\/uploads\/2026\/03\/https:\/\/cdn.jwplayer.com\/v2\/media\/8WavLf1k\/poster.jpg\" alt=\"Juan Carlos Ozaran, especialista en defensa e inteligencia\"\/><\/picture><\/div>\n<\/div><figcaption class=\"border border-1 border-bottom border-light-300 relative px-16 py-8 min-h-36 w-100_md px-0_l mb-8 bg-white\"><span class=\"text ln-text text-16 block\">Juan Carlos Ozaran, especialista en defensa e inteligencia<\/span><\/figcaption><\/figure>\n<\/section>\n<\/div>\n<p class=\"com-paragraph   --s\">Luego <strong>plante\u00f3 <\/strong>que la disputa regional no solo responde a intereses geopol\u00edticos, sino tambi\u00e9n a tensiones religiosas dentro del propio Islam. <\/p>\n<p class=\"com-paragraph   --s\">Seg\u00fan explic\u00f3 Ozar\u00e1n, <strong>Ir\u00e1n busca desestabilizar a las monarqu\u00edas del Golfo<\/strong>, tanto desde el plano econ\u00f3mico como pol\u00edtico, con el objetivo de debilitar a los pa\u00edses petroleros y generar presi\u00f3n sobre sus econom\u00edas. <\/p>\n<p class=\"com-paragraph   --s\">Al momento de analizar la centralidad del estrecho, Repetto apunt\u00f3 que \u201cse trata de un punto cr\u00edtico por el que <strong>circulan grandes vol\u00famenes de petr\u00f3leo <\/strong>y otras mercanc\u00edas clave para la econom\u00eda mundial, por lo que cualquier alteraci\u00f3n en ese paso genera un fuerte impacto internacional\u00bb.<\/p>\n<p><iframe loading=\"lazy\" title=\"D\u00eda 13 de la guerra en Medio Oriente: bases europeas usadas por EE.UU.\" width=\"1170\" height=\"658\" src=\"https:\/\/www.youtube.com\/embed\/DStNsLN1JtU?wmode=transparent&amp;rel=0&amp;feature=oembed\" frameborder=\"0\" allow=\"accelerometer; autoplay; clipboard-write; encrypted-media; gyroscope; picture-in-picture; web-share\" referrerpolicy=\"strict-origin-when-cross-origin\" allowfullscreen><\/iframe><\/p>\n<p class=\"com-paragraph   --s\">El analista se\u00f1al\u00f3 que la decisi\u00f3n de minar esa geograf\u00eda del Golfo responde a su enorme importancia estrat\u00e9gica para el comercio global. \u201c<strong>Por eso Ir\u00e1n decidi\u00f3 minar Ormuz\u201d<\/strong>, resumi\u00f3 Repetto. <\/p>\n<p class=\"com-paragraph   --s\">Desde la \u00f3ptica de Ozar\u00e1n, el enfrentamiento en Medio Oriente tiene un componente ideol\u00f3gico que se remonta a varios a\u00f1os. <strong>\u201cIr\u00e1n, desde la d\u00e9cada del 70, habla de la destrucci\u00f3n del gran y peque\u00f1o Sat\u00e1n, Estados Unidos e Israel\u201d<\/strong>, sostuvo.<\/p>\n<p class=\"com-paragraph   --s\">Para el analista, <strong>ese discurso consolid\u00f3 una confrontaci\u00f3n pol\u00edtica con Washington y con el Estado israel\u00ed<\/strong> que sigue condicionando el escenario regional.<\/p>\n<p><iframe loading=\"lazy\" title=\"Guerra en Medio Oriente: expectativa por la palabra de Khamenei\" width=\"1170\" height=\"658\" src=\"https:\/\/www.youtube.com\/embed\/XYypGBIV8JE?wmode=transparent&amp;rel=0&amp;feature=oembed\" frameborder=\"0\" allow=\"accelerometer; autoplay; clipboard-write; encrypted-media; gyroscope; picture-in-picture; web-share\" referrerpolicy=\"strict-origin-when-cross-origin\" allowfullscreen><\/iframe><\/p>\n<p class=\"com-paragraph   --s\">Mirando en direcci\u00f3n a Estados Unidos, Repetto advirti\u00f3 que el conflicto no se desarrolla \u00fanicamente en el terreno militar, sino tambi\u00e9n en el plano pol\u00edtico y medi\u00e1tico. <strong>\u201cLa guerra se libra en varios frentes: en lo militar y en las declaraciones de Trump\u201d<\/strong>, afirm\u00f3.<\/p>\n<p class=\"com-paragraph   --s\">Por \u00faltimo, el experto puso el foco sobre la potencia que preside Vladimir Putin. <strong>\u201cUno de los m\u00e1s favorecidos del conflicto es Rusia, porque a partir de la guerra, la India puede comprarle su petr\u00f3leo\u201d<\/strong>, cerr\u00f3. <\/p>\n<section class=\"container-center-100 mb-40 border border-bottom border-thin border-neutral-light-700\">\n<hr\/>\n<\/section>\n<\/div>\n\n","protected":false},"excerpt":{"rendered":"<p>La guerra en Medio Oriente recrudece ahora con un nuevo escenario: el estrecho de Ormuz. En LN+, los analistas internacionales Andr\u00e9s Repetto y Juan Carlos Ozar\u00e1n opinaron sobre la importancia que cobr\u00f3 en las \u00faltimas horas ese espacio del golfo P\u00e9rsico. Adem\u00e1s, hicieron referencia al rol de Vadimir Putin y Donald Trump en el conflicto [&hellip;]<\/p>\n","protected":false},"author":2,"featured_media":229024,"comment_status":"closed","ping_status":"closed","sticky":false,"template":"","format":"standard","meta":{"footnotes":""},"categories":[1],"tags":[],"class_list":["post-229023","post","type-post","status-publish","format-standard","has-post-thumbnail","hentry","category-uncategorized"],"_links":{"self":[{"href":"https:\/\/radioacuariofm.com.ar\/index.php?rest_route=\/wp\/v2\/posts\/229023","targetHints":{"allow":["GET"]}}],"collection":[{"href":"https:\/\/radioacuariofm.com.ar\/index.php?rest_route=\/wp\/v2\/posts"}],"about":[{"href":"https:\/\/radioacuariofm.com.ar\/index.php?rest_route=\/wp\/v2\/types\/post"}],"author":[{"embeddable":true,"href":"https:\/\/radioacuariofm.com.ar\/index.php?rest_route=\/wp\/v2\/users\/2"}],"replies":[{"embeddable":true,"href":"https:\/\/radioacuariofm.com.ar\/index.php?rest_route=%2Fwp%2Fv2%2Fcomments&post=229023"}],"version-history":[{"count":1,"href":"https:\/\/radioacuariofm.com.ar\/index.php?rest_route=\/wp\/v2\/posts\/229023\/revisions"}],"predecessor-version":[{"id":229025,"href":"https:\/\/radioacuariofm.com.ar\/index.php?rest_route=\/wp\/v2\/posts\/229023\/revisions\/229025"}],"wp:featuredmedia":[{"embeddable":true,"href":"https:\/\/radioacuariofm.com.ar\/index.php?rest_route=\/wp\/v2\/media\/229024"}],"wp:attachment":[{"href":"https:\/\/radioacuariofm.com.ar\/index.php?rest_route=%2Fwp%2Fv2%2Fmedia&parent=229023"}],"wp:term":[{"taxonomy":"category","embeddable":true,"href":"https:\/\/radioacuariofm.com.ar\/index.php?rest_route=%2Fwp%2Fv2%2Fcategories&post=229023"},{"taxonomy":"post_tag","embeddable":true,"href":"https:\/\/radioacuariofm.com.ar\/index.php?rest_route=%2Fwp%2Fv2%2Ftags&post=229023"}],"curies":[{"name":"wp","href":"https:\/\/api.w.org\/{rel}","templated":true}]}}