{"id":229017,"date":"2026-03-12T19:34:13","date_gmt":"2026-03-12T22:34:13","guid":{"rendered":"https:\/\/radioacuariofm.com.ar\/?p=229017"},"modified":"2026-03-12T19:34:14","modified_gmt":"2026-03-12T22:34:14","slug":"el-nuevo-presidente-de-chile-estreno-su-gestion-con-el-plan-de-escudo-fronterizo-para-el-control-de-migracion-irregular","status":"publish","type":"post","link":"https:\/\/radioacuariofm.com.ar\/?p=229017","title":{"rendered":"El nuevo presidente de Chile estren\u00f3 su gesti\u00f3n con el \u00abPlan de Escudo Fronterizo\u00bb para el control de migraci\u00f3n irregular"},"content":{"rendered":"<p> <br \/>\n<\/p>\n<div>\n<p class=\"com-paragraph  --capital --s\">El flamante presidente de <strong>Chile<\/strong>, <strong>Jos\u00e9 Antonio Kast<\/strong>, inaugur\u00f3 su gesti\u00f3n con una bater\u00eda de decretos que colocaron <strong>el control migratorio<\/strong> en el centro de su agenda. Entre las primeras medidas firmadas despu\u00e9s de asumir se destac\u00f3 la puesta en marcha del <strong>Plan Escudo Fronterizo<\/strong> que busca \u201cgestionar cambios legales para <strong>desincentivar la inmigraci\u00f3n irregular<\/strong>\u201d y la \u201cconstrucci\u00f3n de barreras f\u00edsicas\u201d en las fronteras. Sus medidas se inspiran en las pol\u00edticas aplicadas por el presidente salvadore\u00f1o Nayib Bukele y el estadounidense <a href=\"https:\/\/www.lanacion.com.ar\/cultura\/el-rey-del-mundo-colocan-una-estatua-satirica-de-donald-trump-y-jeffrey-epstein-como-jack-y-rose-la-nid11032026\/\" target=\"_self\" title=\"https:\/\/www.lanacion.com.ar\/cultura\/el-rey-del-mundo-colocan-una-estatua-satirica-de-donald-trump-y-jeffrey-epstein-como-jack-y-rose-la-nid11032026\/\" class=\"com-link break-word\" data-mrf-recirculation=\"n_link_parrafo\">Donald Trump<\/a>. <\/p>\n<p class=\"com-paragraph   --s\">Las resoluciones fueron firmadas en la noche del mi\u00e9rcoles, <a href=\"https:\/\/www.lanacion.com.ar\/el-mundo\/chile-gira-a-la-derecha-kast-asume-el-poder-con-milei-entre-los-invitados-y-la-ausencia-de-lula-nid11032026\/\" target=\"_self\" title=\"https:\/\/www.lanacion.com.ar\/el-mundo\/chile-gira-a-la-derecha-kast-asume-el-poder-con-milei-entre-los-invitados-y-la-ausencia-de-lula-nid11032026\/\" class=\"com-link break-word\" data-mrf-recirculation=\"n_link_parrafo\">pocas horas despu\u00e9s de la jura presidencial<\/a>, y se dieron a conocer este jueves. Estrenaron lo que el presidente denomin\u00f3 como un <strong>\u201cgobierno de emergencia\u201d<\/strong>. Dentro del paquete de medidas es que se incluy\u00f3 la lucha contra <strong>la inmigraci\u00f3n irregular<\/strong>, un tema que fue clave y central en su campa\u00f1a electoral. <\/p>\n<p class=\"com-paragraph   --s\">En ese entonces, Kast prometi\u00f3 un <strong>\u201cescudo fronterizo\u201d <\/strong>que inclu\u00eda vallas, zanjas y c\u00e1maras, adem\u00e1s de blindar los puntos cr\u00edticos con Per\u00fa y Bolivia y prometer la <strong>expulsi\u00f3n de los migrantes indocumentados<\/strong> junto a sus familias. En total, para octubre de 2025, estimaban que hab\u00eda 337.000 inmigrantes irregulares, seg\u00fan cifras oficiales. <\/p>\n<div class=\"content-media\">\n<section role=\"button\" class=\"mod-media   \">\n<figure role=\"button\" tabindex=\"0\" class=\"mod-figure \"><figcaption class=\"mod-figcaption\"><span class=\"com-text --caption --twoxs\">Un oficial de polic\u00eda dirige el tr\u00e1fico en el cruce fronterizo de Chacalluta en Arica, Chile, mientras los migrantes esperan para cruzar a Per\u00fa<\/span><span class=\"com-text --credit --twoxs\">Ibar Silva &#8211; AP<\/span><\/figcaption><\/figure>\n<\/section>\n<\/div>\n<p class=\"com-paragraph   --s\">La gran mayor\u00eda de los indocumentados ingresan <strong>desde Per\u00fa o <\/strong><a href=\"https:\/\/www.lanacion.com.ar\/seguridad\/los-carteles-de-sinaloa-y-jalisco-se-instalaron-en-bolivia-para-producir-cocaina-y-embarcarla-en-nid24022026\/\" target=\"_self\" title=\"https:\/\/www.lanacion.com.ar\/seguridad\/los-carteles-de-sinaloa-y-jalisco-se-instalaron-en-bolivia-para-producir-cocaina-y-embarcarla-en-nid24022026\/\" class=\"com-link break-word\" data-mrf-recirculation=\"n_link_parrafo\"><strong>Bolivia<\/strong><\/a> por <strong>pasos clandestinos<\/strong> a lo largo de los 1029 kil\u00f3metros de frontera. Este jueves Kast dispuso declarar como <strong>zona militar<\/strong> al sector m\u00e1s vulnerable de la frontera con Bolivia y ampli\u00f3 las facultades de las Fuerzas Armadas y de seguridad en las regiones de <strong>Arica y Parinacota<\/strong>, <strong>Tarapac\u00e1 y Antofagasta<\/strong>, donde se concentran gran parte de los cruces irregulares. <\/p>\n<p class=\"com-paragraph   --s\">El almirante Alberto Soto fue designado como comisionado presidencial para la regi\u00f3n, con la tarea de <strong>coordinar las distintas instituciones involucradas en el control migratorio<\/strong> y la seguridad fronteriza. En su <a href=\"https:\/\/www.lanacion.com.ar\/el-mundo\/kast-asume-con-el-desafio-de-cumplir-una-ambiciosa-agenda-en-medio-de-un-complicado-escenario-nid10032026\/\" target=\"_self\" title=\"https:\/\/www.lanacion.com.ar\/el-mundo\/kast-asume-con-el-desafio-de-cumplir-una-ambiciosa-agenda-en-medio-de-un-complicado-escenario-nid10032026\/\" class=\"com-link break-word\" data-mrf-recirculation=\"n_link_parrafo\">discurso de asunci\u00f3n<\/a>, Kast asegur\u00f3 que las fuerzas de seguridad contar\u00e1n con \u201c<strong>todo el respaldo de la ley<\/strong>, los recursos del Estado y la voluntad pol\u00edtica que durante tanto tiempo les falt\u00f3\u201d. <\/p>\n<p class=\"com-paragraph   --s\">El mandatario determin\u00f3 la implementaci\u00f3n inmediata del Plan Escudo Fronterizo bajo el liderazgo del <strong>Ej\u00e9rcito<\/strong>. La medida instruye <strong>\u201cgestionar cambios legales para desincentivar la inmigraci\u00f3n irregular\u201d<\/strong> y la \u201cconstrucci\u00f3n de barreras f\u00edsicas\u201d en sectores fronterizos estrat\u00e9gicos.<\/p>\n<div class=\"content-media\">\n<section role=\"button\" class=\"mod-media   \">\n<figure role=\"button\" tabindex=\"0\" class=\"mod-figure \"><figcaption class=\"mod-figcaption\"><span class=\"com-text --caption --twoxs\">Jos\u00e9 Antonio Kast junto a Donald Trump en el encuentro del Escudo de las Am\u00e9ricas <\/span><span class=\"com-text --credit --twoxs\">SAUL LOEB  &#8211; AFP <\/span><\/figcaption><\/figure>\n<\/section>\n<\/div>\n<p class=\"com-paragraph   --s\">Por fuera del plan de control migratorio irregular, Kast dispuso una <strong>auditor\u00eda integral<\/strong> en todos los ministerios y organismos del Estado con el objetivo de <strong>detectar y denunciar posibles irregularidades<\/strong> en la administraci\u00f3n p\u00fablica. <\/p>\n<p class=\"com-paragraph   --s\">Tambi\u00e9n orden\u00f3 <strong>la aceleraci\u00f3n de decenas de tr\u00e1mites administrativos<\/strong> que, seg\u00fan el gobierno, mantienen paralizadas las inversiones por <strong>unos 16.000 millones de d\u00f3lares<\/strong>, aunque no detall\u00f3 qu\u00e9 proyectos est\u00e1n involucrados. <\/p>\n<p class=\"com-paragraph   --s\">Otra de las decisiones apunta a agilizar el plan de <strong>reconstrucci\u00f3n habitacional y urbana<\/strong> en las zonas afectadas por los <strong>incendios forestales<\/strong> que en <strong>enero<\/strong> devastaron amplias \u00e1reas del sur de Chile y dejaron al menos 23 muertos. <\/p>\n<p class=\"com-paragraph   --s\"><em><strong>Con informaci\u00f3n de AP y AFP<\/strong><\/em><\/p>\n<section class=\"container-center-100 mb-40 border border-bottom border-thin border-neutral-light-700\">\n<hr\/>\n<\/section>\n<\/div>\n\n","protected":false},"excerpt":{"rendered":"<p>El flamante presidente de Chile, Jos\u00e9 Antonio Kast, inaugur\u00f3 su gesti\u00f3n con una bater\u00eda de decretos que colocaron el control migratorio en el centro de su agenda. Entre las primeras medidas firmadas despu\u00e9s de asumir se destac\u00f3 la puesta en marcha del Plan Escudo Fronterizo que busca \u201cgestionar cambios legales para desincentivar la inmigraci\u00f3n irregular\u201d [&hellip;]<\/p>\n","protected":false},"author":2,"featured_media":229018,"comment_status":"closed","ping_status":"closed","sticky":false,"template":"","format":"standard","meta":{"footnotes":""},"categories":[1],"tags":[],"class_list":["post-229017","post","type-post","status-publish","format-standard","has-post-thumbnail","hentry","category-uncategorized"],"_links":{"self":[{"href":"https:\/\/radioacuariofm.com.ar\/index.php?rest_route=\/wp\/v2\/posts\/229017","targetHints":{"allow":["GET"]}}],"collection":[{"href":"https:\/\/radioacuariofm.com.ar\/index.php?rest_route=\/wp\/v2\/posts"}],"about":[{"href":"https:\/\/radioacuariofm.com.ar\/index.php?rest_route=\/wp\/v2\/types\/post"}],"author":[{"embeddable":true,"href":"https:\/\/radioacuariofm.com.ar\/index.php?rest_route=\/wp\/v2\/users\/2"}],"replies":[{"embeddable":true,"href":"https:\/\/radioacuariofm.com.ar\/index.php?rest_route=%2Fwp%2Fv2%2Fcomments&post=229017"}],"version-history":[{"count":1,"href":"https:\/\/radioacuariofm.com.ar\/index.php?rest_route=\/wp\/v2\/posts\/229017\/revisions"}],"predecessor-version":[{"id":229019,"href":"https:\/\/radioacuariofm.com.ar\/index.php?rest_route=\/wp\/v2\/posts\/229017\/revisions\/229019"}],"wp:featuredmedia":[{"embeddable":true,"href":"https:\/\/radioacuariofm.com.ar\/index.php?rest_route=\/wp\/v2\/media\/229018"}],"wp:attachment":[{"href":"https:\/\/radioacuariofm.com.ar\/index.php?rest_route=%2Fwp%2Fv2%2Fmedia&parent=229017"}],"wp:term":[{"taxonomy":"category","embeddable":true,"href":"https:\/\/radioacuariofm.com.ar\/index.php?rest_route=%2Fwp%2Fv2%2Fcategories&post=229017"},{"taxonomy":"post_tag","embeddable":true,"href":"https:\/\/radioacuariofm.com.ar\/index.php?rest_route=%2Fwp%2Fv2%2Ftags&post=229017"}],"curies":[{"name":"wp","href":"https:\/\/api.w.org\/{rel}","templated":true}]}}