{"id":229014,"date":"2026-03-12T19:24:54","date_gmt":"2026-03-12T22:24:54","guid":{"rendered":"https:\/\/radioacuariofm.com.ar\/?p=229014"},"modified":"2026-03-12T19:24:55","modified_gmt":"2026-03-12T22:24:55","slug":"elogios-a-la-gran-apuesta-oficial-y-el-ruido-que-se-colo-en-los-pasillos","status":"publish","type":"post","link":"https:\/\/radioacuariofm.com.ar\/?p=229014","title":{"rendered":"Elogios a la gran apuesta oficial y el \u201cruido\u201d que se col\u00f3 en los pasillos"},"content":{"rendered":"<p><\/p>\n<div>\n<p class=\"com-paragraph  --capital --s\">NUEVA YORK.- Dos ejecutivos de una compa\u00f1\u00eda petrolera conversan animadamente fuera de un sal\u00f3n del <strong>Bank of America <\/strong>y resaltan la <strong>\u201cmagnitud\u201d<\/strong> de la <strong>\u201cArgentina Week\u201d<\/strong>, que congreg\u00f3 a unos 400 empresarios. <strong>\u201cVengo hace muchos a\u00f1os a Nueva York y nunca hab\u00eda visto algo as\u00ed\u201d<\/strong>, afirma uno. Cerca, en una mesa redonda, un ejecutivo del sector de infraestructura <em>scrollea<\/em> su celular con el cr\u00edtico comunicado de la <strong>Uni\u00f3n Industrial Argentina (UIA)<\/strong> por la embestida de <strong>Javier Milei<\/strong> contra <strong>Paolo Rocca<\/strong> (Techint) y<strong> Javier Madanes Quintanilla<\/strong> (Fate-Aluar).<\/p>\n<p class=\"com-paragraph   --s\">\u201cEl comunicado no sirve para desescalar la pelea, pero <strong>tampoco se pod\u00edan quedar en el molde<\/strong>. [Milei] fue muy duro\u201d, evalu\u00f3 el ejecutivo, que r\u00e1pidamente le muestra la noticia a un colega en la mesa. \u201c\u00bfQu\u00e9 iban a hacer? Tambi\u00e9n hay que estar en los zapatos del que le toca quedar en una pelea con el Presidente\u00bb, suma.<\/p>\n<div class=\"content-media\">\n<section role=\"button\" class=\"mod-media   \">\n<figure role=\"button\" tabindex=\"0\" class=\"mod-figure \"><figcaption class=\"mod-figcaption\"><span class=\"com-text --caption --twoxs\">Javier Milei y Karina Milei, junto a gobernadores, en Nueva York<\/span><span class=\"com-text --credit --twoxs\">@alfredocornejo<\/span><\/figcaption><\/figure>\n<\/section>\n<\/div>\n<p class=\"com-paragraph   --s\">Los cuatro d\u00edas de la primera edici\u00f3n de la \u201cArgentina Week\u201d, una gran apuesta del Gobierno para cautivar a inversores en Nueva York, pasaron entre los <strong>elogios <\/strong>de los empresarios al nivel del evento y el desaf\u00edo que se abre a partir de ahora para capitalizarlo, al indudable <strong>malestar <\/strong>que gener\u00f3 en muchos ejecutivos el ataque de Milei en su discurso en un sal\u00f3n abarrotado del piso 15 de la sede del JP Morgan. <\/p>\n<p class=\"com-paragraph   --s\"><strong>\u201cNo me siento identificado con las palabras del Presidente, para nada\u201d<\/strong>, se\u00f1al\u00f3 un importante ejecutivo de una empresa automotriz en un <em>cocktail<\/em> organizado por el Citi en su sede en Tribeca. El discurso desencaden\u00f3 un fuerte comunicado de la UIA, que manifest\u00f3 su <strong>\u201cprofundo malestar y preocupaci\u00f3n\u201d <\/strong>y denunci\u00f3 un <strong>\u201cagravio injusto\u201d<\/strong>.<\/p>\n<div class=\"content-media\">\n<section role=\"button\" class=\"mod-media   \">\n<figure role=\"button\" tabindex=\"0\" class=\"mod-figure \"><figcaption class=\"mod-figcaption\"><span class=\"com-text --caption --twoxs\">Alejandro Bulgheroni y los ministros Federico Sturzenegger, Mario Lugones y Manuel Adorni, en la \u00abArgentina Week\u00bb<\/span><span class=\"com-text --credit --twoxs\">Prensa Ministerio de Salud<\/span><\/figcaption><\/figure>\n<\/section>\n<\/div>\n<p class=\"com-paragraph   --s\">\u201cLo de la UIA era previsible, pero siento que es momento de <strong>parar la pelota y mirar para adelante<\/strong>, dar vuelta la p\u00e1gina. Ya todos saben c\u00f3mo es Javier\u201d, dijo a <strong>LA NACION<\/strong> un representante de uno de los principales bancos del pa\u00eds. <\/p>\n<p class=\"com-paragraph   --s\">El embate del Presidente contra los \u201cempresarios prebendarios\u201d se col\u00f3 -ineludiblemente- en charlas de pasillo de cada encuentro que rode\u00f3 la \u201cArgentina Week\u201d, ya sea en el <strong>JP Morgan<\/strong>, el <strong>Bank of America <\/strong>y el<strong> consulado argentino<\/strong> como en los <em>cocktails <\/em>del <strong>Citi<\/strong> y de la <strong>C\u00e1mara de Comercio de Estados Unidos en la Argentina (AmCham)<\/strong>, el mi\u00e9rcoles, en la sede de Microsoft en Times Square.<\/p>\n<p class=\"com-paragraph   --s\"><strong>\u201cNo era el \u00e1mbito para hacerlo, sobre todo cuando est\u00e1s viniendo a otro pa\u00eds a cautivar inversores\u201d, <\/strong>dijo otro ejecutivo del rubro tecnol\u00f3gico. \u201cPero m\u00e1s all\u00e1 de esto, que obviamente gener\u00f3 ruido, el evento en s\u00ed fue muy bueno. Haber juntado a tantas personas del peso espec\u00edfico que hubo es sensacional, y ahora est\u00e1 en nosotros aprovecharlo\u201d, a\u00f1adi\u00f3, luego de salir de un panel sobre Vaca Muerta que congreg\u00f3 a Mark Nelson, vicepresidente de Chevron; Harold Hamm, fundador y CEO de Continental Resources, y Miguel Galuccio, fundador y CEO de Vista Energy.<\/p>\n<div class=\"content-media\">\n<section role=\"button\" class=\"mod-media   \">\n<figure role=\"button\" tabindex=\"0\" class=\"mod-figure \"><figcaption class=\"mod-figcaption\"><span class=\"com-text --caption --twoxs\">La sede del Bank of America, en el segundo d\u00eda del \u00abArgentina Week\u00bb<\/span><span class=\"com-text --credit --twoxs\">Guillermo Idiart<\/span><\/figcaption><\/figure>\n<\/section>\n<\/div>\n<p class=\"com-paragraph   --s\">Tambi\u00e9n se inmiscuy\u00f3 en las charlas de los d\u00edas neoyorquinos la <strong>pol\u00e9mica que rode\u00f3 al jefe de Gabinete, Manuel Adorni<\/strong>, por el viaje de su esposa a Estados Unidos en el avi\u00f3n presidencial. En el Gobierno intentaron minimizarlo. <strong>\u201cEra un no tema. Los inversores no estaban mirando eso\u201d<\/strong>, dijeron, y mostraron su satisfacci\u00f3n con el evento. Muchos lo catalogaron de \u201chist\u00f3rico\u201d, \u201cin\u00e9dito\u201d y \u201cpunto de inflexi\u00f3n\u201d, y esperan repetirlo en 2027.<\/p>\n<p class=\"com-paragraph   --s\">Para algunos empresarios el \u201cruido\u201d se amplific\u00f3 por el <strong>rol de Adorni en la \u201cArgentina Week\u201d<\/strong>, que se mantuvo sin alteraciones. Dio el discurso inaugural el lunes en el consulado, otro de cierre el mi\u00e9rcoles en la sede del Bank of America -con su mujer, <strong>Bettina Angeletti<\/strong>, sentada en primera fila- y el mensaje inicial durante el evento de <strong>IDEA<\/strong> en el consulado, este jueves. Al jefe de Gabinete se lo vio inc\u00f3modo con la situaci\u00f3n, ante la creciente repercusi\u00f3n del esc\u00e1ndalo en la Argentina.<\/p>\n<div class=\"content-media\">\n<section role=\"button\" class=\"mod-media   \">\n<figure role=\"button\" tabindex=\"0\" class=\"mod-figure \"><figcaption class=\"mod-figcaption\"><span class=\"com-text --caption --twoxs\">Manuel Adorni, en el cierre de la Argentina Week<\/span><\/figcaption><\/figure>\n<\/section>\n<\/div>\n<p class=\"com-paragraph   --s\">Por otra parte, otros que tambi\u00e9n destacaron la iniciativa del Gobierno pusieron especial \u00e9nfasis en el <strong>respaldo de 11 gobernadores<\/strong> que viajaron hasta Nueva York para participar. \u201cEsas <strong>se\u00f1ales de consenso pol\u00edtico<\/strong> son otra de las cosas que miran con atenci\u00f3n los inversores, no solo las reformas y la desregulaci\u00f3n que ha hecho el Gobierno y que tambi\u00e9n es muy importante\u201d, evaluaba un empresario del sector del agro.<\/p>\n<p class=\"com-paragraph   --s\">\u00bfDudas sobre c\u00f3mo seguir\u00e1 el rumbo? \u201cHay bastante consenso en que \u00e9ste es el camino, <strong>el tiempo dir\u00e1 si habr\u00e1 estabilidad a largo plazo, que en general ha sido el gran d\u00e9ficit de la Argentina\u00bb<\/strong>, ampli\u00f3.<\/p>\n<p class=\"com-paragraph   --s\">Entre los gobernadores la evaluaci\u00f3n tambi\u00e9n fue positiva. \u201c<strong>Veo que est\u00e1n todos los planetas alineados para que la Argentina sea un pa\u00eds petrolero<\/strong> y que nos vaya bien. La buena gobernanza y las condiciones de previsibilidad garantizan este tipo de cosas\u201d, se\u00f1al\u00f3 a LA NACION el gobernador de Neuqu\u00e9n, Rolando Figueroa, antes de escuchar a Marcos Bulgheroni, Group CEO de Pan American Energy (PAE); a Marcelo Mindlin, fundador y presidente de Pampa Energ\u00eda, y a Horacio Mar\u00edn, presidente y CEO de YPF.<\/p>\n<div class=\"content-media\">\n<section role=\"button\" class=\"mod-media   \">\n<figure role=\"button\" tabindex=\"0\" class=\"mod-figure \"><figcaption class=\"mod-figcaption\"><span class=\"com-text --caption --twoxs\">La \u00abArgentina Week\u00bb reuni\u00f3 a unos 400 empresarios y varios funcionarios en Nueva York<\/span><span class=\"com-text --credit --twoxs\">Guillermo Idiart<\/span><\/figcaption><\/figure>\n<\/section>\n<\/div>\n<p class=\"com-paragraph   --s\">\u201cEl <strong>balance es satisfactorio<\/strong> en varios planos. Sin embargo, lo que m\u00e1s me llam\u00f3 la atenci\u00f3n, y considero m\u00e1s relevante en t\u00e9rminos pol\u00edticos, fue la presencia de 11 gobernadores. Su participaci\u00f3n no solo contribuy\u00f3 a transmitir una imagen de <strong>mayor cohesi\u00f3n<\/strong> respecto del mensaje y del rumbo de la Argentina, sino que tambi\u00e9n da cuenta de un <strong>cambio m\u00e1s estructural en la econom\u00eda del pa\u00eds<\/strong>\u201d, evalu\u00f3 Alejandro Catterberg, director de Poliarqu\u00eda, que estuvo presente en Nueva York.<\/p>\n<p class=\"com-paragraph   --s\">Se trat\u00f3 de gobernadores que plantean \u201cuna agenda centrada en la estabilidad macroecon\u00f3mica, la seguridad jur\u00eddica, la productividad, la mejora del clima de negocios, la generaci\u00f3n de confianza y la competitividad\u201d, entre otros ejes que mencionaron y que \u201cresultaban impensados en la agenda de muchas provincias hace solo algunos a\u00f1os\u201d, dijo a <strong>LA NACION<\/strong>.<\/p>\n<p class=\"com-paragraph   --s\">Desde el sector agroindustrial, <strong>Mariano Bosch<\/strong>, CEO y cofundador de Adecoagro, destac\u00f3 el potencial competitivo del pa\u00eds y el impacto positivo que pueden tener otras inversiones estrat\u00e9gicas. <strong>\u201cHoy volvimos a hablar de competitividad, de competir con el mundo. Hay un cambio de \u00e9poca, las empresas est\u00e1n pensando c\u00f3mo pueden ser m\u00e1s competitivas\u201d<\/strong>, se\u00f1al\u00f3 en el consulado argentino este jueves.<\/p>\n<p class=\"com-paragraph   --s\">Si bien la \u201cArgentina Week\u201d cont\u00f3 con la presencia de varios empresarios norteamericanos -incluso de funcionarios de la administraci\u00f3n de Donald Trump- y de otros pa\u00edses, algunos hicieron una observaci\u00f3n sobre la gran cantidad de argentinos que participaron. Algunos de ellos, claro, de empresas con presencia global, como Globant. \u201cHay que darle continuidad y seguir ampli\u00e1ndolo. Fue una vidriera espectacular\u201d, remat\u00f3 otro ejecutivo tras escuchar al ministro de Econom\u00eda, Luis Caputo.<\/p>\n<section class=\"container-center-100 mb-40 border border-bottom border-thin border-neutral-light-700\">\n<hr\/>\n<\/section>\n<\/div>\n","protected":false},"excerpt":{"rendered":"<p>NUEVA YORK.- Dos ejecutivos de una compa\u00f1\u00eda petrolera conversan animadamente fuera de un sal\u00f3n del Bank of America y resaltan la \u201cmagnitud\u201d de la \u201cArgentina Week\u201d, que congreg\u00f3 a unos 400 empresarios. \u201cVengo hace muchos a\u00f1os a Nueva York y nunca hab\u00eda visto algo as\u00ed\u201d, afirma uno. Cerca, en una mesa redonda, un ejecutivo del [&hellip;]<\/p>\n","protected":false},"author":2,"featured_media":229015,"comment_status":"closed","ping_status":"closed","sticky":false,"template":"","format":"standard","meta":{"footnotes":""},"categories":[28],"tags":[],"class_list":["post-229014","post","type-post","status-publish","format-standard","has-post-thumbnail","hentry","category-economia"],"_links":{"self":[{"href":"https:\/\/radioacuariofm.com.ar\/index.php?rest_route=\/wp\/v2\/posts\/229014","targetHints":{"allow":["GET"]}}],"collection":[{"href":"https:\/\/radioacuariofm.com.ar\/index.php?rest_route=\/wp\/v2\/posts"}],"about":[{"href":"https:\/\/radioacuariofm.com.ar\/index.php?rest_route=\/wp\/v2\/types\/post"}],"author":[{"embeddable":true,"href":"https:\/\/radioacuariofm.com.ar\/index.php?rest_route=\/wp\/v2\/users\/2"}],"replies":[{"embeddable":true,"href":"https:\/\/radioacuariofm.com.ar\/index.php?rest_route=%2Fwp%2Fv2%2Fcomments&post=229014"}],"version-history":[{"count":1,"href":"https:\/\/radioacuariofm.com.ar\/index.php?rest_route=\/wp\/v2\/posts\/229014\/revisions"}],"predecessor-version":[{"id":229016,"href":"https:\/\/radioacuariofm.com.ar\/index.php?rest_route=\/wp\/v2\/posts\/229014\/revisions\/229016"}],"wp:featuredmedia":[{"embeddable":true,"href":"https:\/\/radioacuariofm.com.ar\/index.php?rest_route=\/wp\/v2\/media\/229015"}],"wp:attachment":[{"href":"https:\/\/radioacuariofm.com.ar\/index.php?rest_route=%2Fwp%2Fv2%2Fmedia&parent=229014"}],"wp:term":[{"taxonomy":"category","embeddable":true,"href":"https:\/\/radioacuariofm.com.ar\/index.php?rest_route=%2Fwp%2Fv2%2Fcategories&post=229014"},{"taxonomy":"post_tag","embeddable":true,"href":"https:\/\/radioacuariofm.com.ar\/index.php?rest_route=%2Fwp%2Fv2%2Ftags&post=229014"}],"curies":[{"name":"wp","href":"https:\/\/api.w.org\/{rel}","templated":true}]}}