{"id":229011,"date":"2026-03-12T18:33:31","date_gmt":"2026-03-12T21:33:31","guid":{"rendered":"https:\/\/radioacuariofm.com.ar\/?p=229011"},"modified":"2026-03-12T18:33:32","modified_gmt":"2026-03-12T21:33:32","slug":"quien-es-rene-redzepi-el-chef-danes-acusado-de-malos-tratos-a-su-personal","status":"publish","type":"post","link":"https:\/\/radioacuariofm.com.ar\/?p=229011","title":{"rendered":"Qui\u00e9n es Ren\u00e9 Redzepi, el chef dan\u00e9s acusado de malos tratos a su personal"},"content":{"rendered":"<p> <br \/>\n<\/p>\n<div>\n<p class=\"com-paragraph  --capital --s\">El reconocido chef <strong>Ren\u00e9 Redzepi<\/strong> renunci\u00f3 a su cargo en Noma, el multipremiado restaurante dan\u00e9s, tras la difusi\u00f3n p\u00fablica de<a href=\"https:\/\/www.lanacion.com.ar\/el-mundo\/renuncio-el-chef-de-noma-uno-de-los-mejores-restaurantes-del-mundo-tras-denuncias-de-abusos-nid12032026\/\" target=\"_self\" title=\"https:\/\/www.lanacion.com.ar\/el-mundo\/renuncio-el-chef-de-noma-uno-de-los-mejores-restaurantes-del-mundo-tras-denuncias-de-abusos-nid12032026\/\" class=\"com-link break-word\" data-mrf-recirculation=\"n_link_parrafo\"><strong> m\u00faltiples testimonios sobre maltratos f\u00edsicos y psicol\u00f3gicos contra sus empleados<\/strong><\/a>. La decisi\u00f3n del directivo ocurri\u00f3 este fin de semana ante la revelaci\u00f3n period\u00edstica de <strong>agresiones sistem\u00e1ticas <\/strong>en la cocina del establecimiento. <\/p>\n<p class=\"com-paragraph   --s\">El diario estadounidense <em>The New York Times<\/em> public\u00f3 las declaraciones detalladas de los afectados sobre <strong>episodios violentos<\/strong> ocurridos entre los a\u00f1os 2009 y 2017. Los exempleados denunciaron <strong>agresiones f\u00edsicas y humillaciones p\u00fablicas<\/strong> por parte del l\u00edder del espacio durante extensas jornadas de trabajo. <\/p>\n<p class=\"com-paragraph   --s\">Las acusaciones sobre el accionar del experto incluyen <strong>\u201cpu\u00f1etazos en la cara\u201d <\/strong>y pinchazos con utensilios de cocina a varios trabajadores del lugar. <\/p>\n<div class=\"content-media\">\n<section role=\"button\" class=\"mod-media   \">\n<figure role=\"button\" tabindex=\"0\" class=\"mod-figure \"><figcaption class=\"mod-figcaption\"><span class=\"com-text --caption --twoxs\">Ren\u00e9 Redzepi abandon\u00f3 su puesto en el restaurante tras las m\u00faltiples acusaciones por violencia laboral<\/span><span class=\"com-text --credit --twoxs\">Instagram: @reneredzepinoma<\/span><\/figcaption><\/figure>\n<\/section>\n<\/div>\n<p class=\"com-paragraph   --s\">El art\u00edculo period\u00edstico expone las graves consecuencias de estas actitudes sobre la salud mental de las v\u00edctimas. \u201cDescribieron traumas duraderos derivados de <strong>abusos psicol\u00f3gicos, como intimidaci\u00f3n, cr\u00edticas a sus cuerpos y ridiculizaci\u00f3n p\u00fablica<\/strong>\u201d, detalla la nota del medio neoyorquino.<\/p>\n<p class=\"com-paragraph   --s\"><strong>Alessia<\/strong>, actual cocinera en la ciudad de Londres, relat\u00f3 su amarga experiencia al peri\u00f3dico de Estados Unidos. <strong>\u201cIr a trabajar era como ir a la guerra\u201d<\/strong>, cont\u00f3 la profesional gastron\u00f3mica. \u201cTen\u00edas que obligarte a ser fuerte, a no mostrar miedo\u201d, agreg\u00f3 en su testimonio sobre las condiciones de presi\u00f3n en el recinto.<\/p>\n<p class=\"com-paragraph   --s\">El cocinero utiliz\u00f3 su perfil oficial en Instagram para comunicar su salida definitiva de la conducci\u00f3n del proyecto. \u201cDespu\u00e9s de m\u00e1s de dos d\u00e9cadas de construir y liderar este espacio,<strong> decid\u00ed alejarme y permitir que nuestros extraordinarios l\u00edderes ahora lo gu\u00eden en su pr\u00f3ximo cap\u00edtulo<\/strong>\u201d, escribi\u00f3 en su publicaci\u00f3n junto a un video donde le anunciaba a su equipo la decisi\u00f3n.<\/p>\n<div class=\"content-media cursor-pointer container-center-100\">\n<section class=\"media-container relative ratio-16-9 mod-media pb-32\">\n<figure class=\"mod-video\">\n<div class=\"video-player bg-black ratio-16-9\" data-has-jwplayer=\"true\" data-video-id-jw=\"5f6npgf6\" data-config=\"{&quot;title&quot;:&quot;Ren\u00e9 Redzepi anunci\u00f3 su renuncia&quot;,&quot;mediaId&quot;:&quot;5f6npgf6&quot;,&quot;playerId&quot;:&quot;ih0086X3&quot;,&quot;playlist&quot;:[{&quot;mediaid&quot;:&quot;5f6npgf6&quot;,&quot;sources&quot;:[{&quot;file&quot;:&quot;https:\/\/cdn.jwplayer.com\/manifests\/5f6npgf6.m3u8&quot;,&quot;type&quot;:&quot;application\/vnd.apple.mpegurl&quot;},{&quot;bitrate&quot;:295464,&quot;file&quot;:&quot;https:\/\/cdn.jwplayer.com\/videos\/5f6npgf6-kTExGaWf.mp4&quot;,&quot;filesize&quot;:9528734,&quot;framerate&quot;:24,&quot;height&quot;:320,&quot;label&quot;:&quot;180p&quot;,&quot;type&quot;:&quot;video\/mp4&quot;,&quot;width&quot;:180},{&quot;bitrate&quot;:421076,&quot;file&quot;:&quot;https:\/\/cdn.jwplayer.com\/videos\/5f6npgf6-K8B0kybS.mp4&quot;,&quot;filesize&quot;:13579715,&quot;framerate&quot;:24,&quot;height&quot;:480,&quot;label&quot;:&quot;270p&quot;,&quot;type&quot;:&quot;video\/mp4&quot;,&quot;width&quot;:270},{&quot;bitrate&quot;:1143656,&quot;file&quot;:&quot;https:\/\/cdn.jwplayer.com\/videos\/5f6npgf6-46NIuRKO.mp4&quot;,&quot;filesize&quot;:36882924,&quot;framerate&quot;:24,&quot;height&quot;:1280,&quot;label&quot;:&quot;720p&quot;,&quot;type&quot;:&quot;video\/mp4&quot;,&quot;width&quot;:720},{&quot;bitrate&quot;:113770,&quot;file&quot;:&quot;https:\/\/cdn.jwplayer.com\/videos\/5f6npgf6-hz5z2Tv4.m4a&quot;,&quot;filesize&quot;:3669100,&quot;label&quot;:&quot;AAC Audio&quot;,&quot;type&quot;:&quot;audio\/mp4&quot;},{&quot;bitrate&quot;:486624,&quot;file&quot;:&quot;https:\/\/cdn.jwplayer.com\/videos\/5f6npgf6-FnZGUVnC.mp4&quot;,&quot;filesize&quot;:15693631,&quot;framerate&quot;:24,&quot;height&quot;:640,&quot;label&quot;:&quot;360p&quot;,&quot;type&quot;:&quot;video\/mp4&quot;,&quot;width&quot;:360},{&quot;bitrate&quot;:793897,&quot;file&quot;:&quot;https:\/\/cdn.jwplayer.com\/videos\/5f6npgf6-0G6Pwvlw.mp4&quot;,&quot;filesize&quot;:25603184,&quot;framerate&quot;:24,&quot;height&quot;:960,&quot;label&quot;:&quot;540p&quot;,&quot;type&quot;:&quot;video\/mp4&quot;,&quot;width&quot;:540}]}],&quot;hasAutoplay&quot;:false,&quot;autostart&quot;:true,&quot;tagsUrl&quot;:&quot;https:\/\/pubads.g.doubleclick.net\/gampad\/ads?slotname=\/133919216\/la_nacion_video\/nota\/preroll&amp;sz=640x480|400x300&amp;ciu_szs=300x250&amp;unviewed_position_start=1&amp;output=vast&amp;impl=s&amp;env=vp&amp;gdfp_req=1&amp;ad_rule=0&amp;vad_type=linear&amp;vpos=preroll&amp;cust_params=tags_nuevos%3Dte_audiencia%2Cte_abuso_sexual%2Cte_foco%2Cca_el_mundo%2C%2CCEIQR2BLZ5FO5G7NZJQNHTFTBU&amp;pod=3&amp;ppos=1&amp;lip=true&amp;min_ad_duration=0&amp;max_ad_duration=30000&amp;vrid=6256&amp;url=https%3A%2F%2Fwww.lanacion.com.ar%2Fel-mundo%2Fquien-es-rene-redzepi-el-chef-danes-acusado-de-malos-tratos-a-su-personal-nid12032026%2F%3Fvariant%3DA&amp;description_url=https%3A%2F%2Fwww.lanacion.com.ar%2Fel-mundo%2Fquien-es-rene-redzepi-el-chef-danes-acusado-de-malos-tratos-a-su-personal-nid12032026%2F%3Fvariant%3DA&amp;video_doc_id=short_onecue&amp;cmsid=496&amp;kfa=0&amp;tfcd=0&amp;correlator=1773350386774&quot;,&quot;arcSite&quot;:&quot;la-nacion-ar&quot;}\">\n<div id=\"facade-5f6npgf6\" class=\"content-facade-jw relative bg-black ratio-16-9\"><picture><source media=\"(max-width: 767px)\" srcset=\"https:\/\/resizer.glanacion.com\/resizer\/v2\/https%3A%2F%2Fcdn.jwplayer.com%2Fv2%2Fmedia%2F5f6npgf6%2Fposter.jpg%3Fwidth%3D720?auth=65560159d6c33fc129cd4076eb8ff70e6e2e8edb32c89a5bc9d55bed03f46430&amp;width=480&amp;quality=70&amp;smart=false\"\/><\/picture><\/div>\n<\/div><figcaption class=\"border border-1 border-bottom border-light-300 relative px-16 py-8 min-h-36 w-100_md px-0_l mb-8 bg-white\"><span class=\"text ln-text text-16 block\">Ren\u00e9 Redzepi anunci\u00f3 su renuncia<\/span><\/figcaption><\/figure>\n<\/section>\n<\/div>\n<p class=\"com-paragraph   --s\">El fundador tambi\u00e9n se refiri\u00f3 a las graves acusaciones en su contra mediante un mensaje sobre sus acciones pasadas frente al equipo. \u201c<strong>Trabaj\u00e9 para ser un mejor l\u00edder<\/strong> y Noma dio grandes pasos para transformar la cultura a lo largo de muchos a\u00f1os. Reconozco que estos cambios no reparan el pasado. <strong>Una disculpa no es suficiente<\/strong>; asumo la responsabilidad de mis propias acciones\u201d, sostuvo en su descargo.<\/p>\n<div class=\"content-media\">\n<section role=\"button\" class=\"mod-media   \">\n<figure role=\"button\" tabindex=\"0\" class=\"mod-figure \"><figcaption class=\"mod-figcaption\"><span class=\"com-text --caption --twoxs\">El descargo de Ren\u00e9 Redzepi (Instagram: @reneredzepinoma)<\/span><\/figcaption><\/figure>\n<\/section>\n<\/div>\n<p class=\"com-paragraph   --s\">El l\u00edder gastron\u00f3mico vivi\u00f3 una infancia sumido en la <strong>pobreza extrema<\/strong> por la migraci\u00f3n de su padre desde Macedonia al huir de las consecuencias de la posguerra. La familia regres\u00f3 tiempo despu\u00e9s para visitar a sus parientes en la regi\u00f3n junto a la madre del cocinero de nacionalidad danesa. El protagonista relat\u00f3 su historia al diario <a href=\"https:\/\/www.lanacion.com.ar\/lifestyle\/es-el-chef-del-mejor-restaurante-del-mundo-y-aprendio-a-cocinar-con-su-padre-que-paso-hambre-y-nid10112021\/\" target=\"_self\" title=\"https:\/\/www.lanacion.com.ar\/lifestyle\/es-el-chef-del-mejor-restaurante-del-mundo-y-aprendio-a-cocinar-con-su-padre-que-paso-hambre-y-nid10112021\/\" class=\"com-link break-word\" data-mrf-recirculation=\"n_link_parrafo\"><strong>LA NACION<\/strong><\/a> en noviembre del a\u00f1o 2021. <\/p>\n<p class=\"com-paragraph   --s\">\u201cEn casa, <strong>la cocina, siempre fue un tema de valor<\/strong>: usar lo que hay, no desperdiciar, comer de todo, participar en la compra y en la preparaci\u00f3n&#8230; Era esencialmente un momento valioso, pero veloz\u201d, expres\u00f3 el cocinero durante la entrevista.<\/p>\n<div class=\"content-media\">\n<section role=\"button\" class=\"mod-media   \">\n<figure role=\"button\" tabindex=\"0\" class=\"mod-figure \"><figcaption class=\"mod-figcaption\"><span class=\"com-text --caption --twoxs\">El l\u00edder gastron\u00f3mico comunic\u00f3 su renuncia oficial ante la difusi\u00f3n de las denuncias por abusos psicol\u00f3gicos<\/span><span class=\"com-text --credit --twoxs\">Soeren Bidstrup &#8211; Ritzau Scanpix Foto<\/span><\/figcaption><\/figure>\n<\/section>\n<\/div>\n<p class=\"com-paragraph   --s\">El nombre del establecimiento proviene de un acr\u00f3nimo espec\u00edfico de las palabras danesas <em>nordisk <\/em>y <em>mad<\/em>, que significan n\u00f3rdico y comida. El proyecto abri\u00f3 sus puertas en el a\u00f1o 2003 en un embarcadero del centro de Copenhague. El espacio cerr\u00f3 sus instalaciones en 2016 y reabri\u00f3 dos a\u00f1os despu\u00e9s en las afueras de la capital de Dinamarca.<\/p>\n<p class=\"com-paragraph   --s\">La revista <em>Restaurant <\/em>consider\u00f3 al proyecto como el <strong>mejor del planeta en cinco ocasiones distintas<\/strong>. Los galardones ocurrieron en cuatro a\u00f1os consecutivos entre 2011 y 2014, y la \u00faltima distinci\u00f3n lleg\u00f3 en el a\u00f1o 2021. Ad\u00e9mas,<strong> la gu\u00eda Michelin otorg\u00f3 tres estrellas al men\u00fa del lugar<\/strong>. El experto public\u00f3 a su vez tres libros sobre su especialidad y particip\u00f3 de un documental. La producci\u00f3n audiovisual registra sus amplios conocimientos y el proceso para llevar el proyecto adelante. La Fundaci\u00f3n James Beard entreg\u00f3 dos premios a su labor.<\/p>\n<p class=\"com-paragraph   --s\"><em>Este contenido fue producido por un equipo de LA NACION con la asistencia de la IA.<\/em><\/p>\n<section class=\"container-center-100 mb-40 border border-bottom border-thin border-neutral-light-700\"\/><\/div>\n\n","protected":false},"excerpt":{"rendered":"<p>El reconocido chef Ren\u00e9 Redzepi renunci\u00f3 a su cargo en Noma, el multipremiado restaurante dan\u00e9s, tras la difusi\u00f3n p\u00fablica de m\u00faltiples testimonios sobre maltratos f\u00edsicos y psicol\u00f3gicos contra sus empleados. La decisi\u00f3n del directivo ocurri\u00f3 este fin de semana ante la revelaci\u00f3n period\u00edstica de agresiones sistem\u00e1ticas en la cocina del establecimiento. El diario estadounidense The [&hellip;]<\/p>\n","protected":false},"author":2,"featured_media":229012,"comment_status":"closed","ping_status":"closed","sticky":false,"template":"","format":"standard","meta":{"footnotes":""},"categories":[1],"tags":[],"class_list":["post-229011","post","type-post","status-publish","format-standard","has-post-thumbnail","hentry","category-uncategorized"],"_links":{"self":[{"href":"https:\/\/radioacuariofm.com.ar\/index.php?rest_route=\/wp\/v2\/posts\/229011","targetHints":{"allow":["GET"]}}],"collection":[{"href":"https:\/\/radioacuariofm.com.ar\/index.php?rest_route=\/wp\/v2\/posts"}],"about":[{"href":"https:\/\/radioacuariofm.com.ar\/index.php?rest_route=\/wp\/v2\/types\/post"}],"author":[{"embeddable":true,"href":"https:\/\/radioacuariofm.com.ar\/index.php?rest_route=\/wp\/v2\/users\/2"}],"replies":[{"embeddable":true,"href":"https:\/\/radioacuariofm.com.ar\/index.php?rest_route=%2Fwp%2Fv2%2Fcomments&post=229011"}],"version-history":[{"count":1,"href":"https:\/\/radioacuariofm.com.ar\/index.php?rest_route=\/wp\/v2\/posts\/229011\/revisions"}],"predecessor-version":[{"id":229013,"href":"https:\/\/radioacuariofm.com.ar\/index.php?rest_route=\/wp\/v2\/posts\/229011\/revisions\/229013"}],"wp:featuredmedia":[{"embeddable":true,"href":"https:\/\/radioacuariofm.com.ar\/index.php?rest_route=\/wp\/v2\/media\/229012"}],"wp:attachment":[{"href":"https:\/\/radioacuariofm.com.ar\/index.php?rest_route=%2Fwp%2Fv2%2Fmedia&parent=229011"}],"wp:term":[{"taxonomy":"category","embeddable":true,"href":"https:\/\/radioacuariofm.com.ar\/index.php?rest_route=%2Fwp%2Fv2%2Fcategories&post=229011"},{"taxonomy":"post_tag","embeddable":true,"href":"https:\/\/radioacuariofm.com.ar\/index.php?rest_route=%2Fwp%2Fv2%2Ftags&post=229011"}],"curies":[{"name":"wp","href":"https:\/\/api.w.org\/{rel}","templated":true}]}}