{"id":229005,"date":"2026-03-12T17:32:07","date_gmt":"2026-03-12T20:32:07","guid":{"rendered":"https:\/\/radioacuariofm.com.ar\/?p=229005"},"modified":"2026-03-12T17:32:09","modified_gmt":"2026-03-12T20:32:09","slug":"un-experto-advirtio-sobre-los-efectos-del-primer-mensaje-del-nuevo-lider-de-iran-posiblemente-sea-peor-que-su-padre","status":"publish","type":"post","link":"https:\/\/radioacuariofm.com.ar\/?p=229005","title":{"rendered":"Un experto advirti\u00f3 sobre los efectos del primer mensaje del nuevo l\u00edder de Ir\u00e1n: \u201cPosiblemente sea peor que su padre\u201d"},"content":{"rendered":"<p> <br \/>\n<\/p>\n<div>\n<p class=\"com-paragraph   --s\"><strong>Mojtaba Khamenei<\/strong> <a href=\"https:\/\/www.lanacion.com.ar\/el-mundo\/mojtaba-khamenei-pronuncia-su-primer-mensaje-desde-que-fue-elegido-lider-supremo-de-iran-nid12032026\/\" target=\"_self\" title=\"https:\/\/www.lanacion.com.ar\/el-mundo\/mojtaba-khamenei-pronuncia-su-primer-mensaje-desde-que-fue-elegido-lider-supremo-de-iran-nid12032026\/\" class=\"com-link break-word\" data-mrf-recirculation=\"n_link_parrafo\">asumi\u00f3 como l\u00edder supremo de Ir\u00e1n <\/a>y en su primer discurso asegur\u00f3 que no se abstendr\u00e1 de \u201c<a href=\"https:\/\/www.lanacion.com.ar\/el-mundo\/que-hay-detras-del-bloqueo-del-estrecho-de-ormuz-y-que-busca-iran-nid12032026\/\" target=\"_self\" title=\"https:\/\/www.lanacion.com.ar\/el-mundo\/que-hay-detras-del-bloqueo-del-estrecho-de-ormuz-y-que-busca-iran-nid12032026\/\" class=\"com-link break-word\" data-mrf-recirculation=\"n_link_parrafo\">vengar la sangre de los m\u00e1rtires<\/a>\u201d del pa\u00eds. Para desmenuzar c\u00f3mo impactar\u00e1 este cambio de liderazgo en la guerra de Medio Oriente, el analista internacional <strong>Andr\u00e9s Repetto<\/strong> dialog\u00f3 con <em>LN+<\/em> y asegur\u00f3 que \u201c<strong>posiblemente sea peor que su padre<\/strong>\u201d.<\/p>\n<div class=\"content-media cursor-pointer container-center-100\">\n<section class=\"media-container relative ratio-16-9 mod-media pb-32\">\n<figure class=\"mod-video\">\n<div class=\"video-player bg-black ratio-16-9\" data-has-jwplayer=\"true\" data-video-id-jw=\"xEmMokPP\" data-config=\"{&quot;title&quot;:&quot;Andres Repetto en LN+&quot;,&quot;mediaId&quot;:&quot;xEmMokPP&quot;,&quot;playerId&quot;:&quot;ih0086X3&quot;,&quot;playlist&quot;:[{&quot;mediaid&quot;:&quot;xEmMokPP&quot;,&quot;sources&quot;:[{&quot;file&quot;:&quot;https:\/\/cdn.jwplayer.com\/manifests\/xEmMokPP.m3u8&quot;,&quot;type&quot;:&quot;application\/vnd.apple.mpegurl&quot;},{&quot;bitrate&quot;:349598,&quot;file&quot;:&quot;https:\/\/cdn.jwplayer.com\/videos\/xEmMokPP-kTExGaWf.mp4&quot;,&quot;filesize&quot;:73022366,&quot;framerate&quot;:25,&quot;height&quot;:180,&quot;label&quot;:&quot;180p&quot;,&quot;type&quot;:&quot;video\/mp4&quot;,&quot;width&quot;:320},{&quot;bitrate&quot;:508510,&quot;file&quot;:&quot;https:\/\/cdn.jwplayer.com\/videos\/xEmMokPP-K8B0kybS.mp4&quot;,&quot;filesize&quot;:106215037,&quot;framerate&quot;:25,&quot;height&quot;:270,&quot;label&quot;:&quot;270p&quot;,&quot;type&quot;:&quot;video\/mp4&quot;,&quot;width&quot;:480},{&quot;bitrate&quot;:1426489,&quot;file&quot;:&quot;https:\/\/cdn.jwplayer.com\/videos\/xEmMokPP-46NIuRKO.mp4&quot;,&quot;filesize&quot;:297958040,&quot;framerate&quot;:25,&quot;height&quot;:720,&quot;label&quot;:&quot;720p&quot;,&quot;type&quot;:&quot;video\/mp4&quot;,&quot;width&quot;:1280},{&quot;bitrate&quot;:113401,&quot;file&quot;:&quot;https:\/\/cdn.jwplayer.com\/videos\/xEmMokPP-hz5z2Tv4.m4a&quot;,&quot;filesize&quot;:23686755,&quot;label&quot;:&quot;AAC Audio&quot;,&quot;type&quot;:&quot;audio\/mp4&quot;},{&quot;bitrate&quot;:2807157,&quot;file&quot;:&quot;https:\/\/cdn.jwplayer.com\/videos\/xEmMokPP-SomplJdm.mp4&quot;,&quot;filesize&quot;:586344991,&quot;framerate&quot;:25,&quot;height&quot;:1080,&quot;label&quot;:&quot;1080p&quot;,&quot;type&quot;:&quot;video\/mp4&quot;,&quot;width&quot;:1920},{&quot;bitrate&quot;:578570,&quot;file&quot;:&quot;https:\/\/cdn.jwplayer.com\/videos\/xEmMokPP-FnZGUVnC.mp4&quot;,&quot;filesize&quot;:120848929,&quot;framerate&quot;:25,&quot;height&quot;:360,&quot;label&quot;:&quot;360p&quot;,&quot;type&quot;:&quot;video\/mp4&quot;,&quot;width&quot;:640},{&quot;bitrate&quot;:941181,&quot;file&quot;:&quot;https:\/\/cdn.jwplayer.com\/videos\/xEmMokPP-0G6Pwvlw.mp4&quot;,&quot;filesize&quot;:196589328,&quot;framerate&quot;:25,&quot;height&quot;:540,&quot;label&quot;:&quot;540p&quot;,&quot;type&quot;:&quot;video\/mp4&quot;,&quot;width&quot;:960}]}],&quot;hasAutoplay&quot;:false,&quot;autostart&quot;:true,&quot;tagsUrl&quot;:&quot;https:\/\/pubads.g.doubleclick.net\/gampad\/ads?slotname=\/133919216\/la_nacion_video\/nota\/preroll&amp;sz=640x480|400x300&amp;ciu_szs=300x250&amp;unviewed_position_start=1&amp;output=vast&amp;impl=s&amp;env=vp&amp;gdfp_req=1&amp;ad_rule=0&amp;vad_type=linear&amp;vpos=preroll&amp;cust_params=tags_nuevos%3Dte_guerra_en_medio_oriente%2Cte_estados_unidos%2Cte_iran%2Cte_israel%2Cte_ln_%2Cte_audiencia%2Cca_el_mundo%2Cca_ln_%2C%2CIR5IAXHTA5DZHE26FUVWCIM534&amp;pod=3&amp;ppos=1&amp;lip=true&amp;min_ad_duration=0&amp;max_ad_duration=30000&amp;vrid=6256&amp;url=https%3A%2F%2Fwww.lanacion.com.ar%2Fel-mundo%2Fun-experto-advirtio-sobre-los-efectos-del-primer-mensaje-del-nuevo-lider-de-iran-posiblemente-sea-nid12032026%2F%3Fvariant%3DA&amp;description_url=https%3A%2F%2Fwww.lanacion.com.ar%2Fel-mundo%2Fun-experto-advirtio-sobre-los-efectos-del-primer-mensaje-del-nuevo-lider-de-iran-posiblemente-sea-nid12032026%2F%3Fvariant%3DA&amp;video_doc_id=short_onecue&amp;cmsid=496&amp;kfa=0&amp;tfcd=0&amp;correlator=1773347036930&quot;,&quot;arcSite&quot;:&quot;la-nacion-ar&quot;}\">\n<div id=\"facade-xEmMokPP\" class=\"content-facade-jw relative bg-black ratio-16-9\"><picture><source media=\"(max-width: 767px)\" srcset=\"https:\/\/resizer.glanacion.com\/resizer\/v2\/https%3A%2F%2Fcdn.jwplayer.com%2Fv2%2Fmedia%2FxEmMokPP%2Fposter.jpg%3Fwidth%3D720?auth=f24e88cdef479ab72e996c6fd66e6efc282c07ad600be1fe513e7acbe3fef20c&amp;width=480&amp;quality=70&amp;smart=false\"\/><\/picture><\/div>\n<\/div><figcaption class=\"border border-1 border-bottom border-light-300 relative px-16 py-8 min-h-36 w-100_md px-0_l mb-8 bg-white\"><span class=\"text ln-text text-16 block\">Andres Repetto en LN+<\/span><\/figcaption><\/figure>\n<\/section>\n<\/div>\n<p class=\"com-paragraph   --s\">\u201c<strong>Muchos dicen que el nuevo ayatollah es un t\u00edtere de la Guardia Revolucionaria Isl\u00e1mica<\/strong>, pero a eso lo veremos con los d\u00edas\u201d, sugiri\u00f3 Repetto.<\/p>\n<p class=\"com-paragraph   --s\">\u201cCon los a\u00f1os y el paso de las guerras en Medio Oriente nos dimos cuenta de que <strong>los l\u00edderes son reemplazados pero el r\u00e9gimen no cae<\/strong>\u201d, subray\u00f3 el experto, y agreg\u00f3: \u201cUno puede saber quien ser\u00e1 el pr\u00f3ximo, pero <strong>lo que no se sabe nunca en una guerra es cu\u00e1ndo termina la misma<\/strong>\u201d.<\/p>\n<div class=\"content-media\">\n<section role=\"button\" class=\"mod-media   \">\n<figure role=\"button\" tabindex=\"0\" class=\"mod-figure \"><figcaption class=\"mod-figcaption\"><span class=\"com-text --caption --twoxs\">El analista opin\u00f3 sobre el avance norteamericano en Ir\u00e1n<\/span><\/figcaption><\/figure>\n<\/section>\n<\/div>\n<p class=\"com-paragraph   --s\">Consultado sobre las consecuencias del conflicto b\u00e9lico, Repetto dijo: \u201cLa guerra va dejando tres mensajes. El de Trump diciendo, <strong>\u2018ganamos, ganamos\u2019<\/strong> y buscando una pista de aterrizaje para terminar el conflicto. Luego, los iran\u00edes que dicen: <strong>\u2018estamos ac\u00e1 para aguantar el tiempo que sea necesario, con el r\u00e9gimen a\u00fan de pie\u2019<\/strong>. Y por \u00faltimo, Israel diciendo <strong>\u2018estamos listos para una guerra larga\u2019<\/strong>\u201c.<\/p>\n<p class=\"com-paragraph   --s\">Siguiendo en esa l\u00f3gica de comunicaci\u00f3n b\u00e9lica, el experto agreg\u00f3: \u201cEste jueves la Armada de Estados Unidos tambi\u00e9n comparti\u00f3 un mensaje, donde reconocieron que <strong>no tienen la capacidad para escoltar a los barcos petroleros que transitan por el estrecho de Ormuz<\/strong>\u201d. <\/p>\n<div class=\"content-media\">\n<section role=\"button\" class=\"mod-media   \">\n<figure role=\"button\" tabindex=\"0\" class=\"mod-figure \"><figcaption class=\"mod-figcaption\"><span class=\"com-text --caption --twoxs\">La asunci\u00f3n del nuevo ayatollah gener\u00f3 algarab\u00eda en Ir\u00e1n<\/span><\/figcaption><\/figure>\n<\/section>\n<\/div>\n<p class=\"com-paragraph   --s\">En palabras del analista, \u201c<strong>eso puede alterar el precio del petr\u00f3leo en todo el mundo<\/strong>\u201d. \u201cY al mismo tiempo, fue la demostraci\u00f3n de que <strong>realidad mata relato<\/strong>, porque Trump hab\u00eda dicho que s\u00ed pod\u00edan brindar esa seguridad, y al poco tiempo fue desmentido por su propio servicio de inteligencia\u201d. <\/p>\n<p class=\"com-paragraph   --s\">A Repetto le preguntaron sobre el papel del Viejo Continente en la guerra de Medio Oriente y el analista respondi\u00f3 que \u201c<strong>Ir\u00e1n dijo que Europa es c\u00f3mplice de lo que pasa en su pa\u00eds<\/strong>: esto es una advertencia velada para que dejen de avanzar\u00bb. <\/p>\n<p class=\"com-paragraph   --s\">Luego, identific\u00f3 al presidente de Francia como un gran contrapeso en la guerra que se desarrolla principalmente en Ir\u00e1n. \u201c<strong>El otro d\u00eda Macron hizo un acto en donde mostr\u00f3 todo su arsenal militar<\/strong>\u201d, subray\u00f3 Repetto. <\/p>\n<div class=\"content-media\">\n<section role=\"button\" class=\"mod-media   \">\n<figure role=\"button\" tabindex=\"0\" class=\"mod-figure \"><figcaption class=\"mod-figcaption\"><span class=\"com-text --caption --twoxs\">En los \u00faltimos d\u00edas, el presidente galo hizo una demostraci\u00f3n de poder ante los ojos del mundo<\/span><span class=\"com-text --credit --twoxs\">GONZALO FUENTES  &#8211; POOL <\/span><\/figcaption><\/figure>\n<\/section>\n<\/div>\n<p class=\"com-paragraph   --s\">\u201cMacron y Francia se est\u00e1n erigiendo como potencias militares. Pero no se los est\u00e1 diciendo a los iran\u00edes, <strong>se los est\u00e1 diciendo a los rusos<\/strong>\u201d, marc\u00f3 el analista. <\/p>\n<p class=\"com-paragraph   --s\">Antes de finalizar su exhaustivo an\u00e1lisis, Repetto se\u00f1alo que \u201c<strong>el multilateralismo ya no existe<\/strong>. Hoy por hoy, quien tiene el poder, lo ejerce\u201d.<\/p>\n<p class=\"com-paragraph   --s\">\u201cPero lo m\u00e1s importante de se\u00f1alar es que <strong>en esta guerra hay una bomba que a\u00fan no explot\u00f3<\/strong>, y es la movilizaci\u00f3n de m\u00e1s de 300.000 iran\u00edes. Por eso todos los pa\u00edses del Golfo levantan las manos para que esta guerra se termine\u201d, concluy\u00f3 Repetto.<\/p>\n<section class=\"container-center-100 mb-40 border border-bottom border-thin border-neutral-light-700\">\n<hr\/>\n<\/section>\n<\/div>\n\n","protected":false},"excerpt":{"rendered":"<p>Mojtaba Khamenei asumi\u00f3 como l\u00edder supremo de Ir\u00e1n y en su primer discurso asegur\u00f3 que no se abstendr\u00e1 de \u201cvengar la sangre de los m\u00e1rtires\u201d del pa\u00eds. Para desmenuzar c\u00f3mo impactar\u00e1 este cambio de liderazgo en la guerra de Medio Oriente, el analista internacional Andr\u00e9s Repetto dialog\u00f3 con LN+ y asegur\u00f3 que \u201cposiblemente sea peor [&hellip;]<\/p>\n","protected":false},"author":2,"featured_media":229006,"comment_status":"closed","ping_status":"closed","sticky":false,"template":"","format":"standard","meta":{"footnotes":""},"categories":[1],"tags":[],"class_list":["post-229005","post","type-post","status-publish","format-standard","has-post-thumbnail","hentry","category-uncategorized"],"_links":{"self":[{"href":"https:\/\/radioacuariofm.com.ar\/index.php?rest_route=\/wp\/v2\/posts\/229005","targetHints":{"allow":["GET"]}}],"collection":[{"href":"https:\/\/radioacuariofm.com.ar\/index.php?rest_route=\/wp\/v2\/posts"}],"about":[{"href":"https:\/\/radioacuariofm.com.ar\/index.php?rest_route=\/wp\/v2\/types\/post"}],"author":[{"embeddable":true,"href":"https:\/\/radioacuariofm.com.ar\/index.php?rest_route=\/wp\/v2\/users\/2"}],"replies":[{"embeddable":true,"href":"https:\/\/radioacuariofm.com.ar\/index.php?rest_route=%2Fwp%2Fv2%2Fcomments&post=229005"}],"version-history":[{"count":1,"href":"https:\/\/radioacuariofm.com.ar\/index.php?rest_route=\/wp\/v2\/posts\/229005\/revisions"}],"predecessor-version":[{"id":229007,"href":"https:\/\/radioacuariofm.com.ar\/index.php?rest_route=\/wp\/v2\/posts\/229005\/revisions\/229007"}],"wp:featuredmedia":[{"embeddable":true,"href":"https:\/\/radioacuariofm.com.ar\/index.php?rest_route=\/wp\/v2\/media\/229006"}],"wp:attachment":[{"href":"https:\/\/radioacuariofm.com.ar\/index.php?rest_route=%2Fwp%2Fv2%2Fmedia&parent=229005"}],"wp:term":[{"taxonomy":"category","embeddable":true,"href":"https:\/\/radioacuariofm.com.ar\/index.php?rest_route=%2Fwp%2Fv2%2Fcategories&post=229005"},{"taxonomy":"post_tag","embeddable":true,"href":"https:\/\/radioacuariofm.com.ar\/index.php?rest_route=%2Fwp%2Fv2%2Ftags&post=229005"}],"curies":[{"name":"wp","href":"https:\/\/api.w.org\/{rel}","templated":true}]}}