{"id":229002,"date":"2026-03-12T17:23:20","date_gmt":"2026-03-12T20:23:20","guid":{"rendered":"https:\/\/radioacuariofm.com.ar\/?p=229002"},"modified":"2026-03-12T17:23:22","modified_gmt":"2026-03-12T20:23:22","slug":"el-gobierno-archivo-el-expediente-por-el-conflicto-entre-mercado-libre-y-temu","status":"publish","type":"post","link":"https:\/\/radioacuariofm.com.ar\/?p=229002","title":{"rendered":"El Gobierno archiv\u00f3 el expediente por el conflicto entre Mercado Libre y Temu"},"content":{"rendered":"<p><\/p>\n<div>\n<p class=\"com-paragraph   --s\"><strong>El conflicto entre Temu, Mercado Libre y el Estado Nacional lleg\u00f3 a su fin en el \u00e1mbito administrativo y legal<\/strong>. La Direcci\u00f3n Nacional de Pol\u00edticas para el Desarrollo del Mercado Interno, dependiente del Ministerio de Econom\u00eda, resolvi\u00f3 el archivo de las actuaciones luego de una audiencia celebrada entre las partes.<\/p>\n<p class=\"com-paragraph   --s\">Como consecuencia directa de esta decisi\u00f3n, los apoderados de la firma Elementary Innovation -operadora de la plataforma china de e-commerce- <strong>se presentaron ante la Justicia para desistir de la apelaci\u00f3n<\/strong> que hab\u00edan interpuesto contra la imputaci\u00f3n original del Ministerio de Econom\u00eda: en noviembre, le hab\u00eda ordenado a la empresa suspender toda \u201cpublicidad enga\u00f1osa\u201d, tras una denuncia del unicornio fundado por Marcos Galperin.<\/p>\n<p class=\"com-paragraph   --s\">Asimismo, la defensa de la compa\u00f1\u00eda solicit\u00f3 que se ordene la restricci\u00f3n de acceso al expediente, argumentando que las piezas procesales podr\u00edan ser objeto de difusi\u00f3n medi\u00e1tica<\/p>\n<p class=\"com-paragraph   --s\"><mark class=\"hl_underline\">Seg\u00fan supo <\/mark><mark class=\"hl_underline\"><strong>LA NACION<\/strong><\/mark><mark class=\"hl_underline\">, la autoridad convoc\u00f3 a una audiencia a representantes de Mercado Libre y de Temu, en la que ambas partes llegaron a un acuerdo que luego fue homologado.<\/mark> El entendimiento puso fin a las denuncias administrativas rec\u00edprocas que se tramitaban bajo el marco del Decreto 274\/19 de Lealtad Comercial: la primera fue de Mercado Libre contra Temu por presuntas publicidades enga\u00f1osas; y la segunda, de Temu contra Mercado Libre por una supuesta integraci\u00f3n vertical abusiva .<\/p>\n<div class=\"content-media\">\n<section role=\"button\" class=\"mod-media   \">\n<figure role=\"button\" tabindex=\"0\" class=\"mod-figure \"><figcaption class=\"mod-figcaption\"><span class=\"com-text --caption --twoxs\">Mercado Libre denunci\u00f3 a Temu por publicidad enga\u00f1osa<\/span><\/figcaption><\/figure>\n<\/section>\n<\/div>\n<p class=\"com-paragraph   --s\">Fuentes allegadas a la causa confirmaron a este medio que ambas partes <strong>acordaron revisar las conductas que fueron objeto de denuncia <\/strong>y modificar comportamientos para mejorar el cumplimiento de las normas. Con este movimiento -indicaron-, <strong>la medida preventiva que ordenaba el cese de publicidad de Temu qued\u00f3 sin efecto<\/strong>. Adem\u00e1s, como parte central de lo acordado, se\u00f1alaron que ambas empresas se comprometieron a desistir de reclamos judiciales.<\/p>\n<p class=\"com-paragraph   --s\">Seg\u00fan pudo reconstruir LA NACION a partir del expediente judicial, el conflicto estall\u00f3 en julio de 2025, cuando <a href=\"https:\/\/www.lanacion.com.ar\/economia\/negocios\/las-razones-detras-del-conflicto-entre-mercado-libre-y-temu-nid30012026\/\" target=\"_self\" title=\"https:\/\/www.lanacion.com.ar\/economia\/negocios\/las-razones-detras-del-conflicto-entre-mercado-libre-y-temu-nid30012026\/\" class=\"com-link break-word\" data-mrf-recirculation=\"n_link_parrafo\">Mercado Libre present\u00f3 una denuncia administrativa contra Temu<\/a> ante la Direcci\u00f3n Nacional de Pol\u00edticas para el Desarrollo del Mercado Interno, que est\u00e1 bajo la \u00f3rbita de la Subsecretar\u00eda de Defensa del Consumidor y Lealtad Comercial, a cargo de Fernando Blanco. <\/p>\n<p class=\"com-paragraph   --s\">Los argumentos de la empresa fundada por Marcos Galperin se centraron en tres pilares: <mark class=\"hl_underline\">publicidad enga\u00f1osa, precios predatorios y mecanismos coercitivos<\/mark>. <\/p>\n<p class=\"com-paragraph   --s\">La denuncia lleg\u00f3 cuatro meses despu\u00e9s de que el gigante asi\u00e1tico iniciara operaciones en el pa\u00eds, y luego de que armara <a href=\"https:\/\/www.lanacion.com.ar\/economia\/negocios\/ropa-juguetes-y-accesorios-llegan-a-la-argentina-300000-envios-mensuales-solo-de-temu-nid21072025\/\" target=\"_self\" title=\"https:\/\/www.lanacion.com.ar\/economia\/negocios\/ropa-juguetes-y-accesorios-llegan-a-la-argentina-300000-envios-mensuales-solo-de-temu-nid21072025\/\" class=\"com-link break-word\" data-mrf-recirculation=\"n_link_parrafo\">una agresiva campa\u00f1a<\/a> para llegar a las redes sociales de los argentinos, y cerrara una alianza con el operador log\u00edstico Andreani para distribuir los paquetes. En julio ya hab\u00edan reportado cerca de 300.000 env\u00edos mensuales, fundamentalmente de bijouterie, juguetes, accesorios y ropa.<\/p>\n<div class=\"content-media\">\n<section role=\"button\" class=\"mod-media   \">\n<figure role=\"button\" tabindex=\"0\" class=\"mod-figure \"><figcaption class=\"mod-figcaption\"><span class=\"com-text --caption --twoxs\">Temu expuso que Mercado Libre tambi\u00e9n oculta costos de env\u00edo<\/span><\/figcaption><\/figure>\n<\/section>\n<\/div>\n<p class=\"com-paragraph   --s\">Temu no tard\u00f3 en responder, calificando la acci\u00f3n de su competidor como <strong>una estrategia de \u201c<\/strong><em><strong>sham petitioning<\/strong><\/em><strong>\u201d o litigio abusivo.<\/strong> Seg\u00fan la firma de origen asi\u00e1tico, el objetivo de Mercado Libre \u201ces hostigar a los nuevos entrantes mediante denuncias infundadas para as\u00ed elevar los costos de ingreso al mercado para empresas emergentes como Temu, con el fin de asegurar a toda costa la consolidaci\u00f3n en el tiempo de la posici\u00f3n de dominio que detenta\u201d.<\/p>\n<p class=\"com-paragraph   --s\">Tras realizar una verificaci\u00f3n de oficio, <strong>la autoridad nacional imput\u00f3 a Temu y dictamin\u00f3 una medida preventiva<\/strong>: le orden\u00f3 suspender toda publicidad efectuada en los canales digitales, propios o de terceros -sitio web, aplicaci\u00f3n m\u00f3vil y redes sociales- y anuncios o mensajes promocionales enga\u00f1osos.<\/p>\n<p class=\"com-paragraph   --s\">El caso lleg\u00f3 a la Justicia en enero, cuando <strong>Temu solicit\u00f3 una medida cautelar <\/strong>contra la Direcci\u00f3n Nacional de Pol\u00edticas para el Desarrollo del Mercado Interno para que se abstenga de avanzar en el proceso. La empresa plante\u00f3 la inconstitucionalidad del proceso administrativo y aleg\u00f3 que estaba \u201cplagado de vicios\u201d.<\/p>\n<p class=\"com-paragraph   --s\">Por un lado, Temu denunci\u00f3 que la autoridad<strong> clausur\u00f3 el per\u00edodo de prueba de forma arbitraria <\/strong>el 9 de enero, sin haber resuelto antes sobre la procedencia de las pruebas ofrecidas por la empresa, ni notificar la apertura del per\u00edodo, ni permitir su producci\u00f3n. Y por el otro, Temu sostuvo que la imputaci\u00f3n y la medida preventiva dictadas en su contra no solo \u201cfueron ordenadas por un funcionario carente de facultades legales para hacerlo\u201d, sino que \u201ctodo el procedimiento fue irregular y durante el mismo se viol\u00f3 su derecho de defensa\u201d.<\/p>\n<p class=\"com-paragraph   --s\">El expediente escal\u00f3 incluso <a href=\"https:\/\/www.lanacion.com.ar\/economia\/negocios\/el-conflicto-entre-mercado-libre-y-temu-avanza-en-la-justicia-nid04022026\/\" target=\"_self\" title=\"https:\/\/www.lanacion.com.ar\/economia\/negocios\/el-conflicto-entre-mercado-libre-y-temu-avanza-en-la-justicia-nid04022026\/\" class=\"com-link break-word\" data-mrf-recirculation=\"n_link_parrafo\">hasta la Corte Suprema de Justicia<\/a> luego de que se generara <strong>\u201cun conflicto negativo de competencia\u201d<\/strong> entre la C\u00e1mara Nacional de Apelaciones en lo Civil y Comercial Federal y la C\u00e1mara Nacional de Apelaciones en lo Contencioso Administrativo Federal. Y el m\u00e1ximo tribunal remiti\u00f3 el caso a la Procuraci\u00f3n General de la Naci\u00f3n, a cargo de Eduardo Casal, para que lo analice y dictamine qu\u00e9 c\u00e1mara es competente. <\/p>\n<section class=\"container-center-100 mb-40 border border-bottom border-thin border-neutral-light-700\">\n<hr\/>\n<\/section>\n<\/div>\n","protected":false},"excerpt":{"rendered":"<p>El conflicto entre Temu, Mercado Libre y el Estado Nacional lleg\u00f3 a su fin en el \u00e1mbito administrativo y legal. La Direcci\u00f3n Nacional de Pol\u00edticas para el Desarrollo del Mercado Interno, dependiente del Ministerio de Econom\u00eda, resolvi\u00f3 el archivo de las actuaciones luego de una audiencia celebrada entre las partes. Como consecuencia directa de esta [&hellip;]<\/p>\n","protected":false},"author":2,"featured_media":229003,"comment_status":"closed","ping_status":"closed","sticky":false,"template":"","format":"standard","meta":{"footnotes":""},"categories":[28],"tags":[],"class_list":["post-229002","post","type-post","status-publish","format-standard","has-post-thumbnail","hentry","category-economia"],"_links":{"self":[{"href":"https:\/\/radioacuariofm.com.ar\/index.php?rest_route=\/wp\/v2\/posts\/229002","targetHints":{"allow":["GET"]}}],"collection":[{"href":"https:\/\/radioacuariofm.com.ar\/index.php?rest_route=\/wp\/v2\/posts"}],"about":[{"href":"https:\/\/radioacuariofm.com.ar\/index.php?rest_route=\/wp\/v2\/types\/post"}],"author":[{"embeddable":true,"href":"https:\/\/radioacuariofm.com.ar\/index.php?rest_route=\/wp\/v2\/users\/2"}],"replies":[{"embeddable":true,"href":"https:\/\/radioacuariofm.com.ar\/index.php?rest_route=%2Fwp%2Fv2%2Fcomments&post=229002"}],"version-history":[{"count":1,"href":"https:\/\/radioacuariofm.com.ar\/index.php?rest_route=\/wp\/v2\/posts\/229002\/revisions"}],"predecessor-version":[{"id":229004,"href":"https:\/\/radioacuariofm.com.ar\/index.php?rest_route=\/wp\/v2\/posts\/229002\/revisions\/229004"}],"wp:featuredmedia":[{"embeddable":true,"href":"https:\/\/radioacuariofm.com.ar\/index.php?rest_route=\/wp\/v2\/media\/229003"}],"wp:attachment":[{"href":"https:\/\/radioacuariofm.com.ar\/index.php?rest_route=%2Fwp%2Fv2%2Fmedia&parent=229002"}],"wp:term":[{"taxonomy":"category","embeddable":true,"href":"https:\/\/radioacuariofm.com.ar\/index.php?rest_route=%2Fwp%2Fv2%2Fcategories&post=229002"},{"taxonomy":"post_tag","embeddable":true,"href":"https:\/\/radioacuariofm.com.ar\/index.php?rest_route=%2Fwp%2Fv2%2Ftags&post=229002"}],"curies":[{"name":"wp","href":"https:\/\/api.w.org\/{rel}","templated":true}]}}