{"id":228996,"date":"2026-03-12T16:21:50","date_gmt":"2026-03-12T19:21:50","guid":{"rendered":"https:\/\/radioacuariofm.com.ar\/?p=228996"},"modified":"2026-03-12T16:21:52","modified_gmt":"2026-03-12T19:21:52","slug":"si-logramos-que-no-sea-un-veranito-sera-dificil-salir-de-esto","status":"publish","type":"post","link":"https:\/\/radioacuariofm.com.ar\/?p=228996","title":{"rendered":"\u201cSi logramos que no sea un veranito, ser\u00e1 dif\u00edcil salir de esto\u201d"},"content":{"rendered":"<p><\/p>\n<div>\n<p class=\"com-paragraph  --capital --s\">NUEVA YORK.- <strong>Mart\u00edn Migoya,<\/strong> <strong>CEO de Globant, y Guibert Englebienne, cofundador de la empresa<\/strong>, se muestran optimistas del rumbo encarado por el Gobierno, del que, eval\u00faan, <strong>\u201cser\u00e1 dif\u00edcil salir\u201d<\/strong> si la Argentina lograra <strong>\u201cque esto no sea un veranito\u201d<\/strong>. <\/p>\n<p class=\"com-paragraph   --s\">Elogiosos de las reformas de la administraci\u00f3n de <strong>Javier Milei<\/strong>,<strong> <\/strong>ambos creadores de una de las principales empresas de tecnolog\u00eda y desarrollo de software del pa\u00eds resaltaron en una entrevista con <strong>LA NACION,<\/strong> en Nueva York, el entusiasmo que se gener\u00f3 en torno a la <strong>\u201cArgentina Week\u201d<\/strong> y evitaron entrar en la pol\u00e9mica desatada por las cr\u00edticas del Presidente a los \u201cempresarios prebendarios\u201d.<\/p>\n<p class=\"com-paragraph   --s\"><strong>\u201cMe gustar\u00eda separar lo que es coyuntura de lo que es el fondo.<\/strong> A m\u00ed la coyuntura me importa bastante poco, me gusta mucho el fondo de las cosas. Y entiendo la coyuntura donde se dan ciertas batallas, pero lo importante es lo que se est\u00e1 haciendo\u00bb, explic\u00f3 Migoya, al ser consultado sobre su visi\u00f3n del malestar que gener\u00f3 en muchos empresarios el duro discurso de Milei en la sede del JP Morgan.<\/p>\n<div class=\"content-media\">\n<section role=\"button\" class=\"mod-media   \">\n<figure role=\"button\" tabindex=\"0\" class=\"mod-figure \"><figcaption class=\"mod-figcaption\"><span class=\"com-text --caption --twoxs\">Mart\u00edn Migoya, cofundador de Globant<\/span><\/figcaption><\/figure>\n<\/section>\n<\/div>\n<p class=\"com-paragraph   --s\"><strong>\u201cTener un pa\u00eds con las cuentas ordenadas, que no est\u00e1 emitiendo dinero<\/strong>, que est\u00e1 bajando la inflaci\u00f3n, que est\u00e1 haciendo reformas estructurales fuert\u00edsimas, que est\u00e1 empujando y poniendo en el lugar que tenemos que estar los emprendedores, generando empleo, pensando en c\u00f3mo transformar las empresas. Es un combo que no se ve en muchos otros pa\u00edses y creo que tenemos una visi\u00f3n de la <strong>sana envidia que despierta la Argentina <\/strong>en muchos otros lugares por lo que est\u00e1 pasando hoy\u201c, dijo.<\/p>\n<p class=\"com-paragraph   --s\"><strong>\u201c\u00c9se es el mensaje trascendental que el Presidente transmiti\u00f3 [el martes], y es lo verdaderamente importante y lo que los inversores toman nota. <\/strong>Entonces a m\u00ed me gustar\u00eda enfocarme en eso, si no perdemos el foco. Para m\u00ed lo importante es lo otro y el Presidente lo transmiti\u00f3 muy bien. Estamos en este pa\u00eds para construir, para hacer que la Argentina sea mejor y no hay nada en el medio que sea m\u00e1s importante que eso. <strong>As\u00ed que estoy s\u00faper alineado con las palabras; en la coyuntura no me voy a meter<\/strong>\u201c, a\u00f1adi\u00f3 Migoya, quien evit\u00f3 definir si el mensaje hab\u00eda sido \u201doportuno o inoportuno\u00bb.<\/p>\n<p class=\"com-paragraph   --s\">Tambi\u00e9n destac\u00f3 que en las jornadas de la \u201cArgentina Week\u201d habl\u00f3 con muchos inversores y CEO de grandes compa\u00f1\u00edas, y not\u00f3 que<strong> el \u201coptimismo es muy grande\u201d.<\/strong><\/p>\n<p class=\"com-paragraph   --s\">\u201c<strong>Me dio la sensaci\u00f3n de que hab\u00eda mucha necesidad de que esto pasara. <\/strong>Vemos c\u00f3mo otros pa\u00edses lo hacen y hac\u00eda falta algo as\u00ed. Era como mucha energ\u00eda contenida y much\u00edsimas ganas de hacer que esto saliera muy bien\u201d, analiz\u00f3.<\/p>\n<div class=\"content-media\">\n<section role=\"button\" class=\"mod-media   \">\n<figure role=\"button\" tabindex=\"0\" class=\"mod-figure \"><figcaption class=\"mod-figcaption\"><span class=\"com-text --caption --twoxs\">Guibert Englebienne, cofundador de Globant<\/span><span class=\"com-text --credit --twoxs\">Juan Salvarredy<\/span><\/figcaption><\/figure>\n<\/section>\n<\/div>\n<p class=\"com-paragraph   --s\">Por su parte, Englebienne remarc\u00f3 el hecho de que tantos empresarios y ejecutivos fueran hasta Nueva York a participar de la iniciativa <strong>\u201ces una gran se\u00f1al\u201d,<\/strong> que not\u00f3 un <strong>\u201centusiasmo enorme\u201d <\/strong>y que \u201cel compromiso por parte del Gobierno y de los empresarios es notable\u201d.<\/p>\n<p class=\"com-paragraph   --s\">Migoya destac\u00f3 los avances logrados por el Gobierno en materia impositiva y, en ese sentido, dijo que los inversores financieros \u201cmiran si hay capacidad de hacer negocios y cu\u00e1l es el riesgo que tiene el pa\u00eds para hacer flujos descontados\u201d.<\/p>\n<p class=\"com-paragraph   --s\">\u201cFue muy claro el Presidente con eso. <strong>Y es el mensaje que un inversor quiere escuchar. <\/strong> C\u00f3mo generar un flujo descontado que sea eficiente. Y adem\u00e1s los emprendedores en eso tenemos un papel realmente importante. Transmitir ese mensaje. <strong>El Presidente fue s\u00faper claro con eso y el eco del otro lado fue muy bueno\u00bb<\/strong>, se\u00f1al\u00f3 el CEO de Globant, que el mi\u00e9rcoles particip\u00f3 de un panel en el Bank of America sobre el talento tecnol\u00f3gico argentino. Estuvo junto a Pierpaolo Barbieri, fundador y CEO de Ual\u00e1, y Mart\u00edn Varsavsky, fundador de Inception Prelude Fertility. <\/p>\n<p class=\"com-paragraph   --s\">\u201cCreo que lo que el Presidente indic\u00f3 acerca de la <strong>simplificaci\u00f3n de regulaciones, de limpiar el terreno, de generar reglas claras, de mantener un equilibrio fiscal,<\/strong> habla todo sobre tener un terreno sobre el cual poder hacer lo que mejor sabemos, que es<strong> crear valor<\/strong>\u201d, dijo Englebienne.<\/p>\n<p class=\"com-paragraph   --s\">El cofundador de Globant -empresa que opera en 35 pa\u00edses- cont\u00f3 que a lo largo de los a\u00f1os, en innumerables eventos en los que particip\u00f3, <strong>antes se hablaba de todos los pa\u00edses de Am\u00e9rica Latina, a excepci\u00f3n de la Argentina y Venezuela, y que ahora eso cambi\u00f3. <\/strong><\/p>\n<p class=\"com-paragraph   --s\">\u201cHablaban sobre oportunidades en Brasil, Colombia y Per\u00fa, y<strong> cuando uno esperaba que hablaran de Argentina, ah\u00ed se acababa el evento. Lo que yo vi [en JP Morgan] fue un apoyo muy fuerte de l\u00edderes como Jamie Dimon [CEO del banco],<\/strong> o todo el resto,<strong> <\/strong>en <strong>traer credibilidad<\/strong>\u201c, expres\u00f3.<\/p>\n<p class=\"com-paragraph   --s\">Destac\u00f3 que los acuerdos comerciales del Gobierno con Estados Unidos y la Uni\u00f3n Europea (UE) \u201cabren puentes con los mercados\u201d con los que el pa\u00eds \u201crealmente deber\u00eda haber estado conectado\u201d, y que el pa\u00eds jugar\u00e1 \u201cen aquellas cosas en las que <strong>seremos competitivos\u201d.<\/strong><\/p>\n<p class=\"com-paragraph   --s\"><strong>\u201cCreo que eso va a traer un desarrollo m\u00e1s sostenible para la Argentina que se viene. <\/strong>Es para nosotros una gran oportunidad que deber\u00edamos aprovechar\u201d, confi\u00f3.<\/p>\n<div class=\"content-media\">\n<section role=\"button\" class=\"mod-media   \">\n<figure role=\"button\" tabindex=\"0\" class=\"mod-figure \"><figcaption class=\"mod-figcaption\"><span class=\"com-text --caption --twoxs\">El presidente Javier Milei en el nuevo edificio del JP Morgan Chase, en Nueva York, durante el inicio del Argentina Week.<\/span><\/figcaption><\/figure>\n<\/section>\n<\/div>\n<p class=\"com-paragraph   --s\">Para Migoya, los acuerdos significan una <strong>\u201cSe\u00f1al muy clara de la alineaci\u00f3n que hay entre la Argentina y Estados Unidos y entre el Mercosur y la UE\u201d,<\/strong> y que eso le \u201csuma much\u00edsimo\u201d a Globant. \u201cMuchas decisiones se mueven por mensajes. No puedo explicar la cantidad de clientes que tengo llam\u00e1ndome\u201d, dijo.<\/p>\n<p class=\"com-paragraph   --s\"><strong>\u201cHace 23 a\u00f1os que estoy caminando la \u2018calle\u2019 internacional y de la Argentina no se hablaba. O si se hablaba, era de cosas horribles\u201d<\/strong>, afirm\u00f3, y sostuvo que hay que seguir pensando en \u201cel largo plazo\u201c.<\/p>\n<p class=\"com-paragraph   --s\"><strong>\u201cEs muy distinto un proceso como \u00e9ste hecho con medidas cortas que hecho con medidas sostenibles en el tiempo, <\/strong>con el nivel de convicci\u00f3n que el Presidente tiene en t\u00e9rminos de reformas, de super\u00e1vit fiscal, de orden de cuentas. Es un proceso que tiene esa fundaci\u00f3n, tiene los elementos para que sea algo mucho m\u00e1s largo que cuando eso no lo tiene\u201d, elogi\u00f3 Migoya.<\/p>\n<p class=\"com-paragraph   --s\"><mark class=\"hl_underline\">\u201cSi nosotros logramos que esto no sea un veranito, sino que sea algo que se siga manteniendo, ser\u00e1 dif\u00edcil salir de esto.<\/mark> Porque los beneficios ser\u00e1n tangibles y muy claros para la gente. La gente lo va a volver a votar. Eso es lo que yo creo\u201c, augur\u00f3.<\/p>\n<p class=\"com-paragraph   --s\">Migoya, adem\u00e1s, destac\u00f3 la reforma laboral aprobada por el Gobierno -era \u201cdemasiado necesaria\u201d, dijo- y se\u00f1al\u00f3 que <strong>la Argentina \u201ctiene que ser un pa\u00eds extremadamente amigable para el mercado\u201d.<\/strong><\/p>\n<p class=\"com-paragraph   --s\">\u201cTodav\u00eda faltan reformas. Pero van a llegar a medida que haya super\u00e1vit. Si no hay super\u00e1vit, no se puede hacer. La realidad es que <strong>a medida que este proceso se vaya profundizando, va a dar lugar a reformas cada vez m\u00e1s profundas. <\/strong>Y eso est\u00e1 bueno\u201d, cerr\u00f3.<\/p>\n<section class=\"container-center-100 mb-40 border border-bottom border-thin border-neutral-light-700\">\n<hr\/>\n<\/section>\n<\/div>\n","protected":false},"excerpt":{"rendered":"<p>NUEVA YORK.- Mart\u00edn Migoya, CEO de Globant, y Guibert Englebienne, cofundador de la empresa, se muestran optimistas del rumbo encarado por el Gobierno, del que, eval\u00faan, \u201cser\u00e1 dif\u00edcil salir\u201d si la Argentina lograra \u201cque esto no sea un veranito\u201d. Elogiosos de las reformas de la administraci\u00f3n de Javier Milei, ambos creadores de una de las [&hellip;]<\/p>\n","protected":false},"author":2,"featured_media":228997,"comment_status":"closed","ping_status":"closed","sticky":false,"template":"","format":"standard","meta":{"footnotes":""},"categories":[28],"tags":[],"class_list":["post-228996","post","type-post","status-publish","format-standard","has-post-thumbnail","hentry","category-economia"],"_links":{"self":[{"href":"https:\/\/radioacuariofm.com.ar\/index.php?rest_route=\/wp\/v2\/posts\/228996","targetHints":{"allow":["GET"]}}],"collection":[{"href":"https:\/\/radioacuariofm.com.ar\/index.php?rest_route=\/wp\/v2\/posts"}],"about":[{"href":"https:\/\/radioacuariofm.com.ar\/index.php?rest_route=\/wp\/v2\/types\/post"}],"author":[{"embeddable":true,"href":"https:\/\/radioacuariofm.com.ar\/index.php?rest_route=\/wp\/v2\/users\/2"}],"replies":[{"embeddable":true,"href":"https:\/\/radioacuariofm.com.ar\/index.php?rest_route=%2Fwp%2Fv2%2Fcomments&post=228996"}],"version-history":[{"count":1,"href":"https:\/\/radioacuariofm.com.ar\/index.php?rest_route=\/wp\/v2\/posts\/228996\/revisions"}],"predecessor-version":[{"id":228998,"href":"https:\/\/radioacuariofm.com.ar\/index.php?rest_route=\/wp\/v2\/posts\/228996\/revisions\/228998"}],"wp:featuredmedia":[{"embeddable":true,"href":"https:\/\/radioacuariofm.com.ar\/index.php?rest_route=\/wp\/v2\/media\/228997"}],"wp:attachment":[{"href":"https:\/\/radioacuariofm.com.ar\/index.php?rest_route=%2Fwp%2Fv2%2Fmedia&parent=228996"}],"wp:term":[{"taxonomy":"category","embeddable":true,"href":"https:\/\/radioacuariofm.com.ar\/index.php?rest_route=%2Fwp%2Fv2%2Fcategories&post=228996"},{"taxonomy":"post_tag","embeddable":true,"href":"https:\/\/radioacuariofm.com.ar\/index.php?rest_route=%2Fwp%2Fv2%2Ftags&post=228996"}],"curies":[{"name":"wp","href":"https:\/\/api.w.org\/{rel}","templated":true}]}}