{"id":228992,"date":"2026-03-12T14:46:57","date_gmt":"2026-03-12T17:46:57","guid":{"rendered":"https:\/\/radioacuariofm.com.ar\/?p=228992"},"modified":"2026-03-12T14:47:00","modified_gmt":"2026-03-12T17:47:00","slug":"diez-anos-construyendo-historia-en-la-escena-cultural-de-san-juan","status":"publish","type":"post","link":"https:\/\/radioacuariofm.com.ar\/?p=228992","title":{"rendered":"Diez a\u00f1os construyendo historia en la escena cultural de San Juan"},"content":{"rendered":"<p><\/p>\n<div>\n<p>El<strong> Teatro del Bicentenari<\/strong>o, dependiente del Ministerio de Turismo, Cultura y Deporte, <strong>present\u00f3 oficialmente su Temporada 2026<\/strong>. Con una programaci\u00f3n especial que celebra los 10 a\u00f1os de este emblem\u00e1tico espacio cultural, consolidado como uno de los principales centros de producci\u00f3n del pa\u00eds y la regi\u00f3n.<\/p>\n<p>En el marco del aniversario, la d\u00e9cima temporada propone una agenda de gran jerarqu\u00eda que re\u00fane impactantes producciones y reposiciones del teatro, junto a destacados espect\u00e1culos de m\u00fasica, danza, teatro, \u00f3pera y festivales. Una programaci\u00f3n que reafirma al Teatro del Bicentenario como motor del desarrollo cultural, comprometido con la excelencia art\u00edstica, la preservaci\u00f3n y proyecci\u00f3n del legado cultural de San Juan, y la capacidad del arte para generar transformaci\u00f3n social.<\/p>\n<div class=\"embera-embed-responsive embera-embed-responsive-photo embera-embed-responsive-provider-flickr\"><a data-flickr-embed=\"true\" href=\"https:\/\/www.flickr.com\/photos\/gobiernodesanjuan\/55144222315\/\" title=\"2026-03-12 TURISMO, CULTURA Y DEPORTE Diez a\u00f1os construyendo historia en la escena cultural de San Juan (5) by Gobierno de San Juan, on Flickr\"><\/a><\/div>\n<p>La presentaci\u00f3n de la 10\u00b0 Temporada del Teatro del Bicentenario estuvo encabezada por el ministro de Turismo, Cultura y Deporte, Guido Romero, la secretaria de Cultura, Anal\u00eda Vilches y la directora del Teatro del Bicentenario Silvana Moreno. Tambi\u00e9n acompa\u00f1aron funcionarios de la cartera de Cultura.<\/p>\n<p>En el discurso, el ministro Guido Romero resalt\u00f3 el inter\u00e9s del Gobernador, Marcelo Orrego, en que esta temporada sea de excelencia y que llegue a todos los sanjuaninos. \u201cEn estos diez a\u00f1os el teatro ha logrado posicionarse como un polo cultural en el pa\u00eds. La cultura es una inversi\u00f3n estrat\u00e9gica porque nos permite posicionarnos a nivel nacional con una identidad de trabajo y una impronta que trasciende\u201d.<\/p>\n<div class=\"embera-embed-responsive embera-embed-responsive-photo embera-embed-responsive-provider-flickr\"><a data-flickr-embed=\"true\" href=\"https:\/\/www.flickr.com\/photos\/gobiernodesanjuan\/55143845821\/\" title=\"2026-03-12 TURISMO, CULTURA Y DEPORTE Diez a\u00f1os construyendo historia en la escena cultural de San Juan (1) by Gobierno de San Juan, on Flickr\"><img decoding=\"async\" class=\"embera-embed-responsive-item embera-embed-responsive-item-photo\" src=\"https:\/\/live.staticflickr.com\/65535\/55143845821_768b5caca9_b.jpg\" alt=\"2026-03-12 TURISMO, CULTURA Y DEPORTE Diez a\u00f1os construyendo historia en la escena cultural de San Juan (1)\"\/><\/a><\/div>\n<p>En la misma l\u00ednea la secretaria de cultura, Anal\u00eda Vilches, dijo \u201cEl trabajo del Teatro del Bicentenario es muy importante para nosotros. Crear v\u00ednculos con los sanjuaninos y trascender las fronteras es uno de los objetivos que tenemos para dar a conocer la cultura de la provinncia.\u201d<\/p>\n<p>Por otro lado, la directora del Teatro del Bicentenario, Silvana Moreno destac\u00f3 el trabajo que se viene haciendo desde hace dos a\u00f1os para concretar esta temporada y tambi\u00e9n la importancia de las alianzas estrat\u00e9gicas para el desarrollo de las pol\u00edticas culturales que lleva adelante el Gobernador Marcelo Orrego.<\/p>\n<h2> <\/h2>\n<h2><strong>Un escenario, mil emociones: la temporada que celebra diez a\u00f1os en Sala Principal<\/strong><\/h2>\n<p>En marzo, la Sala Principal abrir\u00e1 con Reflejos de Macondo, un concierto \u2013 experiencia inspirada en el universo literario de Cien a\u00f1os de soledad de Gabriel Garc\u00eda M\u00e1rquez, que propone un encuentro sensorial entre m\u00fasica e imagen. En abril, el Teatro presentar\u00e1 Mujeres Argentinas, la ic\u00f3nica creaci\u00f3n de Ariel Ram\u00edrez y F\u00e9lix Luna cobra vida nuevamente en el escenario principal del TB a trav\u00e9s de una producci\u00f3n integral e in\u00e9dita, concebida especialmente por el Teatro en la temporada 2023.<\/p>\n<p>Durante mayo y julio, el Teatro del Bicentenario celebrar\u00e1 las tradicionales Galas Patrias, funciones especiales que invitan a conmemorar las fechas fundacionales de la Argentina a trav\u00e9s de las artes esc\u00e9nicas. En junio, la danza ser\u00e1 protagonista con Carmina Burana, la reconocida versi\u00f3n coreogr\u00e1fica de Mauricio Wainrot, una producci\u00f3n original del Teatro que se ha consolidado como una de las obras patrimoniales de su repertorio.<\/p>\n<p>El mes de julio traer\u00e1 nuevamente a escena El Brote, la aclamada obra de Emiliano Dionisi protagonizada por Roberto Peloni, una propuesta teatral que explora con intensidad los l\u00edmites entre ficci\u00f3n y realidad.<\/p>\n<p>En agosto, la m\u00fasica volver\u00e1 a ocupar un lugar central con la cuarta edici\u00f3n del Festival Cuyo Contempor\u00e1neo, dedicado a la creaci\u00f3n musical actual, y con el Festival Internacional de Coros Infantiles y Juveniles \u201cEn el canto hay unidad\u201d, que reunir\u00e1 a j\u00f3venes voces de distintas regiones. Ese mismo mes, el escenario del TB recibir\u00e1 a Los Nocheros, referentes indiscutidos del folklore argentino.<\/p>\n<div class=\"embera-embed-responsive embera-embed-responsive-photo embera-embed-responsive-provider-flickr\"><a data-flickr-embed=\"true\" href=\"https:\/\/www.flickr.com\/photos\/gobiernodesanjuan\/55144222335\/\" title=\"2026-03-12 TURISMO, CULTURA Y DEPORTE Diez a\u00f1os construyendo historia en la escena cultural de San Juan (2) by Gobierno de San Juan, on Flickr\"><img decoding=\"async\" class=\"embera-embed-responsive-item embera-embed-responsive-item-photo\" src=\"https:\/\/live.staticflickr.com\/65535\/55144222335_75cbf3d7f0_b.jpg\" alt=\"2026-03-12 TURISMO, CULTURA Y DEPORTE Diez a\u00f1os construyendo historia en la escena cultural de San Juan (2)\"\/><\/a><\/div>\n<p>La programaci\u00f3n continuar\u00e1 en septiembre con Moliendo a Moli\u00e8re, una producci\u00f3n original del Teatro del Bicentenario dirigida por Emiliano Dionisi y destinada especialmente al p\u00fablico infanto juvenil. Esta propuesta se enmarca en el Programa de Introducci\u00f3n al Arte para la Ni\u00f1ez y Adolescencia, se trata de un proyecto educativo que permitir\u00e1 que miles de ni\u00f1os de toda la provincia puedan disfrutar de funciones gratuitas, promoviendo el acceso a las artes esc\u00e9nicas como una valiosa herramienta de formaci\u00f3n, desarrollo de la sensibilidad y construcci\u00f3n de comunidad.<\/p>\n<p>Tambi\u00e9n se presentar\u00e1n La Delio Valdez, una de las orquestas de cumbia m\u00e1s representativas de Latinoam\u00e9rica, un espect\u00e1culo que celebra la potencia del colectivo, el baile y la identidad popular. Con su inconfundible sonido, la banda propone una experiencia festiva y arrolladora, donde la cumbia se transforma en un lenguaje compartido que convoca al encuentro y a la celebraci\u00f3n.<\/p>\n<p>Septiembre contin\u00faa con la presentaci\u00f3n de Elena Roger, consagrada en los escenarios m\u00e1s prestigiosos del mundo, Roger propone un concierto \u00edntimo y emotivo, donde su voz y su interpretaci\u00f3n recorren canciones emblem\u00e1ticas que forman parte del imaginario colectivo. Acompa\u00f1ada al piano por Nicol\u00e1s Guerschberg, la artista invita al p\u00fablico a vivir una experiencia musical de profunda sensibilidad, consolidando este encuentro como un hito dentro de la temporada y un orgullo para la vida cultural de la provincia.<\/p>\n<p>En octubre, la l\u00edrica ocupar\u00e1 el centro de la escena con La Traviata, la emblem\u00e1tica obra de Giuseppe Verdi, en una producci\u00f3n del Teatro Col\u00f3n que ser\u00e1 repuesta por el Teatro del Bicentenario, reviviendo adem\u00e1s la \u00f3pera con la que se inaugur\u00f3 la sala hace diez a\u00f1os.<\/p>\n<p>Durante noviembre, el Teatro presentar\u00e1 Brothers, un estreno mundial y producci\u00f3n original inspirada en la correspondencia entre Vincent y Theo van Gogh.<\/p>\n<p>Ese mismo mes, el Teatro del Bicentenario recibir\u00e1 al Ballet Estable del Teatro Col\u00f3n, dirigido por Julio Bocca, con El Lago de los Cisnes, una de las obras m\u00e1s emblem\u00e1ticas del repertorio cl\u00e1sico. La llegada del Ballet Estable del Teatro Col\u00f3n constituye un suceso art\u00edstico de gran valor simb\u00f3lico y cultural, ya que en esta oportunidad presentar\u00e1 la versi\u00f3n completa de El lago de los cisnes, que en contadas ocasiones ha podido disfrutarse \u00edntegramente en San Juan.<\/p>\n<p> La temporada culminar\u00e1 en diciembre con Dios Salve a la Reina, el reconocido homenaje internacional a la banda Queen, y con el concierto de cierre de temporada de La Camerata, que celebrar\u00e1 junto al p\u00fablico el recorrido art\u00edstico del a\u00f1o.<\/p>\n<\/p><\/div>\n<p><script async defer crossorigin=\"anonymous\" src=\"https:\/\/connect.facebook.net\/es_ES\/sdk.js#xfbml=1&#038;version=v3.3\"><\/script><\/p>\n","protected":false},"excerpt":{"rendered":"<p>El Teatro del Bicentenario, dependiente del Ministerio de Turismo, Cultura y Deporte, present\u00f3 oficialmente su Temporada 2026. Con una programaci\u00f3n especial que celebra los 10 a\u00f1os de este emblem\u00e1tico espacio cultural, consolidado como uno de los principales centros de producci\u00f3n del pa\u00eds y la regi\u00f3n. En el marco del aniversario, la d\u00e9cima temporada propone una [&hellip;]<\/p>\n","protected":false},"author":2,"featured_media":228993,"comment_status":"closed","ping_status":"closed","sticky":false,"template":"","format":"standard","meta":{"footnotes":""},"categories":[27],"tags":[],"class_list":["post-228992","post","type-post","status-publish","format-standard","has-post-thumbnail","hentry","category-san-juan"],"_links":{"self":[{"href":"https:\/\/radioacuariofm.com.ar\/index.php?rest_route=\/wp\/v2\/posts\/228992","targetHints":{"allow":["GET"]}}],"collection":[{"href":"https:\/\/radioacuariofm.com.ar\/index.php?rest_route=\/wp\/v2\/posts"}],"about":[{"href":"https:\/\/radioacuariofm.com.ar\/index.php?rest_route=\/wp\/v2\/types\/post"}],"author":[{"embeddable":true,"href":"https:\/\/radioacuariofm.com.ar\/index.php?rest_route=\/wp\/v2\/users\/2"}],"replies":[{"embeddable":true,"href":"https:\/\/radioacuariofm.com.ar\/index.php?rest_route=%2Fwp%2Fv2%2Fcomments&post=228992"}],"version-history":[{"count":1,"href":"https:\/\/radioacuariofm.com.ar\/index.php?rest_route=\/wp\/v2\/posts\/228992\/revisions"}],"predecessor-version":[{"id":228994,"href":"https:\/\/radioacuariofm.com.ar\/index.php?rest_route=\/wp\/v2\/posts\/228992\/revisions\/228994"}],"wp:featuredmedia":[{"embeddable":true,"href":"https:\/\/radioacuariofm.com.ar\/index.php?rest_route=\/wp\/v2\/media\/228993"}],"wp:attachment":[{"href":"https:\/\/radioacuariofm.com.ar\/index.php?rest_route=%2Fwp%2Fv2%2Fmedia&parent=228992"}],"wp:term":[{"taxonomy":"category","embeddable":true,"href":"https:\/\/radioacuariofm.com.ar\/index.php?rest_route=%2Fwp%2Fv2%2Fcategories&post=228992"},{"taxonomy":"post_tag","embeddable":true,"href":"https:\/\/radioacuariofm.com.ar\/index.php?rest_route=%2Fwp%2Fv2%2Ftags&post=228992"}],"curies":[{"name":"wp","href":"https:\/\/api.w.org\/{rel}","templated":true}]}}