{"id":228989,"date":"2026-03-12T14:28:59","date_gmt":"2026-03-12T17:28:59","guid":{"rendered":"https:\/\/radioacuariofm.com.ar\/?p=228989"},"modified":"2026-03-12T14:29:02","modified_gmt":"2026-03-12T17:29:02","slug":"un-dron-impacta-en-una-base-de-italia-en-irak-y-meloni-critica-la-guerra-de-trump","status":"publish","type":"post","link":"https:\/\/radioacuariofm.com.ar\/?p=228989","title":{"rendered":"Un dron impacta en una base de Italia en Irak y Meloni critica la guerra de Trump"},"content":{"rendered":"<p> <br \/>\n<\/p>\n<div>\n<p class=\"com-paragraph  --capital --s\">ROMA.\u2013 En medio de la <a href=\"https:\/\/www.lanacion.com.ar\/el-mundo\/mojtaba-khamenei-pronuncia-su-primer-mensaje-desde-que-fue-elegido-lider-supremo-de-iran-nid12032026\/\" target=\"_self\" title=\"https:\/\/www.lanacion.com.ar\/el-mundo\/mojtaba-khamenei-pronuncia-su-primer-mensaje-desde-que-fue-elegido-lider-supremo-de-iran-nid12032026\/\" class=\"com-link break-word\" data-mrf-recirculation=\"n_link_parrafo\">escalada en Medio Oriente<\/a>, una <strong>base militar italiana situada en Erbil<\/strong>, en el Kurdist\u00e1n iraqu\u00ed, fue <a href=\"https:\/\/www.lanacion.com.ar\/el-mundo\/israel-ataco-un-complejo-de-desarrollo-de-armas-nucleares-de-iran-y-amenaza-con-tomar-territorio-en-nid12032026\/\" target=\"_self\" title=\"https:\/\/www.lanacion.com.ar\/el-mundo\/israel-ataco-un-complejo-de-desarrollo-de-armas-nucleares-de-iran-y-amenaza-con-tomar-territorio-en-nid12032026\/\" class=\"com-link break-word\" data-mrf-recirculation=\"n_link_parrafo\"><strong>atacada<\/strong><\/a><strong> durante la noche del mi\u00e9rcoles<\/strong> con un proyectil que impact\u00f3 dentro del complejo y <strong>provoc\u00f3 da\u00f1os materiales<\/strong>, aunque <strong>no dej\u00f3 heridos<\/strong> entre los soldados desplegados en la zona. Seg\u00fan indicaron las autoridades italianas, <strong>se retirar\u00e1 temporalmente a los oficiales<\/strong> del destacamento.<\/p>\n<p class=\"com-paragraph   --s\">El <strong>ministro de Defensa de Italia<\/strong>, Guido Crosetto, confirm\u00f3 que el ataque se produjo alrededor de las <strong>23.10<\/strong> (hora local) en el<strong> Campamento Singara<\/strong>, una instalaci\u00f3n donde <strong>operan tropas italianas integradas en la misi\u00f3n internacional contra el grupo yihadista Estado Isl\u00e1mico<\/strong>. Seg\u00fan detall\u00f3, el impacto provoc\u00f3 un <strong>incendio <\/strong>que afect\u00f3 al menos a dos veh\u00edculos militares, pero el fuego fue controlado r\u00e1pidamente y no se extendi\u00f3 a otras \u00e1reas de la base. <\/p>\n<p class=\"com-paragraph   --s\">\u201cUn misil impact\u00f3 en nuestra base de Erbil. No hay v\u00edctimas ni heridos entre el personal italiano. Todos se encuentran bien\u201d, indic\u00f3 el Ministerio de Defensa italiano en un comunicado difundido poco despu\u00e9s del incidente. <\/p>\n<div class=\"content-media\">\n<section role=\"button\" class=\"mod-media   \">\n<figure role=\"button\" tabindex=\"0\" class=\"mod-figure \"><figcaption class=\"mod-figcaption\"><span class=\"com-text --caption --twoxs\">El comunicado del Ministerio de Defensa de Italia<\/span><\/figcaption><\/figure>\n<\/section>\n<\/div>\n<p class=\"com-paragraph   --s\">El canciller italiano, <strong>Antonio Tajani<\/strong>, conden\u00f3 el ataque y asegur\u00f3 que los militares se refugiaron a tiempo en los b\u00fankeres de la instalaci\u00f3n. \u201cAcabo de hablar con el embajador italiano en Irak. Afortunadamente, nuestros soldados se encuentran bien y a salvo. Les expreso mi solidaridad y gratitud por su servicio diario a su pa\u00eds\u201d, escribi\u00f3 en la red social X. <\/p>\n<p class=\"com-paragraph   --s\">En la base se encuentran desplegados alrededor de 300 militares italianos.<\/p>\n<p class=\"com-paragraph   --s\">Las <strong>primeras informaciones indicaban que el proyectil podr\u00eda haber sido un dron de tipo Shahed<\/strong> \u2014un modelo de origen iran\u00ed utilizado con frecuencia por milicias aliadas de Teher\u00e1n en la regi\u00f3n\u2014 que<strong> impact\u00f3 contra un veh\u00edculo militar dentro del complejo<\/strong>. Sin embargo, especialistas en explosivos examinan los restos para determinar si se trat\u00f3 de un dron o de un misil. <\/p>\n<p class=\"com-paragraph   --s\">El comandante de la base, el coronel Stefano Pizzotti, explic\u00f3 que la alarma se activ\u00f3 varias horas antes del impacto, lo que permiti\u00f3 que los soldados se refugiaran en los b\u00fankeres de seguridad. Seg\u00fan relat\u00f3 a medios italianos, el personal permanec\u00eda a\u00fan en esas instalaciones la ma\u00f1ana del jueves mientras continuaban las verificaciones de seguridad. \u201cLa moral del personal se mantiene elevada\u201d, afirm\u00f3. <\/p>\n<p class=\"com-paragraph   --s\"><strong>Las autoridades italianas todav\u00eda no atribuyeron oficialmente la responsabilidad del ataque.<\/strong> No obstante, <strong>Tajani se\u00f1al\u00f3 que existe la posibilidad de que haya sido perpetrado por milicias proiran\u00edes que operan en Irak<\/strong>, una hip\u00f3tesis que coincide con la creciente tensi\u00f3n regional tras los recientes ataques contra instalaciones nucleares iran\u00edes. <\/p>\n<div class=\"content-media\">\n<section role=\"button\" class=\"mod-media   \">\n<figure role=\"button\" tabindex=\"0\" class=\"mod-figure \"><figcaption class=\"mod-figcaption\"><span class=\"com-text --caption --twoxs\">El aeropuerto de Erbil tambi\u00e9n fue atacado la noche del mi\u00e9rcoles<\/span><span class=\"com-text --credit --twoxs\">Leo Correa  &#8211; AP <\/span><\/figcaption><\/figure>\n<\/section>\n<\/div>\n<p class=\"com-paragraph   --s\">El incidente se produjo adem\u00e1s en una<strong> zona especialmente sensible<\/strong> desde el punto de vista estrat\u00e9gico. <strong>Erbil tiene diversas instalaciones militares y diplom\u00e1ticas occidentales<\/strong>, incluido un <strong>importante destacamento de Estados Unidos<\/strong>, lo que la convierte en un objetivo frecuente de ataques con drones o cohetes por parte de grupos armados alineados con Ir\u00e1n. <\/p>\n<p class=\"com-paragraph   --s\">En las horas previas al impacto, residentes de la ciudad informaron haber escuchado <strong>al menos dos explosiones en el cielo <\/strong>mientras las defensas a\u00e9reas interceptaban drones que se aproximaban al \u00e1rea urbana, seg\u00fan report\u00f3 la cadena Al Jazeera citando a funcionarios locales. <\/p>\n<p class=\"com-paragraph   --s\">El gobierno italiano hab\u00eda adoptado medidas preventivas en los \u00faltimos d\u00edas ante el deterioro del contexto regional. Crosetto revel\u00f3 que parte del contingente desplegado en Erbil ya hab\u00eda iniciado una retirada temporal antes del ataque. Cerca de un centenar de militares regresaron a Italia y unos 40 fueron trasladados a Jordania, mientras que alrededor de 140 permanecen todav\u00eda en la base a la espera de condiciones seguras para su evacuaci\u00f3n por v\u00eda terrestre hacia Turqu\u00eda. <\/p>\n<p class=\"com-paragraph   --s\">La primera ministra italiana, <strong>Giorgia Meloni<\/strong>, asegur\u00f3 que<strong> sigue de cerca la situaci\u00f3n tras el ataque <\/strong>y expres\u00f3 su <strong>apoyo al contingente desplegado en Irak<\/strong>. \u201cContin\u00fao siguiendo de cerca lo ocurrido en nuestra base de Erbil y estoy en contacto constante con los ministros Tajani y Crosetto para monitorear la situaci\u00f3n\u201d, afirm\u00f3. La jefa de gobierno tambi\u00e9n transmiti\u00f3 la solidaridad del Ejecutivo con los militares italianos que se encontraban en la instalaci\u00f3n. <\/p>\n<p class=\"com-paragraph   --s\">\u201cEn nombre del gobierno y personalmente, expreso solidaridad y cercan\u00eda a nuestro personal militar, que sali\u00f3 ileso del ataque: <strong>Italia est\u00e1 orgullosa del coraje y la profesionalidad que demuestran al trabajar diariamente por la paz <\/strong>y la seguridad en los numerosos escenarios de crisis\u201d, se\u00f1al\u00f3.<\/p>\n<div class=\"content-media\">\n<section role=\"button\" class=\"mod-media   \">\n<figure role=\"button\" tabindex=\"0\" class=\"mod-figure \"><figcaption class=\"mod-figcaption\"><span class=\"com-text --caption --twoxs\">La declaraci\u00f3n de Meloni sobre el ataque en Erbil<\/span><\/figcaption><\/figure>\n<\/section>\n<\/div>\n<p class=\"com-paragraph   --s\">Previamente hab\u00eda querido mantenerse al margen. En un mensaje televisado, hab\u00eda afirmado que el gobierno trabaja para reducir la tensi\u00f3n y proteger a los ciudadanos italianos en el extranjero. <strong>\u201cNo somos parte del conflicto, ni tenemos intensi\u00f3n de serlo\u201d<\/strong>, sentenci\u00f3 la premier.<\/p>\n<p class=\"com-paragraph   --s\">El mi\u00e9rcoles lanz\u00f3 sus cr\u00edticas m\u00e1s duras hasta la fecha sobre la guerra de Estados Unidos e Israel contra Ir\u00e1n, describi\u00e9ndola como parte de una tendencia creciente y peligrosa de intervenciones <strong>\u201cfuera del \u00e1mbito del derecho internacional\u201d.<\/strong><\/p>\n<p class=\"com-paragraph   --s\">Sus declaraciones ante el Parlamento se produjeron tras las <strong>repetidas acusaciones<\/strong> de la oposici\u00f3n de que su gobierno de derecha hab\u00eda sido demasiado blando con sus aliados.<\/p>\n<p class=\"com-paragraph   --s\">La mayor\u00eda de los dem\u00e1s pa\u00edses europeos, con la notable excepci\u00f3n de Espa\u00f1a, se han abstenido de criticar directamente los ataques de Estados Unidos e Israel, y en su mayor\u00eda han pedido moderaci\u00f3n.<\/p>\n<div class=\"content-media\">\n<section role=\"button\" class=\"mod-media   \">\n<figure role=\"button\" tabindex=\"0\" class=\"mod-figure \"><figcaption class=\"mod-figcaption\"><span class=\"com-text --caption --twoxs\">Meloni en el Senado<\/span><span class=\"com-text --credit --twoxs\">Alessandra Tarantino  &#8211; AP <\/span><\/figcaption><\/figure>\n<\/section>\n<\/div>\n<p class=\"com-paragraph   --s\">Meloni, que mantiene estrechos v\u00ednculos con el presidente estadounidense Donald Trump, tambi\u00e9n afirm\u00f3 que no se debe permitir que Ir\u00e1n desarrolle armas nucleares, ya que eso pondr\u00eda fin al marco internacional de no proliferaci\u00f3n con \u201crepercusiones dram\u00e1ticas para la seguridad mundial\u201d, dejando a Italia y Europa expuestas a una posible amenaza nuclear por parte de Teher\u00e1n.<\/p>\n<p class=\"com-paragraph   --s\">Al dirigirse al Parlamento sobre la crisis, Meloni estableci\u00f3 un paralelismo entre el conflicto de Medio Oriente y la invasi\u00f3n de Ucrania por parte de Rusia en 2022, que, seg\u00fan ella, desencaden\u00f3 una mayor desestabilizaci\u00f3n mundial.<\/p>\n<p class=\"com-paragraph   --s\">\u201cEs en este contexto de crisis estructural del sistema internacional, en el que las amenazas son cada vez m\u00e1s aterradoras y se multiplican las intervenciones unilaterales al margen del derecho internacional, <strong>donde debemos situar tambi\u00e9n la intervenci\u00f3n estadounidense e israel\u00ed contra el r\u00e9gimen iran\u00ed\u201d<\/strong>, declar\u00f3 ante el Senado.<\/p>\n<p class=\"com-paragraph   --s\">Meloni afirm\u00f3 que Roma estaba proporcionando medios de defensa a\u00e9rea a los pa\u00edses del Golfo afectados por los ataques de Teher\u00e1n.<\/p>\n<p class=\"com-paragraph   --s\">\u201cEsto no solo se debe a que se trata de naciones amigas y socios estrat\u00e9gicos de Italia, sino tambi\u00e9n a que hay decenas de miles de ciudadanos italianos en esa zona a los que debemos proteger, por no mencionar el hecho de que hay unos 2000 soldados italianos en el Golfo\u201d.<\/p>\n<p class=\"com-paragraph   --s\">No es la primera vez que esta instalaci\u00f3n es atacada. En enero de <strong>2020<\/strong>, la <strong>base fue alcanzada durante una ofensiva de misiles lanzada por Ir\u00e1n contra posiciones estadounidenses en Irak<\/strong> en represalia por la muerte del general iran\u00ed Qassem Soleimani en Bagdad. En aquella ocasi\u00f3n tampoco se registraron v\u00edctimas. <\/p>\n<p class=\"com-paragraph   --s\"><strong>Agencias ANSA y Reuters y diario <\/strong><em><strong>El Pa\u00eds<\/strong><\/em><\/p>\n<section class=\"container-center-100 mb-40 border border-bottom border-thin border-neutral-light-700\">\n<hr\/>\n<\/section>\n<\/div>\n\n","protected":false},"excerpt":{"rendered":"<p>ROMA.\u2013 En medio de la escalada en Medio Oriente, una base militar italiana situada en Erbil, en el Kurdist\u00e1n iraqu\u00ed, fue atacada durante la noche del mi\u00e9rcoles con un proyectil que impact\u00f3 dentro del complejo y provoc\u00f3 da\u00f1os materiales, aunque no dej\u00f3 heridos entre los soldados desplegados en la zona. Seg\u00fan indicaron las autoridades italianas, [&hellip;]<\/p>\n","protected":false},"author":2,"featured_media":228990,"comment_status":"closed","ping_status":"closed","sticky":false,"template":"","format":"standard","meta":{"footnotes":""},"categories":[1],"tags":[],"class_list":["post-228989","post","type-post","status-publish","format-standard","has-post-thumbnail","hentry","category-uncategorized"],"_links":{"self":[{"href":"https:\/\/radioacuariofm.com.ar\/index.php?rest_route=\/wp\/v2\/posts\/228989","targetHints":{"allow":["GET"]}}],"collection":[{"href":"https:\/\/radioacuariofm.com.ar\/index.php?rest_route=\/wp\/v2\/posts"}],"about":[{"href":"https:\/\/radioacuariofm.com.ar\/index.php?rest_route=\/wp\/v2\/types\/post"}],"author":[{"embeddable":true,"href":"https:\/\/radioacuariofm.com.ar\/index.php?rest_route=\/wp\/v2\/users\/2"}],"replies":[{"embeddable":true,"href":"https:\/\/radioacuariofm.com.ar\/index.php?rest_route=%2Fwp%2Fv2%2Fcomments&post=228989"}],"version-history":[{"count":1,"href":"https:\/\/radioacuariofm.com.ar\/index.php?rest_route=\/wp\/v2\/posts\/228989\/revisions"}],"predecessor-version":[{"id":228991,"href":"https:\/\/radioacuariofm.com.ar\/index.php?rest_route=\/wp\/v2\/posts\/228989\/revisions\/228991"}],"wp:featuredmedia":[{"embeddable":true,"href":"https:\/\/radioacuariofm.com.ar\/index.php?rest_route=\/wp\/v2\/media\/228990"}],"wp:attachment":[{"href":"https:\/\/radioacuariofm.com.ar\/index.php?rest_route=%2Fwp%2Fv2%2Fmedia&parent=228989"}],"wp:term":[{"taxonomy":"category","embeddable":true,"href":"https:\/\/radioacuariofm.com.ar\/index.php?rest_route=%2Fwp%2Fv2%2Fcategories&post=228989"},{"taxonomy":"post_tag","embeddable":true,"href":"https:\/\/radioacuariofm.com.ar\/index.php?rest_route=%2Fwp%2Fv2%2Ftags&post=228989"}],"curies":[{"name":"wp","href":"https:\/\/api.w.org\/{rel}","templated":true}]}}