{"id":228968,"date":"2026-03-12T12:18:37","date_gmt":"2026-03-12T15:18:37","guid":{"rendered":"https:\/\/radioacuariofm.com.ar\/?p=228968"},"modified":"2026-03-12T12:18:39","modified_gmt":"2026-03-12T15:18:39","slug":"caputo-dijo-que-no-se-entero-de-las-repercusiones-entre-los-empresarios-por-las-criticas-de-milei-a-rocca-y-madanes","status":"publish","type":"post","link":"https:\/\/radioacuariofm.com.ar\/?p=228968","title":{"rendered":"Caputo dijo que no se enter\u00f3 de las repercusiones entre los empresarios por las cr\u00edticas de Milei a Rocca y Madanes"},"content":{"rendered":"<p><\/p>\n<div>\n<p class=\"com-paragraph  --capital --s\">NUEVA YORK.- En medio de disputa entre Javier Milei y<strong> <\/strong>los empresarios -la UIA manifest\u00f3 su \u201cprofundo malestar y preocupaci\u00f3n\u201d por los ataques del Presidente a empresarios-,<strong> el ministro de Econom\u00eda, Luis Caputo<\/strong>, que mantuvo una intensa actividad en la <em>Argentina Week<\/em>, dijo a <strong>LA NACION<\/strong> desconocer la repercusi\u00f3n que hab\u00edan tenido las cr\u00edticas del mandatario.<\/p>\n<p class=\"com-paragraph   --s\"><strong>\u201cNo vi nada de nada<\/strong> de las noticias. No tuve tiempo. Me baj\u00e9 del avi\u00f3n el lunes y como me baj\u00e9, empez\u00f3 la primera reuni\u00f3n y hasta ahora\u201d, dijo al cierre de la presentaci\u00f3n del jefe de Gabinete, Manuel Adorni, en el <em>Bank of America.<\/em><\/p>\n<p class=\"com-paragraph   --s\"><strong>-\u00bfNo vio el comunicado de la UIA de hoy?<\/strong><\/p>\n<p class=\"com-paragraph   --s\">-No, nada. Cero. \u00bfPor qu\u00e9 dec\u00eds que hubo ruido?<\/p>\n<p class=\"com-paragraph   --s\"><strong>-Por lo que dijo Milei sobre Paolo Rocca, de Techint, y Javier Madanes Quintanilla<\/strong>, <strong>de Fate.<\/strong><\/p>\n<p class=\"com-paragraph   --s\">-Ah, OK. A mi me parece que todos lo conocemos<strong>. \u00c9l es bien frontal, dice lo que piensa, y sobre todo trata de reinculcar<\/strong>, porque creo que en la Argentina se perdieron mucho los valores morales, y hace mucho que venimos hablando de esto y es algo que \u00e9l piensa desde hace 10 a\u00f1os, y hace a la batalla cultural. Los nombres no hacen tanto al tema; es el sistema que se instal\u00f3 en la Argentina por mucho tiempo, que le quiso hacer creer a la gente que era en beneficio de la gente y era en perjuicio suyo y en beneficio de unos pocos. Cuando el Presidente hace nombres, como con artistas o cantantes, nunca es personal; es siempre para dar la batalla cultural y que lo que se dijo durante tantos a\u00f1os no era cierto.<\/p>\n<p class=\"com-paragraph   --s\">Respecto a la <em>Argentina Week<\/em>, Caputo dijo que el balance fue \u201cespectacular\u201d, y destac\u00f3 la combinaci\u00f3n de que hayan participado empresarios e inversores argentinos y extranjeros: \u201cLe sirvi\u00f3 a todos porque retroaliment\u00f3 un momento impresionante\u201d.<\/p>\n<p class=\"com-paragraph   --s\">\u201c<strong>Las inversiones que se vienen son para la Argentina realmente astron\u00f3micas.<\/strong> Y tambi\u00e9n fue muy bueno para los gobernadores haber visto esto de primera mano; que realmente todos los ojos del mundo est\u00e1n puestos en la Argentina; el inter\u00e9s que hay por invertir. Les abre mucho los ojos. Porque eso es inversi\u00f3n para sus provincias; es m\u00e1s trabajo. Entonces, ellos son los que se llevan el mayor jugo de de esto\u00bb, dijo el ministro, en referencia a los once mandatarios provinciales que participan del encuentro. <\/p>\n<p class=\"com-paragraph   --s\">El jueves, los gobernadores participar\u00e1n de un panel organizado por el Instituto para el Desarrollo Empresarial de la Argentina (IDEA).<\/p>\n<p class=\"com-paragraph   --s\"><strong>\u201cLo m\u00e1s importante es lo que remarcaron ellos, que fue que este rumbo no se cambia. Entonces, eso creo que es important\u00edsimo escucharlo de la oposici\u00f3n. La combinaci\u00f3n de haber estado todos juntos, funcionarios, gobernadores, empresarios locales y extranjeros, inversores locales y extranjeros, hizo un combo espectacular\u201d, <\/strong>a\u00f1adi\u00f3 Caputo, que destac\u00f3 la organizaci\u00f3n \u201cimpresionante\u201d del evento, en el que trabajaron la embajada argentina y la Canciller\u00eda, ademas de los bancos JP Morgan y Bank of America y los socios de la <em>Argentina Week.<\/em><\/p>\n<section class=\"container-center-100 mb-40 border border-bottom border-thin border-neutral-light-700\">\n<hr\/>\n<\/section>\n<\/div>\n","protected":false},"excerpt":{"rendered":"<p>NUEVA YORK.- En medio de disputa entre Javier Milei y los empresarios -la UIA manifest\u00f3 su \u201cprofundo malestar y preocupaci\u00f3n\u201d por los ataques del Presidente a empresarios-, el ministro de Econom\u00eda, Luis Caputo, que mantuvo una intensa actividad en la Argentina Week, dijo a LA NACION desconocer la repercusi\u00f3n que hab\u00edan tenido las cr\u00edticas del [&hellip;]<\/p>\n","protected":false},"author":2,"featured_media":228969,"comment_status":"closed","ping_status":"closed","sticky":false,"template":"","format":"standard","meta":{"footnotes":""},"categories":[28],"tags":[],"class_list":["post-228968","post","type-post","status-publish","format-standard","has-post-thumbnail","hentry","category-economia"],"_links":{"self":[{"href":"https:\/\/radioacuariofm.com.ar\/index.php?rest_route=\/wp\/v2\/posts\/228968","targetHints":{"allow":["GET"]}}],"collection":[{"href":"https:\/\/radioacuariofm.com.ar\/index.php?rest_route=\/wp\/v2\/posts"}],"about":[{"href":"https:\/\/radioacuariofm.com.ar\/index.php?rest_route=\/wp\/v2\/types\/post"}],"author":[{"embeddable":true,"href":"https:\/\/radioacuariofm.com.ar\/index.php?rest_route=\/wp\/v2\/users\/2"}],"replies":[{"embeddable":true,"href":"https:\/\/radioacuariofm.com.ar\/index.php?rest_route=%2Fwp%2Fv2%2Fcomments&post=228968"}],"version-history":[{"count":1,"href":"https:\/\/radioacuariofm.com.ar\/index.php?rest_route=\/wp\/v2\/posts\/228968\/revisions"}],"predecessor-version":[{"id":228970,"href":"https:\/\/radioacuariofm.com.ar\/index.php?rest_route=\/wp\/v2\/posts\/228968\/revisions\/228970"}],"wp:featuredmedia":[{"embeddable":true,"href":"https:\/\/radioacuariofm.com.ar\/index.php?rest_route=\/wp\/v2\/media\/228969"}],"wp:attachment":[{"href":"https:\/\/radioacuariofm.com.ar\/index.php?rest_route=%2Fwp%2Fv2%2Fmedia&parent=228968"}],"wp:term":[{"taxonomy":"category","embeddable":true,"href":"https:\/\/radioacuariofm.com.ar\/index.php?rest_route=%2Fwp%2Fv2%2Fcategories&post=228968"},{"taxonomy":"post_tag","embeddable":true,"href":"https:\/\/radioacuariofm.com.ar\/index.php?rest_route=%2Fwp%2Fv2%2Ftags&post=228968"}],"curies":[{"name":"wp","href":"https:\/\/api.w.org\/{rel}","templated":true}]}}