{"id":228953,"date":"2026-03-12T10:24:33","date_gmt":"2026-03-12T13:24:33","guid":{"rendered":"https:\/\/radioacuariofm.com.ar\/?p=228953"},"modified":"2026-03-12T10:24:34","modified_gmt":"2026-03-12T13:24:34","slug":"israel-ataco-un-complejo-de-desarrollo-de-armas-nucleares-de-iran-y-amenazo-con-tomar-territorio-en-el-libano","status":"publish","type":"post","link":"https:\/\/radioacuariofm.com.ar\/?p=228953","title":{"rendered":"Israel atac\u00f3 un complejo de desarrollo de armas nucleares de Ir\u00e1n y amenaz\u00f3 con \u201ctomar territorio\u201d en el L\u00edbano"},"content":{"rendered":"<p> <br \/>\n<\/p>\n<div>\n<p class=\"com-paragraph  --capital --s\">JERUSAL\u00c9N.\u2013 El <strong>Ej\u00e9rcito de Israel <\/strong>anunci\u00f3 este jueves qu<strong>e atac\u00f3 una instalaci\u00f3n en <\/strong><a href=\"https:\/\/www.lanacion.com.ar\/el-mundo\/guerra-entre-estados-unidos-israel-e-iran-en-vivo-tension-en-medio-oriente-hoy-jueves-12-de-marzo-nid12032026\/\" target=\"_self\" title=\"https:\/\/www.lanacion.com.ar\/el-mundo\/guerra-entre-estados-unidos-israel-e-iran-en-vivo-tension-en-medio-oriente-hoy-jueves-12-de-marzo-nid12032026\/\" class=\"com-link break-word\" data-mrf-recirculation=\"n_link_parrafo\"><strong>Ir\u00e1n<\/strong><\/a><strong> vinculada al desarrollo de armas nucleares<\/strong>, mientras las <strong>autoridades israel\u00edes advirtieron que podr\u00edan ampliar las <\/strong><a href=\"https:\/\/www.lanacion.com.ar\/el-mundo\/la-guerra-entre-eeuu-israel-e-iran-se-reduce-a-una-pregunta-quien-puede-resistir-mas-el-costo-del-nid11032026\/\" target=\"_self\" title=\"https:\/\/www.lanacion.com.ar\/el-mundo\/la-guerra-entre-eeuu-israel-e-iran-se-reduce-a-una-pregunta-quien-puede-resistir-mas-el-costo-del-nid11032026\/\" class=\"com-link break-word\" data-mrf-recirculation=\"n_link_parrafo\"><strong>operaciones militares<\/strong><\/a><strong> en el L\u00edbano <\/strong>en medio de la <a href=\"https:\/\/www.lanacion.com.ar\/el-mundo\/se-dispara-el-precio-del-petroleo-tras-los-ataques-iranies-a-buques-extranjeros-nid12032026\/\" target=\"_self\" title=\"https:\/\/www.lanacion.com.ar\/el-mundo\/se-dispara-el-precio-del-petroleo-tras-los-ataques-iranies-a-buques-extranjeros-nid12032026\/\" class=\"com-link break-word\" data-mrf-recirculation=\"n_link_parrafo\">escalada regional<\/a> que involucra tambi\u00e9n al grupo terrorista Hezbollah. <\/p>\n<p class=\"com-paragraph   --s\">Seg\u00fan inform\u00f3 el Ej\u00e9rcito israel\u00ed, la <strong>fuerza a\u00e9rea bombarde\u00f3 un sitio identificado como \u201ccomplejo Taleghan\u201d<\/strong>, que \u2013de acuerdo con su versi\u00f3n\u2013 forma parte del <a href=\"https:\/\/www.lanacion.com.ar\/el-mundo\/como-termina-esto-cuatro-escenarios-posibles-para-el-final-de-la-guerra-en-iran-nid11032026\/\" target=\"_self\" title=\"https:\/\/www.lanacion.com.ar\/el-mundo\/como-termina-esto-cuatro-escenarios-posibles-para-el-final-de-la-guerra-en-iran-nid11032026\/\" class=\"com-link break-word\" data-mrf-recirculation=\"n_link_parrafo\">programa nuclear iran\u00ed<\/a> y se utilizaba para <strong>desarrollar capacidades clave para fabricar armas nucleares. <\/strong><\/p>\n<p class=\"com-paragraph   --s\">\u201cLa Fuerza A\u00e9rea israel\u00ed, bas\u00e1ndose en informaci\u00f3n precisa de inteligencia de las Fuerzas de Defensa de Israel, atac\u00f3 otro sitio del programa nuclear iran\u00ed\u201d, se\u00f1al\u00f3 el Ej\u00e9rcito israel\u00ed en un comunicado, en el que agreg\u00f3 que el complejo \u201cestaba siendo utilizado por el r\u00e9gimen para avanzar en capacidades cr\u00edticas para el desarrollo de armas nucleares\u201d.<\/p>\n<div class=\"content-media\">\n<section role=\"button\" class=\"mod-media   \">\n<figure role=\"button\" tabindex=\"0\" class=\"mod-figure \"><figcaption class=\"mod-figcaption\"><span class=\"com-text --caption --twoxs\">El anuncio de las FDI sobre la base nuclear atacada<\/span><\/figcaption><\/figure>\n<\/section>\n<\/div>\n<p class=\"com-paragraph   --s\">El complejo mencionado aparentemente se encuentra dentro de la<strong> instalaci\u00f3n militar de Parchin<\/strong>, ubicada al sudeste de Teher\u00e1n. Funcionarios occidentales sospechan hace a\u00f1os que ese lugar podr\u00eda estar relacionado con actividades sensibles del programa nuclear iran\u00ed. <\/p>\n<p class=\"com-paragraph   --s\">El centro de estudios estadounidense <strong>Institute for Science and International Security<\/strong>, que sigue de cerca las actividades nucleares de Ir\u00e1n, <strong>confirm\u00f3 <\/strong>recientemente que en ese sitio la rep\u00fablica isl\u00e1mica habr\u00eda <strong>realizado actividades militares encubiertas vinculadas al desarrollo tecnol\u00f3gico necesario para armas nucleares. <\/strong><\/p>\n<p class=\"com-paragraph   --s\">El ataque se produce en medio de una guerra regional que enfrenta a Israel con Ir\u00e1n y con organizaciones aliadas de Teher\u00e1n en Medio Oriente, entre ellas Hezbollah en el L\u00edbano. <\/p>\n<p class=\"com-paragraph   --s\">En tanto, el ministro de Defensa israel\u00ed, <strong>Israel Katz<\/strong>, <strong>advirti\u00f3 que orden\u00f3 al ej\u00e9rcito prepararse para ampliar las operaciones en territorio liban\u00e9s<\/strong> tras los recientes ataques del grupo armado. <\/p>\n<p class=\"com-paragraph   --s\">\u201cEl primer ministro Benjamin Netanyahu y yo dimos instrucciones al ej\u00e9rcito israel\u00ed para que se prepare para <strong>expandir las operaciones en el L\u00edbano<\/strong> y restablecer la tranquilidad y la seguridad en las comunidades del norte\u201d, afirm\u00f3 Katz en un comunicado difundido por su ministerio. <\/p>\n<p class=\"com-paragraph   --s\">El funcionario tambi\u00e9n lanz\u00f3 una <strong>advertencia directa al presidente liban\u00e9s, Joseph Aoun<\/strong>, al se\u00f1alar que si el gobierno de ese pa\u00eds no logra impedir que Hezbollah ataque a Israel desde su territorio, las fuerzas israel\u00edes podr\u00edan actuar por su cuenta. <\/p>\n<p class=\"com-paragraph   --s\"><strong>\u201cSi el gobierno liban\u00e9s no sabe c\u00f3mo controlar el territorio e impedir que Hezbollah dispare contra Israel, tomaremos el territorio y lo haremos nosotros mismos\u201d<\/strong>, afirm\u00f3 Katz durante una reuni\u00f3n con generales de las Fuerzas de Defensa de Israel. <\/p>\n<div class=\"content-media\">\n<section role=\"button\" class=\"mod-media   \">\n<figure role=\"button\" tabindex=\"0\" class=\"mod-figure \"><figcaption class=\"mod-figcaption\"><span class=\"com-text --caption --twoxs\">Un hombre camina por una carretera llena de escombros cerca de un edificio destruido en un ataque a\u00e9reo israel\u00ed en Dahiyeh, suburbio del sur de Beirut, el L\u00edbano<\/span><span class=\"com-text --credit --twoxs\">Bilal Hussein  &#8211; AP <\/span><\/figcaption><\/figure>\n<\/section>\n<\/div>\n<p class=\"com-paragraph   --s\">Las tensiones aumentaron despu\u00e9s de que el ej\u00e9rcito israel\u00ed asegurara que<strong> Hezbollah lanz\u00f3 la noche anterior el mayor ataque contra Israel desde el inicio de la actual guerra<\/strong>, el 28 de febrero. <\/p>\n<p class=\"com-paragraph   --s\">Seg\u00fan el vocero militar israel\u00ed, el teniente coronel Nadav Shoshani, el <strong>grupo liban\u00e9s dispar\u00f3 aproximadamente 200 cohetes y unos 20 drones<\/strong> contra ciudades y localidades israel\u00edes. <\/p>\n<p class=\"com-paragraph   --s\">El oficial sostuvo que la <strong>ofensiva se realiz\u00f3 de manera coordinada con un ataque iran\u00ed<\/strong> que incluy\u00f3 el lanzamiento de misiles bal\u00edsticos. \u201cAnoche Hezbollah coordin\u00f3 un ataque simult\u00e1neo con Ir\u00e1n, lanzando cohetes y drones contra ciudades y localidades de todo Israel\u201d, afirm\u00f3 Shoshani en declaraciones a la prensa. <\/p>\n<p class=\"com-paragraph   --s\">El vocero indic\u00f3 que, pese a la magnitud del bombardeo,<strong> solo \u201cdos o tres proyectiles\u201d impactaron directamente en territorio israel\u00ed. <\/strong><\/p>\n<p class=\"com-paragraph   --s\">Hezbollah se incorpor\u00f3 al conflicto el 2 de marzo, cuando comenz\u00f3 a lanzar proyectiles contra Israel. El grupo afirm\u00f3 que actu\u00f3 en represalia por el asesinato del l\u00edder supremo iran\u00ed, Ali Khamenei, ocurrido dos d\u00edas antes, una figura clave en el respaldo pol\u00edtico y militar de Ir\u00e1n al movimiento liban\u00e9s. <\/p>\n<p class=\"com-paragraph   --s\"><strong>En el L\u00edbano, los enfrentamientos tambi\u00e9n dejaron v\u00edctimas civiles.<\/strong> Las autoridades libanesas informaron que un<strong> ataque israel\u00ed contra un autom\u00f3vil en la zona costera de Ramlet al-Bayda, en Beirut, caus\u00f3 al menos ocho muertos y 31 heridos. <\/strong><\/p>\n<p class=\"com-paragraph   --s\">La zona, uno de los principales sectores tur\u00edsticos de la capital libanesa, tambi\u00e9n hospeda a numerosas personas desplazadas por los combates. <\/p>\n<p class=\"com-paragraph   --s\">El Ministerio de Salud liban\u00e9s indic\u00f3 adem\u00e1s que otras <strong>tres personas murieron en un ataque ocurrido en la localidad de Aramoun<\/strong>, situada a unos 10 kil\u00f3metros al sur de Beirut, donde tambi\u00e9n <strong>result\u00f3 herido un ni\u00f1o. <\/strong><\/p>\n<p class=\"com-paragraph   --s\">Por su parte, la oficina de prensa del ej\u00e9rcito israel\u00ed dijo que no ten\u00eda conocimiento de un ataque en Ramlet al-Bayda. <\/p>\n<div class=\"content-media\">\n<section role=\"button\" class=\"mod-media   \">\n<figure role=\"button\" tabindex=\"0\" class=\"mod-figure \"><figcaption class=\"mod-figcaption\"><span class=\"com-text --caption --twoxs\">El L\u00edbano dijo que un ataque israel\u00ed en el paseo mar\u00edtimo del centro de Beirut mat\u00f3 al menos a siete personas la madrugada del 12 de marzo, otro ataque en el coraz\u00f3n de la capital mientras Hezbollah, respaldado por Ir\u00e1n, lanzaba m\u00e1s misiles contra Israel<\/span><span class=\"com-text --credit --twoxs\">KAWNAT HAJU  &#8211; AFP <\/span><\/figcaption><\/figure>\n<\/section>\n<\/div>\n<p class=\"com-paragraph   --s\">Desde el inicio de esta nueva fase del conflicto, los <strong>ataques israel\u00edes en el sur y el este del L\u00edbano<\/strong>, as\u00ed como en Beirut, han causado <strong>m\u00e1s de 680 muertos<\/strong> y han obligado a unas <strong>800.000 personas a abandonar sus hogares<\/strong>, seg\u00fan cifras oficiales. <\/p>\n<p class=\"com-paragraph   --s\">A su vez, <strong>Israel concentr\u00f3 tropas en su frontera norte<\/strong> y avanz\u00f3 en varias localidades del sur liban\u00e9s, en una campa\u00f1a que, seg\u00fan el gobierno israel\u00ed, busca neutralizar las capacidades militares de Hezbollah y frenar los ataques contra sus comunidades fronterizas. <\/p>\n<p class=\"com-paragraph   --s\"><strong>Agencias AFP, ANSA y Reuters<\/strong><\/p>\n<section class=\"container-center-100 mb-40 border border-bottom border-thin border-neutral-light-700\">\n<hr\/>\n<\/section>\n<\/div>\n\n","protected":false},"excerpt":{"rendered":"<p>JERUSAL\u00c9N.\u2013 El Ej\u00e9rcito de Israel anunci\u00f3 este jueves que atac\u00f3 una instalaci\u00f3n en Ir\u00e1n vinculada al desarrollo de armas nucleares, mientras las autoridades israel\u00edes advirtieron que podr\u00edan ampliar las operaciones militares en el L\u00edbano en medio de la escalada regional que involucra tambi\u00e9n al grupo terrorista Hezbollah. Seg\u00fan inform\u00f3 el Ej\u00e9rcito israel\u00ed, la fuerza a\u00e9rea [&hellip;]<\/p>\n","protected":false},"author":2,"featured_media":228954,"comment_status":"closed","ping_status":"closed","sticky":false,"template":"","format":"standard","meta":{"footnotes":""},"categories":[1],"tags":[],"class_list":["post-228953","post","type-post","status-publish","format-standard","has-post-thumbnail","hentry","category-uncategorized"],"_links":{"self":[{"href":"https:\/\/radioacuariofm.com.ar\/index.php?rest_route=\/wp\/v2\/posts\/228953","targetHints":{"allow":["GET"]}}],"collection":[{"href":"https:\/\/radioacuariofm.com.ar\/index.php?rest_route=\/wp\/v2\/posts"}],"about":[{"href":"https:\/\/radioacuariofm.com.ar\/index.php?rest_route=\/wp\/v2\/types\/post"}],"author":[{"embeddable":true,"href":"https:\/\/radioacuariofm.com.ar\/index.php?rest_route=\/wp\/v2\/users\/2"}],"replies":[{"embeddable":true,"href":"https:\/\/radioacuariofm.com.ar\/index.php?rest_route=%2Fwp%2Fv2%2Fcomments&post=228953"}],"version-history":[{"count":1,"href":"https:\/\/radioacuariofm.com.ar\/index.php?rest_route=\/wp\/v2\/posts\/228953\/revisions"}],"predecessor-version":[{"id":228955,"href":"https:\/\/radioacuariofm.com.ar\/index.php?rest_route=\/wp\/v2\/posts\/228953\/revisions\/228955"}],"wp:featuredmedia":[{"embeddable":true,"href":"https:\/\/radioacuariofm.com.ar\/index.php?rest_route=\/wp\/v2\/media\/228954"}],"wp:attachment":[{"href":"https:\/\/radioacuariofm.com.ar\/index.php?rest_route=%2Fwp%2Fv2%2Fmedia&parent=228953"}],"wp:term":[{"taxonomy":"category","embeddable":true,"href":"https:\/\/radioacuariofm.com.ar\/index.php?rest_route=%2Fwp%2Fv2%2Fcategories&post=228953"},{"taxonomy":"post_tag","embeddable":true,"href":"https:\/\/radioacuariofm.com.ar\/index.php?rest_route=%2Fwp%2Fv2%2Ftags&post=228953"}],"curies":[{"name":"wp","href":"https:\/\/api.w.org\/{rel}","templated":true}]}}