{"id":228935,"date":"2026-03-12T07:20:53","date_gmt":"2026-03-12T10:20:53","guid":{"rendered":"https:\/\/radioacuariofm.com.ar\/?p=228935"},"modified":"2026-03-12T07:20:54","modified_gmt":"2026-03-12T10:20:54","slug":"renuncio-el-chef-de-noma-uno-de-los-mejores-restaurantes-del-mundo-tras-denuncias-de-abusos","status":"publish","type":"post","link":"https:\/\/radioacuariofm.com.ar\/?p=228935","title":{"rendered":"Renunci\u00f3 el chef de Noma, uno de los mejores restaurantes del mundo, tras denuncias de abusos"},"content":{"rendered":"<p> <br \/>\n<\/p>\n<div>\n<p class=\"com-paragraph  --capital --s\">El <a href=\"https:\/\/www.lanacion.com.ar\/lifestyle\/es-el-chef-del-mejor-restaurante-del-mundo-y-aprendio-a-cocinar-con-su-padre-que-paso-hambre-y-nid10112021\/\" target=\"_self\" title=\"https:\/\/www.lanacion.com.ar\/lifestyle\/es-el-chef-del-mejor-restaurante-del-mundo-y-aprendio-a-cocinar-con-su-padre-que-paso-hambre-y-nid10112021\/\" class=\"com-link break-word\" data-mrf-recirculation=\"n_link_parrafo\"><strong>chef Ren\u00e9 Redzepi<\/strong><\/a>, <strong>cofundador del reconocido restaurante dan\u00e9s Noma<\/strong>, varias veces declarado el mejor del mundo y galardonado con estrellas Michelin, <strong>anunci\u00f3 su renuncia al cargo tras la publicaci\u00f3n en medios de una serie de denuncias de abuso que incluyen golpes y maltratos psicol\u00f3gicos contra sus empleados<\/strong>.<\/p>\n<p class=\"com-paragraph   --s\">\u201cDespu\u00e9s de m\u00e1s de dos d\u00e9cadas de construir y liderar este espacio, decid\u00ed alejarme y permitir que nuestros extraordinarios l\u00edderes ahora lo gu\u00eden en su pr\u00f3ximo cap\u00edtulo\u201d, escribi\u00f3 en su cuenta de Instagram.<\/p>\n<p class=\"com-paragraph   --s\">Este fin de semana, el diario <a href=\"https:\/\/www.nytimes.com\/es\/2026\/03\/08\/espanol\/estilos-de-vida\/rene-redzepi-noma-denuncias.html\" target=\"_blank\" title=\"https:\/\/www.nytimes.com\/es\/2026\/03\/08\/espanol\/estilos-de-vida\/rene-redzepi-noma-denuncias.html\" class=\"com-link break-word\" data-mrf-recirculation=\"n_link_parrafo\" rel=\"nofollow\"><em>The New York Times<\/em><\/a> public\u00f3 testimonios detallados de personas que dieron cuenta de <strong>abusos que se habr\u00edan cometido en Noma entre 2009 y 2017, incluidos episodios de violencia f\u00edsica y humillaci\u00f3n p\u00fablica<\/strong>. <\/p>\n<div class=\"content-media\">\n<section role=\"button\" class=\"mod-media   \">\n<figure role=\"button\" tabindex=\"0\" class=\"mod-figure \"><figcaption class=\"mod-figcaption\"><span class=\"com-text --caption --twoxs\">Renunci\u00f3 el chef de Noma, uno de los mejores restaurantes del mundo, tras denuncias de abusos.<\/span><span class=\"com-text --credit --twoxs\">Instagram: @reneredzepinoma<\/span><\/figcaption><\/figure>\n<\/section>\n<\/div>\n<p class=\"com-paragraph   --s\"><strong>\u201cIr a trabajar era como ir a la guerra\u201d<\/strong>, cont\u00f3 Alessia, ahora cocinera en Londres, a ese medio estadounidense. <strong>\u201cTen\u00edas que obligarte a ser fuerte, a no mostrar miedo\u201d<\/strong>, agreg\u00f3. Las denuncias hablaron de \u201cpu\u00f1etazos en la cara\u201d y que pinch\u00f3 con utensilios de cocina a varios de sus empleados. \u201cDescribieron traumas duraderos derivados de abusos psicol\u00f3gicos, como intimidaci\u00f3n, cr\u00edticas a sus cuerpos y ridiculizaci\u00f3n p\u00fablica\u201d, agreg\u00f3 la nota.<\/p>\n<p class=\"com-paragraph   --s\">Ante el anuncio de que Noma planeaba un evento en Los \u00c1ngeles, el nombre del chef volvi\u00f3 a quedar apuntado. El exjefe del laboratorio de fermentaci\u00f3n del restaurante, <strong>Jason Ignacio White<\/strong>, difundi\u00f3 en redes sociales mensajes sobre los presuntos abusos f\u00edsicos y psicol\u00f3gicos que presenci\u00f3 en el lugar. <strong>\u201cNoma no es una historia de innovaci\u00f3n. Es la historia de un man\u00edaco que gener\u00f3 una cultura de miedo, abuso y explotaci\u00f3n\u201d<\/strong>, escribi\u00f3 en Instagram.<\/p>\n<p class=\"com-paragraph   --s\">En su descargo publicado en las \u00faltimas horas, Redzepi prosigui\u00f3: <strong>\u201cTrabaj\u00e9 para ser un mejor l\u00edder y Noma dio grandes pasos para transformar la cultura a lo largo de muchos a\u00f1os. Reconozco que estos cambios no reparan el pasado. Una disculpa no es suficiente; asumo la responsabilidad de mis propias acciones\u201d<\/strong>.<\/p>\n<p class=\"com-paragraph   --s\">El nombre del restaurante es un acr\u00f3nimo de las palabras danesas \u201cnordisk\u201d (n\u00f3rdico) y \u201cmad\u201d (comida). Noma abri\u00f3 en 2003 en un embarcadero en el centro de Copenhague. Cerr\u00f3 en 2016 y reabri\u00f3 dos a\u00f1os despu\u00e9s en las afueras de esa ciudad. <\/p>\n<p class=\"com-paragraph   --s\">Redzepi gan\u00f3 tres estrellas Michelin y fue considerado en cinco ocasiones el \u201cmejor restaurante del mundo\u201d por medio de la revista Restaurant, entre 2011 y 2014, cuatro a\u00f1os consecutivos, y la \u00faltima vez en 2021. Adem\u00e1s, esos reconocimientos le valieron para publicar tres libros y participar de un documental, en donde relat\u00f3 sus conocimientos y su proceso para llevar el proyecto adelante, junto al galard\u00f3n de dos Premios de la Fundaci\u00f3n James Beard.<\/p>\n<div class=\"content-media\">\n<section role=\"button\" class=\"mod-media   \">\n<figure role=\"button\" tabindex=\"0\" class=\"mod-figure \"><figcaption class=\"mod-figcaption\"><span class=\"com-text --caption --twoxs\">Renunci\u00f3 el chef de Noma, uno de los mejores restaurantes del mundo, tras denuncias de abusos.<\/span><\/figcaption><\/figure>\n<\/section>\n<\/div>\n<p class=\"com-paragraph   --s\">El chef vivi\u00f3 una infancia sumido en la pobreza, con la migraci\u00f3n de su padre de Macedonia al huir de las consecuencias de la posguerra. Posteriormente, junto a \u00e9l y a su madre, de nacionalidad danesa, volvi\u00f3 para visitar a sus parientes, lo que despert\u00f3 su inter\u00e9s por descubrir alimentos aut\u00f3ctonos, seg\u00fan relat\u00f3 a LA NACION en noviembre de 2021. \u201cEn casa, la cocina, siempre fue un tema de valor: usar lo que hay, no desperdiciar, comer de todo, participar en la compra y en la preparaci\u00f3n&#8230; Era esencialmente un momento valioso, pero veloz\u201d, expres\u00f3.<\/p>\n<p class=\"com-paragraph   --s\"><em>Con informaci\u00f3n de la agencia AFP<\/em><\/p>\n<section class=\"container-center-100 mb-40 border border-bottom border-thin border-neutral-light-700\">\n<hr\/>\n<\/section>\n<\/div>\n\n","protected":false},"excerpt":{"rendered":"<p>El chef Ren\u00e9 Redzepi, cofundador del reconocido restaurante dan\u00e9s Noma, varias veces declarado el mejor del mundo y galardonado con estrellas Michelin, anunci\u00f3 su renuncia al cargo tras la publicaci\u00f3n en medios de una serie de denuncias de abuso que incluyen golpes y maltratos psicol\u00f3gicos contra sus empleados. \u201cDespu\u00e9s de m\u00e1s de dos d\u00e9cadas de [&hellip;]<\/p>\n","protected":false},"author":2,"featured_media":228936,"comment_status":"closed","ping_status":"closed","sticky":false,"template":"","format":"standard","meta":{"footnotes":""},"categories":[1],"tags":[],"class_list":["post-228935","post","type-post","status-publish","format-standard","has-post-thumbnail","hentry","category-uncategorized"],"_links":{"self":[{"href":"https:\/\/radioacuariofm.com.ar\/index.php?rest_route=\/wp\/v2\/posts\/228935","targetHints":{"allow":["GET"]}}],"collection":[{"href":"https:\/\/radioacuariofm.com.ar\/index.php?rest_route=\/wp\/v2\/posts"}],"about":[{"href":"https:\/\/radioacuariofm.com.ar\/index.php?rest_route=\/wp\/v2\/types\/post"}],"author":[{"embeddable":true,"href":"https:\/\/radioacuariofm.com.ar\/index.php?rest_route=\/wp\/v2\/users\/2"}],"replies":[{"embeddable":true,"href":"https:\/\/radioacuariofm.com.ar\/index.php?rest_route=%2Fwp%2Fv2%2Fcomments&post=228935"}],"version-history":[{"count":1,"href":"https:\/\/radioacuariofm.com.ar\/index.php?rest_route=\/wp\/v2\/posts\/228935\/revisions"}],"predecessor-version":[{"id":228937,"href":"https:\/\/radioacuariofm.com.ar\/index.php?rest_route=\/wp\/v2\/posts\/228935\/revisions\/228937"}],"wp:featuredmedia":[{"embeddable":true,"href":"https:\/\/radioacuariofm.com.ar\/index.php?rest_route=\/wp\/v2\/media\/228936"}],"wp:attachment":[{"href":"https:\/\/radioacuariofm.com.ar\/index.php?rest_route=%2Fwp%2Fv2%2Fmedia&parent=228935"}],"wp:term":[{"taxonomy":"category","embeddable":true,"href":"https:\/\/radioacuariofm.com.ar\/index.php?rest_route=%2Fwp%2Fv2%2Fcategories&post=228935"},{"taxonomy":"post_tag","embeddable":true,"href":"https:\/\/radioacuariofm.com.ar\/index.php?rest_route=%2Fwp%2Fv2%2Ftags&post=228935"}],"curies":[{"name":"wp","href":"https:\/\/api.w.org\/{rel}","templated":true}]}}