{"id":228926,"date":"2026-03-12T04:17:54","date_gmt":"2026-03-12T07:17:54","guid":{"rendered":"https:\/\/radioacuariofm.com.ar\/?p=228926"},"modified":"2026-03-12T04:17:54","modified_gmt":"2026-03-12T07:17:54","slug":"con-la-firma-de-greg-abbott-actualizaciones-recientes-de-las-leyes-de-inmigracion-en-texas-en-marzo-2026","status":"publish","type":"post","link":"https:\/\/radioacuariofm.com.ar\/?p=228926","title":{"rendered":"Con la firma de Greg Abbott: actualizaciones recientes de las leyes de inmigraci\u00f3n en Texas en marzo 2026"},"content":{"rendered":"<p> <br \/>\n<\/p>\n<div>\n<p class=\"com-paragraph  --capital --s\">El <strong>panorama migratorio en Texas<\/strong> atraviesa una etapa de <a href=\"https:\/\/www.lanacion.com.ar\/estados-unidos\/texas\/las-leyes-de-texas-que-entran-en-vigor-en-2026-y-todo-lo-que-los-migrantes-deben-saber-nid11112025\/\" target=\"_self\" title=\"https:\/\/www.lanacion.com.ar\/estados-unidos\/texas\/las-leyes-de-texas-que-entran-en-vigor-en-2026-y-todo-lo-que-los-migrantes-deben-saber-nid11112025\/\" class=\"com-link break-word\" data-mrf-recirculation=\"n_link_parrafo\"><strong>cambios significativos<\/strong><\/a><strong> <\/strong>impulsados por una serie de leyes y <strong>directivas firmadas por el gobernador Greg Abbott<\/strong>. Durante los \u00faltimos meses, el estado implement\u00f3 <strong>nuevas normas que refuerzan la cooperaci\u00f3n con autoridades federales<\/strong>, modifican pol\u00edticas estatales vinculadas a la contrataci\u00f3n de trabajadores extranjeros\u201ds. <\/p>\n<p class=\"com-paragraph   --s\">Una de las transformaciones m\u00e1s relevantes dentro de la pol\u00edtica migratoria del estado es la <strong>implementaci\u00f3n <\/strong><a href=\"https:\/\/www.lanacion.com.ar\/estados-unidos\/texas\/cuando-entra-en-vigor-en-texas-la-ley-que-exige-a-ciertos-condados-colaborar-con-el-ice-nid07112025\/\" target=\"_self\" title=\"https:\/\/www.lanacion.com.ar\/estados-unidos\/texas\/cuando-entra-en-vigor-en-texas-la-ley-que-exige-a-ciertos-condados-colaborar-con-el-ice-nid07112025\/\" class=\"com-link break-word\" data-mrf-recirculation=\"n_link_parrafo\"><strong>de la ley SB 8<\/strong><\/a>, que comenz\u00f3 a regir el<strong> 1\u00b0 de enero de 2026<\/strong>. <\/p>\n<div class=\"content-media\">\n<section role=\"button\" class=\"mod-media   \">\n<figure role=\"button\" tabindex=\"0\" class=\"mod-figure \"><figcaption class=\"mod-figcaption\"><span class=\"com-text --caption --twoxs\">Desde el 1\u00b0 de enero de 2026, todos los condados de Texas que administran centros de detenci\u00f3n est\u00e1n obligados por ley a firmar acuerdos de cooperaci\u00f3n con el ICE<\/span><span class=\"com-text --credit --twoxs\">(AP Foto\/Olga Fedorova)<\/span><\/figcaption><\/figure>\n<\/section>\n<\/div>\n<p class=\"com-paragraph   --s\">Esta normativa obliga a los <strong>condados de Texas que administran c\u00e1rceles<\/strong> a iniciar y firmar <strong>acuerdos de cooperaci\u00f3n con el Servicio de Control de Inmigraci\u00f3n y Aduanas<\/strong> (ICE, por sus siglas en ingl\u00e9s), la agencia federal encargada de la aplicaci\u00f3n de la ley migratoria.<\/p>\n<p class=\"com-paragraph   --s\">Seg\u00fan la legislaci\u00f3n, los sheriffs de los condados que operan centros de detenci\u00f3n \u2014ya sea de forma directa o mediante contratistas privados\u2014 deben <strong>solicitar formalmente estos convenios<\/strong>. El objetivo es <strong>integrar de manera m\u00e1s estrecha a las autoridades locales en la aplicaci\u00f3n de las normas federales<\/strong>.<\/p>\n<p class=\"com-paragraph   --s\">Estos acuerdos <strong>se basan en la Secci\u00f3n 287(g) de la Ley de Inmigraci\u00f3n y Nacionalidad<\/strong>, un mecanismo que permite delegar determinadas funciones migratorias federales a autoridades locales. Bajo este esquema, el personal de los departamentos del sheriff <strong>puede colaborar en la identificaci\u00f3n y procesamiento de personas detenidas <\/strong>que podr\u00edan encontrarse en situaci\u00f3n migratoria irregular.<\/p>\n<p class=\"com-paragraph   --s\">A comienzos de 2026, otra decisi\u00f3n del gobierno estatal volvi\u00f3 a poner el foco en la pol\u00edtica migratoria, aunque esta vez <strong>en el \u00e1mbito laboral y acad\u00e9mico<\/strong>. El 26 de enero, el gobernador <strong>Abbott orden\u00f3 a todas las universidades p\u00fablicas y agencias estatales congelar nuevas solicitudes de <\/strong><a href=\"https:\/\/www.lanacion.com.ar\/estados-unidos\/texas\/greg-abbott-apunta-a-las-visas-h-1b-exige-a-universidades-y-escuelas-de-texas-revelar-informacion-nid27012026\/\" target=\"_self\" title=\"https:\/\/www.lanacion.com.ar\/estados-unidos\/texas\/greg-abbott-apunta-a-las-visas-h-1b-exige-a-universidades-y-escuelas-de-texas-revelar-informacion-nid27012026\/\" class=\"com-link break-word\" data-mrf-recirculation=\"n_link_parrafo\"><strong>visas H-1B<\/strong><\/a>.<\/p>\n<div class=\"content-media\">\n<section role=\"button\" class=\"mod-media   \">\n<figure role=\"button\" tabindex=\"0\" class=\"mod-figure \"><figcaption class=\"mod-figcaption\"><span class=\"com-text --caption --twoxs\">Por orden ejecutiva del gobernador Greg Abbott, las universidades p\u00fablicas y agencias estatales tienen prohibido tramitar nuevas visas H-1B para profesionales especializados<\/span><span class=\"com-text --credit --twoxs\">AP \/ Pexels<\/span><\/figcaption><\/figure>\n<\/section>\n<\/div>\n<p class=\"com-paragraph   --s\">La informaci\u00f3n fue publicada por <a href=\"https:\/\/www.texastribune.org\/2026\/01\/26\/texas-greg-abbott-h1b-visa-schools-universities\/\" target=\"_blank\" title=\"https:\/\/www.texastribune.org\/2026\/01\/26\/texas-greg-abbott-h1b-visa-schools-universities\/\" class=\"com-link break-word\" data-mrf-recirculation=\"n_link_parrafo\" rel=\"nofollow\"><em>The Texas Tribune<\/em><\/a>, que detall\u00f3 que <strong>las instituciones financiadas con fondos p\u00fablicos <\/strong>no podr\u00e1n <strong>iniciar ni presentar nuevas peticiones <\/strong>para este tipo de visas sin una autorizaci\u00f3n escrita de la Texas Workforce Commission. <\/p>\n<p class=\"com-paragraph   --s\">La medida <strong>se mantendr\u00e1 vigente <\/strong>al menos hasta el final de la pr\u00f3xima sesi\u00f3n legislativa estatal, prevista para el <strong>31 de mayo de 2027<\/strong>.<\/p>\n<p class=\"com-paragraph   --s\">Las <a href=\"https:\/\/www.lanacion.com.ar\/estados-unidos\/texas\/greg-abbott-congela-todas-las-solicitudes-de-las-visas-h-1b-en-texas-y-ordena-revisar-el-uso-del-nid28012026\/\" target=\"_self\" title=\"https:\/\/www.lanacion.com.ar\/estados-unidos\/texas\/greg-abbott-congela-todas-las-solicitudes-de-las-visas-h-1b-en-texas-y-ordena-revisar-el-uso-del-nid28012026\/\" class=\"com-link break-word\" data-mrf-recirculation=\"n_link_parrafo\"><strong>visas H-1B<\/strong><\/a> permiten a empleadores estadounidenses<strong> contratar trabajadores extranjeros para ocupaciones especializadas <\/strong>que requieren, como m\u00ednimo, un t\u00edtulo universitario. <\/p>\n<p class=\"com-paragraph   --s\">Universidades y centros m\u00e9dicos acad\u00e9micos <strong>suelen utilizar este programa para incorporar profesores, investigadores, m\u00e9dicos y otros profesionales <\/strong>altamente capacitados.<\/p>\n<p class=\"com-paragraph   --s\">La orden ejecutiva tambi\u00e9n exige <strong>que las instituciones presenten informes detallados sobre el uso de estas visas<\/strong>. Entre los datos solicitados figuran el n\u00famero de solicitudes presentadas o renovadas durante 2025, la cantidad de trabajadores actualmente patrocinados, los puestos que ocupan, sus pa\u00edses de origen y la fecha de vencimiento de sus permisos migratorios.<\/p>\n<p class=\"com-paragraph   --s\">Abbott explic\u00f3 la motivaci\u00f3n detr\u00e1s de esta decisi\u00f3n al afirmar que <strong>el gobierno estatal debe \u201cliderar con el ejemplo\u201d<\/strong> y garantizar <strong>que las oportunidades laborales financiadas con recursos p\u00fablicos prioricen a los residentes<\/strong> del estado.<\/p>\n<div class=\"content-media\">\n<section role=\"button\" class=\"mod-media   \">\n<figure role=\"button\" tabindex=\"0\" class=\"mod-figure \"><figcaption class=\"mod-figcaption\"><span class=\"com-text --caption --twoxs\">SB 36: en Texas se cre\u00f3 una nueva divisi\u00f3n dentro del DPS para centralizar la inteligencia y las operaciones t\u00e1cticas de seguridad fronteriza entre agencias locales, estatales y federales<\/span><span class=\"com-text --credit --twoxs\">Eric Gay &#8211; AP<\/span><\/figcaption><\/figure>\n<\/section>\n<\/div>\n<p class=\"com-paragraph   --s\">El <strong>paquete legislativo impulsado por el gobernador Greg Abbott durante 2025<\/strong> sent\u00f3 las bases de varias de las pol\u00edticas migratorias que comenzaron a aplicarse de forma escalonada entre septiembre de ese a\u00f1o y enero de 2026:<\/p>\n<section class=\"container-center-100 mb-40 border border-bottom border-thin border-neutral-light-700\"\/><\/div>\n\n","protected":false},"excerpt":{"rendered":"<p>El panorama migratorio en Texas atraviesa una etapa de cambios significativos impulsados por una serie de leyes y directivas firmadas por el gobernador Greg Abbott. Durante los \u00faltimos meses, el estado implement\u00f3 nuevas normas que refuerzan la cooperaci\u00f3n con autoridades federales, modifican pol\u00edticas estatales vinculadas a la contrataci\u00f3n de trabajadores extranjeros\u201ds. Una de las transformaciones [&hellip;]<\/p>\n","protected":false},"author":2,"featured_media":228927,"comment_status":"closed","ping_status":"closed","sticky":false,"template":"","format":"standard","meta":{"footnotes":""},"categories":[1],"tags":[],"class_list":["post-228926","post","type-post","status-publish","format-standard","has-post-thumbnail","hentry","category-uncategorized"],"_links":{"self":[{"href":"https:\/\/radioacuariofm.com.ar\/index.php?rest_route=\/wp\/v2\/posts\/228926","targetHints":{"allow":["GET"]}}],"collection":[{"href":"https:\/\/radioacuariofm.com.ar\/index.php?rest_route=\/wp\/v2\/posts"}],"about":[{"href":"https:\/\/radioacuariofm.com.ar\/index.php?rest_route=\/wp\/v2\/types\/post"}],"author":[{"embeddable":true,"href":"https:\/\/radioacuariofm.com.ar\/index.php?rest_route=\/wp\/v2\/users\/2"}],"replies":[{"embeddable":true,"href":"https:\/\/radioacuariofm.com.ar\/index.php?rest_route=%2Fwp%2Fv2%2Fcomments&post=228926"}],"version-history":[{"count":1,"href":"https:\/\/radioacuariofm.com.ar\/index.php?rest_route=\/wp\/v2\/posts\/228926\/revisions"}],"predecessor-version":[{"id":228928,"href":"https:\/\/radioacuariofm.com.ar\/index.php?rest_route=\/wp\/v2\/posts\/228926\/revisions\/228928"}],"wp:featuredmedia":[{"embeddable":true,"href":"https:\/\/radioacuariofm.com.ar\/index.php?rest_route=\/wp\/v2\/media\/228927"}],"wp:attachment":[{"href":"https:\/\/radioacuariofm.com.ar\/index.php?rest_route=%2Fwp%2Fv2%2Fmedia&parent=228926"}],"wp:term":[{"taxonomy":"category","embeddable":true,"href":"https:\/\/radioacuariofm.com.ar\/index.php?rest_route=%2Fwp%2Fv2%2Fcategories&post=228926"},{"taxonomy":"post_tag","embeddable":true,"href":"https:\/\/radioacuariofm.com.ar\/index.php?rest_route=%2Fwp%2Fv2%2Ftags&post=228926"}],"curies":[{"name":"wp","href":"https:\/\/api.w.org\/{rel}","templated":true}]}}