{"id":228923,"date":"2026-03-12T03:16:53","date_gmt":"2026-03-12T06:16:53","guid":{"rendered":"https:\/\/radioacuariofm.com.ar\/?p=228923"},"modified":"2026-03-12T03:16:54","modified_gmt":"2026-03-12T06:16:54","slug":"conflicto-en-medio-oriente-todo-lo-que-hay-que-saber-4","status":"publish","type":"post","link":"https:\/\/radioacuariofm.com.ar\/?p=228923","title":{"rendered":"Conflicto en Medio Oriente: todo lo que hay que saber"},"content":{"rendered":"<p> <br \/>\n<\/p>\n<div>\n<p class=\"com-paragraph  --capital --s\">El conflicto en <a href=\"https:\/\/www.lanacion.com.ar\/el-mundo\/guerra-entre-estados-unidos-israel-e-iran-en-vivo-tension-en-medio-oriente-hoy-jueves-12-de-marzo-nid12032026\/\" target=\"_self\" title=\"https:\/\/www.lanacion.com.ar\/el-mundo\/guerra-entre-estados-unidos-israel-e-iran-en-vivo-tension-en-medio-oriente-hoy-jueves-12-de-marzo-nid12032026\/\" class=\"com-link break-word\" data-mrf-recirculation=\"n_link_parrafo\"><strong>Medio Oriente<\/strong><\/a><strong> <\/strong>entra este <strong>jueves 12 de marzo <\/strong>en su <strong>decimotercer d\u00eda de guerra<\/strong>. A primera hora se intensificaron los ataques a embarcaciones en el <strong>golfo P\u00e9rsico <\/strong>y en el estrecho de Ormuz. <strong>Ir\u00e1n <\/strong>se adjudic\u00f3 haber provocado el incendio en dos buques petroleros extranjeros mientras mantiene las amenazas sobre aquellos que pretendan atravesar <strong>Ormuz<\/strong>. Por su parte, el presidente de Estados Unidos, <strong>Donald Trump, <\/strong>asegur\u00f3 que las fuerzas de ataque de Ir\u00e1n fueron diezmadas. <\/p>\n<p class=\"com-paragraph   --s\">Estas son las claves para entender <strong>qu\u00e9 est\u00e1 pasando y por qu\u00e9 preocupa al mundo<\/strong>.<\/p>\n<div class=\"content-media cursor-pointer container-center-100\">\n<section class=\"media-container relative ratio-16-9 mod-media pb-32\">\n<figure class=\"mod-video\">\n<div class=\"video-player bg-black ratio-16-9\" data-has-jwplayer=\"true\" data-video-id-jw=\"XdJZ8fIk\" data-config=\"{&quot;title&quot;:&quot;Im\u00e1genes impactantes: un buque petrolero australiano sufri\u00f3 un ataque cerca de un puerto en Irak&quot;,&quot;mediaId&quot;:&quot;XdJZ8fIk&quot;,&quot;playerId&quot;:&quot;ih0086X3&quot;,&quot;playlist&quot;:[{&quot;mediaid&quot;:&quot;XdJZ8fIk&quot;,&quot;sources&quot;:[{&quot;file&quot;:&quot;https:\/\/cdn.jwplayer.com\/manifests\/XdJZ8fIk.m3u8&quot;,&quot;type&quot;:&quot;application\/vnd.apple.mpegurl&quot;},{&quot;bitrate&quot;:357731,&quot;file&quot;:&quot;https:\/\/cdn.jwplayer.com\/videos\/XdJZ8fIk-kTExGaWf.mp4&quot;,&quot;filesize&quot;:1296776,&quot;framerate&quot;:30,&quot;height&quot;:320,&quot;label&quot;:&quot;180p&quot;,&quot;type&quot;:&quot;video\/mp4&quot;,&quot;width&quot;:180},{&quot;bitrate&quot;:528760,&quot;file&quot;:&quot;https:\/\/cdn.jwplayer.com\/videos\/XdJZ8fIk-K8B0kybS.mp4&quot;,&quot;filesize&quot;:1916758,&quot;framerate&quot;:30,&quot;height&quot;:480,&quot;label&quot;:&quot;270p&quot;,&quot;type&quot;:&quot;video\/mp4&quot;,&quot;width&quot;:270},{&quot;bitrate&quot;:1285984,&quot;file&quot;:&quot;https:\/\/cdn.jwplayer.com\/videos\/XdJZ8fIk-46NIuRKO.mp4&quot;,&quot;filesize&quot;:4661692,&quot;framerate&quot;:30,&quot;height&quot;:1280,&quot;label&quot;:&quot;720p&quot;,&quot;type&quot;:&quot;video\/mp4&quot;,&quot;width&quot;:720},{&quot;bitrate&quot;:114357,&quot;file&quot;:&quot;https:\/\/cdn.jwplayer.com\/videos\/XdJZ8fIk-hz5z2Tv4.m4a&quot;,&quot;filesize&quot;:414545,&quot;label&quot;:&quot;AAC Audio&quot;,&quot;type&quot;:&quot;audio\/mp4&quot;},{&quot;bitrate&quot;:585648,&quot;file&quot;:&quot;https:\/\/cdn.jwplayer.com\/videos\/XdJZ8fIk-FnZGUVnC.mp4&quot;,&quot;filesize&quot;:2122977,&quot;framerate&quot;:30,&quot;height&quot;:640,&quot;label&quot;:&quot;360p&quot;,&quot;type&quot;:&quot;video\/mp4&quot;,&quot;width&quot;:360},{&quot;bitrate&quot;:921276,&quot;file&quot;:&quot;https:\/\/cdn.jwplayer.com\/videos\/XdJZ8fIk-0G6Pwvlw.mp4&quot;,&quot;filesize&quot;:3339628,&quot;framerate&quot;:30,&quot;height&quot;:960,&quot;label&quot;:&quot;540p&quot;,&quot;type&quot;:&quot;video\/mp4&quot;,&quot;width&quot;:540}]}],&quot;hasAutoplay&quot;:false,&quot;autostart&quot;:true,&quot;tagsUrl&quot;:&quot;https:\/\/pubads.g.doubleclick.net\/gampad\/ads?slotname=\/133919216\/la_nacion_video\/nota\/preroll&amp;sz=640x480|400x300&amp;ciu_szs=300x250&amp;unviewed_position_start=1&amp;output=vast&amp;impl=s&amp;env=vp&amp;gdfp_req=1&amp;ad_rule=0&amp;vad_type=linear&amp;vpos=preroll&amp;cust_params=tags_nuevos%3Dte_guerra_en_medio_oriente%2Cte_israel%2Cte_iran%2Cte_estados_unidos%2Cte_ln_%2Cte_audiencia%2Cca_el_mundo%2C%2CT5VT2VOMVBDHHPVQMPV56PTHQU&amp;pod=3&amp;ppos=1&amp;lip=true&amp;min_ad_duration=0&amp;max_ad_duration=30000&amp;vrid=6256&amp;url=https%3A%2F%2Fwww.lanacion.com.ar%2Fel-mundo%2Fdia-13-de-la-guerra-entre-estados-unidos-israel-e-iran-todo-lo-que-hay-que-saber-nid12032026%2F%3Fvariant%3DA&amp;description_url=https%3A%2F%2Fwww.lanacion.com.ar%2Fel-mundo%2Fdia-13-de-la-guerra-entre-estados-unidos-israel-e-iran-todo-lo-que-hay-que-saber-nid12032026%2F%3Fvariant%3DA&amp;video_doc_id=short_onecue&amp;cmsid=496&amp;kfa=0&amp;tfcd=0&amp;correlator=1773295423527&quot;,&quot;arcSite&quot;:&quot;la-nacion-ar&quot;}\">\n<div id=\"facade-XdJZ8fIk\" class=\"content-facade-jw relative bg-black ratio-16-9\"><picture><source media=\"(max-width: 767px)\" srcset=\"https:\/\/resizer.glanacion.com\/resizer\/v2\/https%3A%2F%2Fcdn.jwplayer.com%2Fv2%2Fmedia%2FXdJZ8fIk%2Fposter.jpg%3Fwidth%3D720?auth=33ac10d934d433a4a7dda4667f769483cd95cab92bdd867410aebea2cf5ca167&amp;width=480&amp;quality=70&amp;smart=false\"\/><\/picture><\/div>\n<\/div><figcaption class=\"border border-1 border-bottom border-light-300 relative px-16 py-8 min-h-36 w-100_md px-0_l mb-8 bg-white\"><span class=\"text ln-text text-16 block\">Im\u00e1genes impactantes: un buque petrolero australiano sufri\u00f3 un ataque cerca de un puerto en Irak<\/span><\/figcaption><\/figure>\n<\/section>\n<\/div>\n<h3 class=\"com-title --font-primary --l --font-extra\">Otros hechos de importancia<\/h3>\n<div class=\"content-media\">\n<section role=\"button\" class=\"mod-media   \">\n<figure role=\"button\" tabindex=\"0\" class=\"mod-figure \"><figcaption class=\"mod-figcaption\"><span class=\"com-text --caption --twoxs\">El presidente franc\u00e9s, Emmanuel Macron, preside una videoconferencia de los l\u00edderes del G7 para abordar las consecuencias de la guerra en Ir\u00e1n en la econom\u00eda mundial, en medio del conflicto entre Estados Unidos e Israel con Ir\u00e1n, en el Palacio del El\u00edseo en Par\u00eds, el mi\u00e9rcoles 11 de marzo de 2026. (Gonzalo Fuentes, Pool Photo v\u00eda AP)<\/span><span class=\"com-text --credit --twoxs\">Gonzalo Fuentes  &#8211; Pool Reuters <\/span><\/figcaption><\/figure>\n<\/section>\n<\/div>\n<div class=\"content-media\">\n<section role=\"button\" class=\"mod-media   \">\n<figure role=\"button\" tabindex=\"0\" class=\"mod-figure \"><figcaption class=\"mod-figcaption\"><span class=\"com-text --caption --twoxs\">Estados Unidos e Israel afirman que sus constantes ataques a\u00e9reos conjuntos han reducido significativamente la capacidad militar de Ir\u00e1n<\/span><span class=\"com-text --credit --twoxs\">GETTY IMAGES <\/span><\/figcaption><\/figure>\n<\/section>\n<\/div>\n<div class=\"content-media\">\n<section role=\"button\" class=\"mod-media   \">\n<figure role=\"button\" tabindex=\"0\" class=\"mod-figure \"><figcaption class=\"mod-figcaption\"><span class=\"com-text --caption --twoxs\">Mujeres sostienen carteles del l\u00edder asesinado, el ayaotllah Ali Khamenei, durante la oraci\u00f3n del mediod\u00eda del viernes en el recinto de la mezquita de Mosalla en Teheran<\/span><span class=\"com-text --credit --twoxs\">&#8211;  &#8211; AFP <\/span><\/figcaption><\/figure>\n<\/section>\n<\/div>\n<section class=\"container-center-100 mb-40 border border-bottom border-thin border-neutral-light-700\">\n<hr\/>\n<\/section>\n<\/div>\n\n","protected":false},"excerpt":{"rendered":"<p>El conflicto en Medio Oriente entra este jueves 12 de marzo en su decimotercer d\u00eda de guerra. A primera hora se intensificaron los ataques a embarcaciones en el golfo P\u00e9rsico y en el estrecho de Ormuz. Ir\u00e1n se adjudic\u00f3 haber provocado el incendio en dos buques petroleros extranjeros mientras mantiene las amenazas sobre aquellos que [&hellip;]<\/p>\n","protected":false},"author":2,"featured_media":228924,"comment_status":"closed","ping_status":"closed","sticky":false,"template":"","format":"standard","meta":{"footnotes":""},"categories":[1],"tags":[],"class_list":["post-228923","post","type-post","status-publish","format-standard","has-post-thumbnail","hentry","category-uncategorized"],"_links":{"self":[{"href":"https:\/\/radioacuariofm.com.ar\/index.php?rest_route=\/wp\/v2\/posts\/228923","targetHints":{"allow":["GET"]}}],"collection":[{"href":"https:\/\/radioacuariofm.com.ar\/index.php?rest_route=\/wp\/v2\/posts"}],"about":[{"href":"https:\/\/radioacuariofm.com.ar\/index.php?rest_route=\/wp\/v2\/types\/post"}],"author":[{"embeddable":true,"href":"https:\/\/radioacuariofm.com.ar\/index.php?rest_route=\/wp\/v2\/users\/2"}],"replies":[{"embeddable":true,"href":"https:\/\/radioacuariofm.com.ar\/index.php?rest_route=%2Fwp%2Fv2%2Fcomments&post=228923"}],"version-history":[{"count":1,"href":"https:\/\/radioacuariofm.com.ar\/index.php?rest_route=\/wp\/v2\/posts\/228923\/revisions"}],"predecessor-version":[{"id":228925,"href":"https:\/\/radioacuariofm.com.ar\/index.php?rest_route=\/wp\/v2\/posts\/228923\/revisions\/228925"}],"wp:featuredmedia":[{"embeddable":true,"href":"https:\/\/radioacuariofm.com.ar\/index.php?rest_route=\/wp\/v2\/media\/228924"}],"wp:attachment":[{"href":"https:\/\/radioacuariofm.com.ar\/index.php?rest_route=%2Fwp%2Fv2%2Fmedia&parent=228923"}],"wp:term":[{"taxonomy":"category","embeddable":true,"href":"https:\/\/radioacuariofm.com.ar\/index.php?rest_route=%2Fwp%2Fv2%2Fcategories&post=228923"},{"taxonomy":"post_tag","embeddable":true,"href":"https:\/\/radioacuariofm.com.ar\/index.php?rest_route=%2Fwp%2Fv2%2Ftags&post=228923"}],"curies":[{"name":"wp","href":"https:\/\/api.w.org\/{rel}","templated":true}]}}