{"id":228917,"date":"2026-03-12T01:14:54","date_gmt":"2026-03-12T04:14:54","guid":{"rendered":"https:\/\/radioacuariofm.com.ar\/?p=228917"},"modified":"2026-03-12T01:14:55","modified_gmt":"2026-03-12T04:14:55","slug":"el-primer-desafio-internacional-de-kast-que-amenaza-con-abrir-un-frente-con-trump","status":"publish","type":"post","link":"https:\/\/radioacuariofm.com.ar\/?p=228917","title":{"rendered":"El primer desaf\u00edo internacional de Kast que amenaza con abrir un frente con Trump"},"content":{"rendered":"<p> <br \/>\n<\/p>\n<div>\n<p class=\"com-paragraph  --capital --s\">SANTIAGO, Chile.\u2013 El primer desaf\u00edo internacional del conservador <strong>Jos\u00e9 Antonio Kast<\/strong>, que <a href=\"https:\/\/www.lanacion.com.ar\/el-mundo\/chile-gira-a-la-derecha-kast-asume-el-poder-con-milei-entre-los-invitados-y-la-ausencia-de-lula-nid11032026\/\" target=\"_self\" title=\"https:\/\/www.lanacion.com.ar\/el-mundo\/chile-gira-a-la-derecha-kast-asume-el-poder-con-milei-entre-los-invitados-y-la-ausencia-de-lula-nid11032026\/\" class=\"com-link break-word\" data-mrf-recirculation=\"n_link_parrafo\">asumi\u00f3 la presidencia de Chile este mi\u00e9rcoles<\/a>, ser\u00e1 definir <strong>el destino del proyecto de cable submarino de fibra \u00f3ptica que busca unir el pa\u00eds con China<\/strong>.<\/p>\n<p class=\"com-paragraph   --s\">La <a href=\"https:\/\/www.lanacion.com.ar\/el-mundo\/kast-suspende-el-traspaso-con-boric-en-medio-de-presiones-de-eeuu-por-un-proyecto-con-china-nid03032026\/\" target=\"_self\" title=\"https:\/\/www.lanacion.com.ar\/el-mundo\/kast-suspende-el-traspaso-con-boric-en-medio-de-presiones-de-eeuu-por-un-proyecto-con-china-nid03032026\/\" class=\"com-link break-word\" data-mrf-recirculation=\"n_link_parrafo\">iniciativa naci\u00f3 para reducir la dependencia<\/a> de las rutas de datos de internet que hoy pasan por Am\u00e9rica del Norte, pero qued\u00f3 atrapada en la <strong>creciente rivalidad entre Washington y Pek\u00edn<\/strong>.<\/p>\n<p class=\"com-paragraph   --s\">El gobierno de <strong>Donald Trump<\/strong> la considera<strong> una potencial \u201camenaza\u201d para la seguridad regional<\/strong>.<\/p>\n<div class=\"content-media\">\n<section role=\"button\" class=\"mod-media   \">\n<figure role=\"button\" tabindex=\"0\" class=\"mod-figure \"><figcaption class=\"mod-figcaption\"><span class=\"com-text --caption --twoxs\">El presidente Donald Trump saluda a Jos\u00e9 Antonio Kast en la cumbre del \u00abEscudo de las Am\u00e9ricas\u00bb en Miami<\/span><span class=\"com-text --credit --twoxs\">SAUL LOEB  &#8211; AFP <\/span><\/figcaption><\/figure>\n<\/section>\n<\/div>\n<p class=\"com-paragraph   --s\">El proyecto fue adjudicado en enero a la empresa estatal <strong>China Mobile<\/strong>. Y pese a que la designaci\u00f3n fue anulada dos d\u00edas despu\u00e9s, Washington <strong>sancion\u00f3 a tres altos funcionarios de la gesti\u00f3n del izquierdista Gabriel Boric<\/strong> (2022-2026), incluido su ministro de Transporte, con la revocaci\u00f3n de sus visados para entrar en Estados Unidos.<\/p>\n<p class=\"com-paragraph   --s\">China Mobile es <strong>el mayor operador de telefon\u00eda m\u00f3vil del mundo por n\u00famero de abonados y escala de red<\/strong>, con una fuerte presencia internacional a trav\u00e9s de China Mobile International (CMI).<\/p>\n<p class=\"com-paragraph   --s\">Un cable chino \u201c<strong>b\u00e1sicamente deja a Estados Unidos sin poder ver qu\u00e9 ocurre\u201d en el tr\u00e1fico regional de datos<\/strong>, dijo a la agencia AFP el experto en telecomunicaciones Jonathan Frez, profesor de la Universidad Diego Portales.<\/p>\n<p class=\"com-paragraph   --s\">Con este proyecto, <strong>China \u201cse conectar\u00eda\u201d con \u201cel resto de Am\u00e9rica Latina, incluyendo Brasil<\/strong>, que es miembro del Brics\u201d, grupo que re\u00fane adem\u00e1s a Rusia, la India y Sud\u00e1frica, agrega Frez.<\/p>\n<div class=\"content-media\">\n<section role=\"button\" class=\"mod-media   \">\n<figure role=\"button\" tabindex=\"0\" class=\"mod-figure \"><figcaption class=\"mod-figcaption\"><span class=\"com-text --caption --twoxs\">El cable submarino chino abrir\u00eda al gigante asi\u00e1tico al control de los datos de toda la regi\u00f3n<\/span><span class=\"com-text --credit --twoxs\">Archivo<\/span><\/figcaption><\/figure>\n<\/section>\n<\/div>\n<p class=\"com-paragraph   --s\">Kast se encuentra en medio de un escenario dif\u00edcil, en el que intentar\u00e1 equilibrar<strong> <\/strong>la buena relaci\u00f3n de Chile con China, su principal socio comercial, y los deseos del nuevo mandatario de estrechar lazos con Estados Unidos.<\/p>\n<p class=\"com-paragraph   --s\">En los d\u00edas previos al cambio de mando, la controversia por este cable <strong>gener\u00f3 una \u00e1spera fricci\u00f3n entre Boric y Kast<\/strong>.<\/p>\n<p class=\"com-paragraph   --s\">El presidente electo acus\u00f3 a su antecesor de <strong>no compartirle suficiente informaci\u00f3n sobre la iniciativa<\/strong> e interrumpi\u00f3 abruptamente las reuniones previas al traspaso de mando entre ambas administraciones, aunque luego fueron retomadas.<\/p>\n<p class=\"com-paragraph   --s\">Kast prometi\u00f3 <strong>un \u201cgobierno de emergencia\u201d contra la delincuencia y la migraci\u00f3n irregular<\/strong>. Al gobierno estadounidense le interesa ayudarlo en esas materias, pero tambi\u00e9n intervenir en \u201c<strong>la denegaci\u00f3n de acceso a recursos y mercados de China<\/strong>\u201d, dice a la agencia AFP el analista internacional Gilberto Aranda, experto de la Universidad de Chile.<\/p>\n<div class=\"content-media\">\n<section role=\"button\" class=\"mod-media   \">\n<figure role=\"button\" tabindex=\"0\" class=\"mod-figure \"><figcaption class=\"mod-figcaption\"><span class=\"com-text --caption --twoxs\">El presidente chileno Gabriel Boric en la ceremonia de apertura de la Cuarta Reuni\u00f3n Ministerial del Foro de China y la Comunidad de Estados Latinoamericanos y Caribe\u00f1os en Pek\u00edn<\/span><span class=\"com-text --credit --twoxs\">Andy Wong &#8211; AP<\/span><\/figcaption><\/figure>\n<\/section>\n<\/div>\n<p class=\"com-paragraph   --s\"><strong>China es el principal destino de las exportaciones del pa\u00eds sudamericano<\/strong>. Chile le vendi\u00f3 en 2025 productos, principalmente<strong> cobre, cerezas y litio<\/strong>, por m\u00e1s de 38.000 millones de d\u00f3lares, una cifra que super\u00f3 en un 6,4% la del a\u00f1o anterior.<\/p>\n<p class=\"com-paragraph   --s\">Seg\u00fan Aranda, las sanciones in\u00e9ditas contra los funcionarios de Boric deben ser tomadas como \u201c<strong>una advertencia<\/strong>\u201d a la entrante administraci\u00f3n de Kast.<\/p>\n<p class=\"com-paragraph   --s\">Explica que el nuevo presidente <strong>tender\u00e1 a alinearse con Estados Unidos<\/strong>, con el que tiene afinidad ideol\u00f3gica y que muestra un renovado inter\u00e9s sobre Am\u00e9rica Latina.<\/p>\n<p class=\"com-paragraph   --s\">Chile deber\u00e1 considerar \u201c<strong>salirse del eje confrontacional<\/strong>\u201d, dice, y abrirse a nuevos mercados para no depender tanto del comercio con China.<\/p>\n<p class=\"com-paragraph   --s\">El proyecto, por ahora paralizado, denominado Chile-China Express (CCE), busca<strong> conectar Valpara\u00edso con Hong Kong<\/strong>, con un recorrido de casi 20.000 km.<\/p>\n<p class=\"com-paragraph   --s\">Chile busca con este proyecto acelerar el tr\u00e1fico de datos. Actualmente es <strong>el sexto pa\u00eds con la internet de banda ancha m\u00e1s r\u00e1pida en el mundo<\/strong>, seg\u00fan el Speedtest Global Index.<\/p>\n<p class=\"com-paragraph   --s\">Con la nueva infraestructura pretende fortalecer los servicios digitales, los centros de datos y el comercio electr\u00f3nico del pa\u00eds, \u00e1reas en las que tambi\u00e9n ya es el l\u00edder regional.<\/p>\n<p class=\"com-paragraph   --s\">La iniciativa es promovida desde el segundo gobierno del derechista <strong>Sebasti\u00e1n Pi\u00f1era <\/strong>(2018-2022) para posicionar al pa\u00eds como un puente digital regional.<\/p>\n<p class=\"com-paragraph   --s\">Chile cuenta con al menos <strong>tres cables submarinos internacionales,<\/strong><strong> <\/strong><strong>todos conectados con Am\u00e9rica del Norte<\/strong>. Ninguno pasa por Asia.<\/p>\n<p class=\"com-paragraph   --s\">Ahora ya est\u00e1 en construcci\u00f3n una infraestructura de 14.800 kil\u00f3metros de largo para <strong>enlazar la ciudad de Valpara\u00edso con S\u00eddney<\/strong>, en Australia, llamado \u201cHumboldt\u201d. Se hace en asociaci\u00f3n con Google.<\/p>\n<p class=\"com-paragraph   --s\">Expertos citados por<em> Diario Financiero <\/em>advierten que si el proyecto de la estatal China Mobile no se concreta en Chile, es probable que <strong>la potencia asi\u00e1tica busque cobijo en Per\u00fa<\/strong>, el segundo receptor de inversiones chinas de Am\u00e9rica Latina.<\/p>\n<p class=\"com-paragraph   --s\"><strong>Agencia AFP<\/strong><\/p>\n<section class=\"container-center-100 mb-40 border border-bottom border-thin border-neutral-light-700\">\n<hr\/>\n<\/section>\n<\/div>\n\n","protected":false},"excerpt":{"rendered":"<p>SANTIAGO, Chile.\u2013 El primer desaf\u00edo internacional del conservador Jos\u00e9 Antonio Kast, que asumi\u00f3 la presidencia de Chile este mi\u00e9rcoles, ser\u00e1 definir el destino del proyecto de cable submarino de fibra \u00f3ptica que busca unir el pa\u00eds con China. La iniciativa naci\u00f3 para reducir la dependencia de las rutas de datos de internet que hoy pasan [&hellip;]<\/p>\n","protected":false},"author":2,"featured_media":228918,"comment_status":"closed","ping_status":"closed","sticky":false,"template":"","format":"standard","meta":{"footnotes":""},"categories":[1],"tags":[],"class_list":["post-228917","post","type-post","status-publish","format-standard","has-post-thumbnail","hentry","category-uncategorized"],"_links":{"self":[{"href":"https:\/\/radioacuariofm.com.ar\/index.php?rest_route=\/wp\/v2\/posts\/228917","targetHints":{"allow":["GET"]}}],"collection":[{"href":"https:\/\/radioacuariofm.com.ar\/index.php?rest_route=\/wp\/v2\/posts"}],"about":[{"href":"https:\/\/radioacuariofm.com.ar\/index.php?rest_route=\/wp\/v2\/types\/post"}],"author":[{"embeddable":true,"href":"https:\/\/radioacuariofm.com.ar\/index.php?rest_route=\/wp\/v2\/users\/2"}],"replies":[{"embeddable":true,"href":"https:\/\/radioacuariofm.com.ar\/index.php?rest_route=%2Fwp%2Fv2%2Fcomments&post=228917"}],"version-history":[{"count":1,"href":"https:\/\/radioacuariofm.com.ar\/index.php?rest_route=\/wp\/v2\/posts\/228917\/revisions"}],"predecessor-version":[{"id":228919,"href":"https:\/\/radioacuariofm.com.ar\/index.php?rest_route=\/wp\/v2\/posts\/228917\/revisions\/228919"}],"wp:featuredmedia":[{"embeddable":true,"href":"https:\/\/radioacuariofm.com.ar\/index.php?rest_route=\/wp\/v2\/media\/228918"}],"wp:attachment":[{"href":"https:\/\/radioacuariofm.com.ar\/index.php?rest_route=%2Fwp%2Fv2%2Fmedia&parent=228917"}],"wp:term":[{"taxonomy":"category","embeddable":true,"href":"https:\/\/radioacuariofm.com.ar\/index.php?rest_route=%2Fwp%2Fv2%2Fcategories&post=228917"},{"taxonomy":"post_tag","embeddable":true,"href":"https:\/\/radioacuariofm.com.ar\/index.php?rest_route=%2Fwp%2Fv2%2Ftags&post=228917"}],"curies":[{"name":"wp","href":"https:\/\/api.w.org\/{rel}","templated":true}]}}