{"id":228910,"date":"2026-03-11T22:12:53","date_gmt":"2026-03-12T01:12:53","guid":{"rendered":"https:\/\/radioacuariofm.com.ar\/?p=228910"},"modified":"2026-03-11T22:12:54","modified_gmt":"2026-03-12T01:12:54","slug":"que-hay-detras-de-la-guerra-de-medio-oriente-y-que-busca-cada-pais-involucrado","status":"publish","type":"post","link":"https:\/\/radioacuariofm.com.ar\/?p=228910","title":{"rendered":"Qu\u00e9 hay detr\u00e1s de la Guerra de Medio Oriente y qu\u00e9 busca cada pa\u00eds involucrado"},"content":{"rendered":"<p> <br \/>\n<\/p>\n<div>\n<p class=\"com-paragraph  --capital --s\">En el <a href=\"https:\/\/www.lanacion.com.ar\/el-mundo\/un-analista-internacional-hablo-de-la-guerra-asimetrica-en-medio-oriente-y-explico-por-que-es-clave-nid11032026\/\" target=\"_self\" title=\"https:\/\/www.lanacion.com.ar\/el-mundo\/un-analista-internacional-hablo-de-la-guerra-asimetrica-en-medio-oriente-y-explico-por-que-es-clave-nid11032026\/\" class=\"com-link break-word\" data-mrf-recirculation=\"n_link_parrafo\"><strong>duod\u00e9cimo d\u00eda del conflicto entre Israel e Ir\u00e1n<\/strong><\/a>, la escalada en Medio Oriente volvi\u00f3 a poner en evidencia la disputa estrat\u00e9gica entre los pa\u00edses y sus aliados regionales. En ese contexto, el especialista en defensa e inteligencia <strong>Juan Carlos Ozar\u00e1n<\/strong> analiz\u00f3 en <em>LN+ <\/em>cu\u00e1les son los intereses geopol\u00edticos que explican la confrontaci\u00f3n y qu\u00e9 busca cada actor involucrado.<\/p>\n<p class=\"com-paragraph   --s\">Seg\u00fan se\u00f1al\u00f3, el enfrentamiento no responde \u00fanicamente a un episodio militar puntual, sino a <strong>una rivalidad hist\u00f3rica que combina factores pol\u00edticos, ideol\u00f3gicos y religiosos<\/strong>. A partir de su experiencia en la regi\u00f3n \u2014vivi\u00f3 un a\u00f1o en Israel y otro en Siria\u2014, describi\u00f3 las tensiones que atraviesan a Medio Oriente y el papel que juegan Estados Unidos y las monarqu\u00edas del Golfo.<\/p>\n<div class=\"content-media cursor-pointer container-center-100\">\n<section class=\"media-container relative ratio-16-9 mod-media pb-32\">\n<figure class=\"mod-video\">\n<div class=\"video-player bg-black ratio-16-9\" data-has-jwplayer=\"true\" data-video-id-jw=\"8WavLf1k\" data-config=\"{&quot;title&quot;:&quot;Juan Carlos Ozaran, especialista en defensa e inteligencia&quot;,&quot;mediaId&quot;:&quot;8WavLf1k&quot;,&quot;playerId&quot;:&quot;ih0086X3&quot;,&quot;playlist&quot;:[{&quot;mediaid&quot;:&quot;8WavLf1k&quot;,&quot;sources&quot;:[{&quot;file&quot;:&quot;https:\/\/cdn.jwplayer.com\/manifests\/8WavLf1k.m3u8&quot;,&quot;type&quot;:&quot;application\/vnd.apple.mpegurl&quot;},{&quot;bitrate&quot;:335193,&quot;file&quot;:&quot;https:\/\/cdn.jwplayer.com\/videos\/8WavLf1k-kTExGaWf.mp4&quot;,&quot;filesize&quot;:28952341,&quot;framerate&quot;:25,&quot;height&quot;:180,&quot;label&quot;:&quot;180p&quot;,&quot;type&quot;:&quot;video\/mp4&quot;,&quot;width&quot;:320},{&quot;bitrate&quot;:500461,&quot;file&quot;:&quot;https:\/\/cdn.jwplayer.com\/videos\/8WavLf1k-K8B0kybS.mp4&quot;,&quot;filesize&quot;:43227360,&quot;framerate&quot;:25,&quot;height&quot;:270,&quot;label&quot;:&quot;270p&quot;,&quot;type&quot;:&quot;video\/mp4&quot;,&quot;width&quot;:480},{&quot;bitrate&quot;:1337319,&quot;file&quot;:&quot;https:\/\/cdn.jwplayer.com\/videos\/8WavLf1k-46NIuRKO.mp4&quot;,&quot;filesize&quot;:115510952,&quot;framerate&quot;:25,&quot;height&quot;:720,&quot;label&quot;:&quot;720p&quot;,&quot;type&quot;:&quot;video\/mp4&quot;,&quot;width&quot;:1280},{&quot;bitrate&quot;:113517,&quot;file&quot;:&quot;https:\/\/cdn.jwplayer.com\/videos\/8WavLf1k-hz5z2Tv4.m4a&quot;,&quot;filesize&quot;:9805045,&quot;label&quot;:&quot;AAC Audio&quot;,&quot;type&quot;:&quot;audio\/mp4&quot;},{&quot;bitrate&quot;:2742874,&quot;file&quot;:&quot;https:\/\/cdn.jwplayer.com\/videos\/8WavLf1k-SomplJdm.mp4&quot;,&quot;filesize&quot;:236915793,&quot;framerate&quot;:25,&quot;height&quot;:1080,&quot;label&quot;:&quot;1080p&quot;,&quot;type&quot;:&quot;video\/mp4&quot;,&quot;width&quot;:1920},{&quot;bitrate&quot;:532015,&quot;file&quot;:&quot;https:\/\/cdn.jwplayer.com\/videos\/8WavLf1k-FnZGUVnC.mp4&quot;,&quot;filesize&quot;:45952809,&quot;framerate&quot;:25,&quot;height&quot;:360,&quot;label&quot;:&quot;360p&quot;,&quot;type&quot;:&quot;video\/mp4&quot;,&quot;width&quot;:640},{&quot;bitrate&quot;:886487,&quot;file&quot;:&quot;https:\/\/cdn.jwplayer.com\/videos\/8WavLf1k-0G6Pwvlw.mp4&quot;,&quot;filesize&quot;:76570393,&quot;framerate&quot;:25,&quot;height&quot;:540,&quot;label&quot;:&quot;540p&quot;,&quot;type&quot;:&quot;video\/mp4&quot;,&quot;width&quot;:960}]}],&quot;hasAutoplay&quot;:false,&quot;autostart&quot;:true,&quot;tagsUrl&quot;:&quot;https:\/\/pubads.g.doubleclick.net\/gampad\/ads?slotname=\/133919216\/la_nacion_video\/nota\/preroll&amp;sz=640x480|400x300&amp;ciu_szs=300x250&amp;unviewed_position_start=1&amp;output=vast&amp;impl=s&amp;env=vp&amp;gdfp_req=1&amp;ad_rule=0&amp;vad_type=linear&amp;vpos=preroll&amp;cust_params=tags_nuevos%3Dte_guerra_en_medio_oriente%2Cte_israel%2Cte_iran%2Cte_estados_unidos%2Cte_donald_trump%2Cte_donald_trump__presidente_de_ee_uu_%2Cte_ln_%2Cte_audiencia%2Cca_el_mundo%2Cca_ln_%2C%2C5JZTIQ2ZRNBO7PYNUZSSMHXDPQ&amp;pod=3&amp;ppos=1&amp;lip=true&amp;min_ad_duration=0&amp;max_ad_duration=30000&amp;vrid=6256&amp;url=https%3A%2F%2Fwww.lanacion.com.ar%2Fel-mundo%2Fque-hay-detras-de-la-guerra-de-medio-oriente-y-que-busca-cada-pais-involucrado-nid11032026%2F%3Fvariant%3DA&amp;description_url=https%3A%2F%2Fwww.lanacion.com.ar%2Fel-mundo%2Fque-hay-detras-de-la-guerra-de-medio-oriente-y-que-busca-cada-pais-involucrado-nid11032026%2F%3Fvariant%3DA&amp;video_doc_id=short_onecue&amp;cmsid=496&amp;kfa=0&amp;tfcd=0&amp;correlator=1773277108608&quot;,&quot;arcSite&quot;:&quot;la-nacion-ar&quot;}\">\n<div id=\"facade-8WavLf1k\" class=\"content-facade-jw relative bg-black ratio-16-9\"><picture><source media=\"(max-width: 767px)\" srcset=\"https:\/\/resizer.glanacion.com\/resizer\/v2\/https%3A%2F%2Fcdn.jwplayer.com%2Fv2%2Fmedia%2F8WavLf1k%2Fposter.jpg%3Fwidth%3D720?auth=473248cc502b8475bd1670d3b8aeca7b8357fbf7c91c091004eace5f0f80fda5&amp;width=480&amp;quality=70&amp;smart=false\"\/><\/picture><\/div>\n<\/div><figcaption class=\"border border-1 border-bottom border-light-300 relative px-16 py-8 min-h-36 w-100_md px-0_l mb-8 bg-white\"><span class=\"text ln-text text-16 block\">Juan Carlos Ozaran, especialista en defensa e inteligencia<\/span><\/figcaption><\/figure>\n<\/section>\n<\/div>\n<p class=\"com-paragraph   --s\">Ozar\u00e1n <strong>explic\u00f3<\/strong> que el eje central del conflicto se encuentra en la relaci\u00f3n entre Israel e Ir\u00e1n, dos pa\u00edses que mantienen una confrontaci\u00f3n sostenida desde hace d\u00e9cadas. <strong>\u201cViv\u00ed un a\u00f1o en Israel y un a\u00f1o en Siria. Ir\u00e1n es el gran enemigo de Israel\u201d<\/strong>, afirm\u00f3 durante la entrevista.<\/p>\n<p class=\"com-paragraph   --s\">Seg\u00fan detall\u00f3, los intereses de ambos Estados se oponen de manera directa. En ese sentido, se\u00f1al\u00f3 que <strong>Israel busca la ca\u00edda del r\u00e9gimen iran\u00ed, aunque no la desaparici\u00f3n del pa\u00eds como Estado<\/strong>.<\/p>\n<p class=\"com-paragraph   --s\">De acuerdo con el especialista, el objetivo apunta a un cambio pol\u00edtico en Teher\u00e1n m\u00e1s que a la eliminaci\u00f3n del Estado iran\u00ed.<\/p>\n<div class=\"content-media\">\n<section role=\"button\" class=\"mod-media   \">\n<figure role=\"button\" tabindex=\"0\" class=\"mod-figure \"><figcaption class=\"mod-figcaption\"><span class=\"com-text --caption --twoxs\">Un ni\u00f1o juega en un tanque entre las ruinas de Sarajevo<\/span><span class=\"com-text --credit --twoxs\">Revista Enraizada<\/span><\/figcaption><\/figure>\n<\/section>\n<\/div>\n<p class=\"com-paragraph   --s\">En su an\u00e1lisis, Ozar\u00e1n tambi\u00e9n <strong>record\u00f3<\/strong> que el enfrentamiento tiene un componente ideol\u00f3gico que se remonta a varias d\u00e9cadas. <strong>\u201cIr\u00e1n, desde la d\u00e9cada del 70, habla de la destrucci\u00f3n del gran y peque\u00f1o Sat\u00e1n, Estados Unidos e Israel\u201d<\/strong>, sostuvo.<\/p>\n<p class=\"com-paragraph   --s\">Para el analista, ese discurso consolid\u00f3 una confrontaci\u00f3n pol\u00edtica con Washington y con el Estado israel\u00ed que sigue condicionando el escenario regional.<\/p>\n<div class=\"content-media\">\n<section role=\"button\" class=\"mod-media   \">\n<figure role=\"button\" tabindex=\"0\" class=\"mod-figure \"><figcaption class=\"mod-figcaption\"><span class=\"com-text --caption --twoxs\">Una gran columna de humo se eleva sobre Teher\u00e1n despu\u00e9s de que se reportaran explosiones en la ciudad  <\/span><span class=\"com-text --credit --twoxs\">Contributor &#8211; Getty Images Europe<\/span><\/figcaption><\/figure>\n<\/section>\n<\/div>\n<p class=\"com-paragraph   --s\">El especialista tambi\u00e9n <strong>se refiri\u00f3<\/strong> al rol de Arabia Saudita en el equilibrio de poder en Medio Oriente. Seg\u00fan indic\u00f3, el pa\u00eds mantiene desde hace d\u00e9cadas una <strong>alianza estrat\u00e9gica con Estados Unidos<\/strong>.<\/p>\n<p class=\"com-paragraph   --s\">Esa relaci\u00f3n se reflej\u00f3, entre otros episodios, en la <strong>primera Guerra del Golfo<\/strong>, cuando ambos pa\u00edses actuaron como aliados frente a amenazas en la regi\u00f3n. Al mismo tiempo, se\u00f1al\u00f3 que otros pa\u00edses del \u00e1rea <strong>no se encuentran en condiciones de involucrarse militarmente<\/strong>.<\/p>\n<p class=\"com-paragraph   --s\"><strong>\u201cNi Irak ni Siria est\u00e1n en condiciones de apoyar acciones militares porque no tienen la capacidad y a esta altura tampoco tienen la intenci\u00f3n\u201d<\/strong>, afirm\u00f3.<\/p>\n<div class=\"content-media\">\n<section role=\"button\" class=\"mod-media   \">\n<figure role=\"button\" tabindex=\"0\" class=\"mod-figure \"><figcaption class=\"mod-figcaption\"><span class=\"com-text --caption --twoxs\">El presidente Donald Trump habla con reporteros antes de abordar el helic\u00f3ptero presidencial desde la Casa Blanca, el mi\u00e9rcoles 11 de marzo de 2026, en Washington<\/span><span class=\"com-text --credit --twoxs\">Alex Brandon &#8211; AP<\/span><\/figcaption><\/figure>\n<\/section>\n<\/div>\n<p class=\"com-paragraph   --s\">Ozar\u00e1n tambi\u00e9n <strong>plante\u00f3<\/strong> que la disputa regional no solo responde a intereses geopol\u00edticos, sino tambi\u00e9n a tensiones religiosas dentro del propio islam. Seg\u00fan explic\u00f3, <strong>Ir\u00e1n busca desestabilizar a las monarqu\u00edas del Golfo<\/strong>, tanto desde el plano econ\u00f3mico como pol\u00edtico, con el objetivo de debilitar a los pa\u00edses petroleros y generar presi\u00f3n sobre sus econom\u00edas.<\/p>\n<p class=\"com-paragraph   --s\">En ese escenario tambi\u00e9n aparece una fractura hist\u00f3rica dentro del islam. <strong>\u201cExiste la divisi\u00f3n entre sunitas y chiitas\u201d<\/strong>, explic\u00f3. Para el especialista, esa diferencia religiosa constituye uno de los factores que alimentan las disputas de poder en la regi\u00f3n.<\/p>\n<div class=\"content-media\">\n<section role=\"button\" class=\"mod-media   \">\n<figure role=\"button\" tabindex=\"0\" class=\"mod-figure \"><figcaption class=\"mod-figcaption\"><span class=\"com-text --caption --twoxs\">Ir\u00e1n es el principal Estado chiita del mundo<\/span><span class=\"com-text --credit --twoxs\">Getty Images<\/span><\/figcaption><\/figure>\n<\/section>\n<\/div>\n<p class=\"com-paragraph   --s\">Finalmente, el analista <strong>analiz\u00f3<\/strong> el papel de Estados Unidos en el actual escenario internacional. Seg\u00fan se\u00f1al\u00f3, Washington enfrenta l\u00edmites para intervenir directamente en nuevos conflictos armados en la regi\u00f3n.<\/p>\n<p class=\"com-paragraph   --s\"><strong>\u201cEstados Unidos sabe que no puede volver a Afganist\u00e1n ni Irak\u201d<\/strong>, sostuvo. En tanto, explic\u00f3 que la estrategia estadounidense apunta a <strong>generar presi\u00f3n interna dentro de Ir\u00e1n<\/strong>. \u201cLos bombardeos estrat\u00e9gicos y operacionales buscan que el sistema de defensa y el sistema pol\u00edtico colapsen, pero que ellos mismos paguen el costo\u201d, concluy\u00f3.<\/p>\n<section class=\"container-center-100 mb-40 border border-bottom border-thin border-neutral-light-700\">\n<hr\/>\n<\/section>\n<\/div>\n\n","protected":false},"excerpt":{"rendered":"<p>En el duod\u00e9cimo d\u00eda del conflicto entre Israel e Ir\u00e1n, la escalada en Medio Oriente volvi\u00f3 a poner en evidencia la disputa estrat\u00e9gica entre los pa\u00edses y sus aliados regionales. En ese contexto, el especialista en defensa e inteligencia Juan Carlos Ozar\u00e1n analiz\u00f3 en LN+ cu\u00e1les son los intereses geopol\u00edticos que explican la confrontaci\u00f3n y [&hellip;]<\/p>\n","protected":false},"author":2,"featured_media":228911,"comment_status":"closed","ping_status":"closed","sticky":false,"template":"","format":"standard","meta":{"footnotes":""},"categories":[1],"tags":[],"class_list":["post-228910","post","type-post","status-publish","format-standard","has-post-thumbnail","hentry","category-uncategorized"],"_links":{"self":[{"href":"https:\/\/radioacuariofm.com.ar\/index.php?rest_route=\/wp\/v2\/posts\/228910","targetHints":{"allow":["GET"]}}],"collection":[{"href":"https:\/\/radioacuariofm.com.ar\/index.php?rest_route=\/wp\/v2\/posts"}],"about":[{"href":"https:\/\/radioacuariofm.com.ar\/index.php?rest_route=\/wp\/v2\/types\/post"}],"author":[{"embeddable":true,"href":"https:\/\/radioacuariofm.com.ar\/index.php?rest_route=\/wp\/v2\/users\/2"}],"replies":[{"embeddable":true,"href":"https:\/\/radioacuariofm.com.ar\/index.php?rest_route=%2Fwp%2Fv2%2Fcomments&post=228910"}],"version-history":[{"count":1,"href":"https:\/\/radioacuariofm.com.ar\/index.php?rest_route=\/wp\/v2\/posts\/228910\/revisions"}],"predecessor-version":[{"id":228912,"href":"https:\/\/radioacuariofm.com.ar\/index.php?rest_route=\/wp\/v2\/posts\/228910\/revisions\/228912"}],"wp:featuredmedia":[{"embeddable":true,"href":"https:\/\/radioacuariofm.com.ar\/index.php?rest_route=\/wp\/v2\/media\/228911"}],"wp:attachment":[{"href":"https:\/\/radioacuariofm.com.ar\/index.php?rest_route=%2Fwp%2Fv2%2Fmedia&parent=228910"}],"wp:term":[{"taxonomy":"category","embeddable":true,"href":"https:\/\/radioacuariofm.com.ar\/index.php?rest_route=%2Fwp%2Fv2%2Fcategories&post=228910"},{"taxonomy":"post_tag","embeddable":true,"href":"https:\/\/radioacuariofm.com.ar\/index.php?rest_route=%2Fwp%2Fv2%2Ftags&post=228910"}],"curies":[{"name":"wp","href":"https:\/\/api.w.org\/{rel}","templated":true}]}}