{"id":228906,"date":"2026-03-11T20:10:05","date_gmt":"2026-03-11T23:10:05","guid":{"rendered":"https:\/\/radioacuariofm.com.ar\/?p=228906"},"modified":"2026-03-11T20:10:05","modified_gmt":"2026-03-11T23:10:05","slug":"la-guerra-de-iran-agrava-la-fractura-interna-en-la-ue-tras-las-palabras-de-von-der-leyen-sobre-el-orden-mundial","status":"publish","type":"post","link":"https:\/\/radioacuariofm.com.ar\/?p=228906","title":{"rendered":"La guerra de Ir\u00e1n agrava la fractura interna en la UE tras las palabras de Von der Leyen sobre el orden mundial"},"content":{"rendered":"<p> <br \/>\n<\/p>\n<div>\n<p class=\"com-paragraph  --capital --s\">BRUSELAS.\u2013 No fue tanto el discurso como el derrotismo y la falta de propuestas. Y el traspi\u00e9 jer\u00e1rquico. Las palabras de <strong>Ursula von der Leyen,<\/strong> presidenta de la Comisi\u00f3n Europea, que daban por acabado el orden mundial basado en reglas, a la vez que justificaban la guerra lanzada por Estados Unidos e Israel sobre Ir\u00e1n, han causado turbulencias en la Uni\u00f3n Europea. <\/p>\n<p class=\"com-paragraph   --s\">Su intervenci\u00f3n ha agravado las cr\u00edticas que la conservadora alemana ha acumulado en los \u00faltimos meses por su postura, <strong>considerada por muchos como demasiado cercana a Washington y Tel Aviv,<\/strong> y su escasa censura a los desmanes del estadounidense <a href=\"https:\/\/www.lanacion.com.ar\/estados-unidos\/practicamente-no-queda-nada-por-atacar-en-iran-dice-trump-nid11032026\/\" target=\"_self\" title=\"https:\/\/www.lanacion.com.ar\/estados-unidos\/practicamente-no-queda-nada-por-atacar-en-iran-dice-trump-nid11032026\/\" class=\"com-link break-word\" data-mrf-recirculation=\"n_link_parrafo\">Donald Trump.<\/a><\/p>\n<p class=\"com-paragraph   --s\">De nuevo, gobiernos, europarlamentarios y analistas acusan a la jefa del Ejecutivo comunitario de <strong>extralimitar sus competencias en pol\u00edtica exterior<\/strong> y de querer ser la voz de Europa. A su manera. O, como m\u00ednimo, a la manera de Alemania.<\/p>\n<div class=\"content-media\">\n<section role=\"button\" class=\"mod-media   \">\n<figure role=\"button\" class=\"mod-figure \"><figcaption class=\"mod-figcaption\"><span class=\"com-text --caption --twoxs\">Ursula von der Leyen en la apertura del debate sobre Medio Oriente en el Parlamento Europeo<\/span><span class=\"com-text --credit --twoxs\">Pascal Bastien  &#8211; AP <\/span><\/figcaption><\/figure>\n<\/section>\n<\/div>\n<p class=\"com-paragraph   --s\"><strong>\u201cEuropa ya no puede ser la guardiana del viejo orden mundial, de un mundo que se ha ido y no volver\u00e1\u201d,<\/strong> lanz\u00f3 Von der Leyen en un discurso en el que asegur\u00f3 que pese a que la UE siempre defender\u00e1 el sistema basado en reglas ya no puede confiar en \u00e9l y ya no sirve para defender sus intereses y dar protecci\u00f3n. <\/p>\n<p class=\"com-paragraph   --s\">El presidente del Consejo, <strong>el socialista<\/strong> <strong>Ant\u00f3nio Costa,<\/strong> y tambi\u00e9n la alta representante para Pol\u00edtica Exterior y Seguridad, <strong>la liberal Kaja Kallas,<\/strong> han discrepado.<\/p>\n<p class=\"com-paragraph   --s\">\u201cLos europeos debemos defender el <strong>orden internacional<\/strong> basado en normas. Debemos defender los principios consagrados en la Carta de las Naciones Unidas\u201d, dijo el portugu\u00e9s ante decenas de embajadores europeos en un discurso en el que, a diferencia de Von der Leyen, identific\u00f3 y culp\u00f3 a Estados Unidos (y a Rusia) como esos creadores del nuevo desorden internacional.<\/p>\n<p class=\"com-paragraph   --s\">\u201cEste mundo multipolar requiere soluciones multilaterales. No esferas de influencia donde la pol\u00edtica de poder reemplaza al derecho internacional\u201d, ha remarcado Costa. \u201cNo se deben aceptar<strong> las violaciones del derecho internacional, <\/strong>ni en Ucrania,<a href=\"https:\/\/www.lanacion.com.ar\/el-mundo\/francia-impulsa-ejercicios-militares-en-groenlandia-en-medio-de-la-escalada-con-trump-nid21012026\/\" target=\"_self\" title=\"https:\/\/www.lanacion.com.ar\/el-mundo\/francia-impulsa-ejercicios-militares-en-groenlandia-en-medio-de-la-escalada-con-trump-nid21012026\/\" class=\"com-link break-word\" data-mrf-recirculation=\"n_link_parrafo\"> Groenlandia,<\/a> Am\u00e9rica Latina, \u00c1frica, Gaza ni en Medio Oriente. No se deben tolerar las violaciones de los derechos humanos, ni en Ir\u00e1n, Sud\u00e1n ni Afganist\u00e1n\u201d, ha zanjado el presidente del Consejo.<\/p>\n<div class=\"content-media\">\n<section role=\"button\" class=\"mod-media   \">\n<figure role=\"button\" class=\"mod-figure \"><figcaption class=\"mod-figcaption\"><span class=\"com-text --caption --twoxs\">El presidente del Consejo Europeo, Antonio Costa, contradijo a Von der Leyen <\/span><span class=\"com-text --credit --twoxs\">Omar Havana  &#8211; AP <\/span><\/figcaption><\/figure>\n<\/section>\n<\/div>\n<p class=\"com-paragraph   --s\">Tambi\u00e9n la vicepresidenta comunitaria Teresa Ribera, el gran contrapeso socialista en una Comisi\u00f3n Europea muy derechizada, disinti\u00f3 del argumento de la alemana<strong>. \u201cEs fundamental que hoy Europa defienda con entereza el valor del derecho internacional\u201d,<\/strong> dijo la tambi\u00e9n comisaria para una Transici\u00f3n Limpia, Justa y Competitiva y encargada de Competencia, que, en una entrevista con Onda Cero, coment\u00f3 que la jefa del Ejecutivo comunitario hab\u00eda estado desafortunada en sus palabras.<\/p>\n<p class=\"com-paragraph   --s\">Las palabras de Von der Leyen <strong>\u2013que tambi\u00e9n afirm\u00f3 que \u201cno se debe llorar por el r\u00e9gimen iran\u00ed que ha infligido muerte e impuesto represi\u00f3n a su propio pueblo\u201d\u2013<\/strong> han escamado en varias capitales, entre algunos de los comisarios y en ciertos grupos del Parlamento Europeo, que el lunes reclamaron aclaraciones al Ejecutivo comunitario e, incluso, llegaron a sondear la posibilidad (los socialistas) de imponerle una moci\u00f3n de censura.<\/p>\n<p class=\"com-paragraph   --s\">Ante el aluvi\u00f3n de cr\u00edticas, y apenas dos d\u00edas despu\u00e9s desatada la pol\u00e9mica, la alemana se ha visto obligada a reafirmar ante el Parlamento Europeo que el compromiso con el derecho internacional es <strong>\u201cinquebrantable\u201d.<\/strong><\/p>\n<p class=\"com-paragraph   --s\">\u201cPerm\u00edtanme se\u00f1alar un punto importante: ver el mundo<strong> tal como es <\/strong>no disminuye en modo alguno nuestra determinaci\u00f3n de luchar por el mundo que queremos\u201d, ha intentado puntualizar al abrir este mi\u00e9rcoles durante un debate en el Parlamento Europeo sobre la situaci\u00f3n en Medio Oriente.<\/p>\n<div class=\"content-media\">\n<section role=\"button\" class=\"mod-media   \">\n<figure role=\"button\" class=\"mod-figure \"><figcaption class=\"mod-figcaption\"><span class=\"com-text --caption --twoxs\">Ursula von der Leyen junto al premier israel\u00ed, Benjamin Netanyahu (Archivo) <\/span><span class=\"com-text --credit --twoxs\">&#8211;  &#8211; GPO <\/span><\/figcaption><\/figure>\n<\/section>\n<\/div>\n<p class=\"com-paragraph   --s\">\u201cLa Uni\u00f3n Europea se fund\u00f3 como un proyecto de paz. Nuestro <strong>compromiso inquebrantable<\/strong> con la b\u00fasqueda de la paz, con los principios de la Carta de las Naciones Unidas y con el derecho internacional es tan fundamental hoy como lo era en el momento de nuestra creaci\u00f3n. Y siempre defenderemos estos principios\u201d, ha aseverado la jefa del Ejecutivo europeo.<\/p>\n<p class=\"com-paragraph   --s\">Las aclaraciones y matizaciones de Von der Leyen y su entorno no han logrado, sin embargo, rebajar el<strong> profundo malestar<\/strong> en una buena parte de Bruselas y de las capitales europeas por la actitud, una vez m\u00e1s, proatlantista y proisrael\u00ed de la alemana.<\/p>\n<p class=\"com-paragraph   --s\">Bajo esta nueva pol\u00e9mica subyace otra que se gesta desde hace tiempo: <strong>la voracidad de Von der Leyen, que con distintas acciones est\u00e1 absorbiendo competencias en pol\u00edtica exterior.<\/strong> Una pol\u00e9mica que naci\u00f3 en la anterior legislatura, cuando ya recibi\u00f3 cr\u00edticas de sus comisarios, el de Mercado Interior, <strong>el franc\u00e9s Thierry Breton,<\/strong> y el alto representante para Pol\u00edtica Exterior y Seguridad, <strong>Josep Borrell.<\/strong> <\/p>\n<p class=\"com-paragraph   --s\">Breton ha criticado de nuevo el martes las acciones de la jefa del Ejecutivo comunitario. \u201cCuando la Comisi\u00f3n se comporta como un actor diplom\u00e1tico aut\u00f3nomo<strong>, duplicando o contradiciendo el mensaje de los jefes de Estado y de gobierno,<\/strong> diluye la voz europea\u201d, ha dicho en un largo art\u00edculo publicado en las redes sociales.<\/p>\n<div class=\"content-media\">\n<section role=\"button\" class=\"mod-media   \">\n<figure role=\"button\" class=\"mod-figure \"><figcaption class=\"mod-figcaption\"><span class=\"com-text --caption --twoxs\">Ursula von der Leyen se da la mano con Donald Trump (Archivo)<\/span><span class=\"com-text --credit --twoxs\">Jacquelyn Martin  &#8211; AP <\/span><\/figcaption><\/figure>\n<\/section>\n<\/div>\n<p class=\"com-paragraph   --s\">El gobierno franc\u00e9s le ha lanzado directamente una advertencia, por boca del ministro de Exteriores, Jean-No\u00ebl Barrot, <strong>que ha apelado a los tratados europeos.<\/strong> \u201cLa alta representante dirige la pol\u00edtica exterior y de seguridad com\u00fan de la Uni\u00f3n. Contribuye al desarrollo de esta pol\u00edtica mediante sus propuestas y la implementa como agente del Consejo\u201d, ha dicho. <\/p>\n<p class=\"com-paragraph   --s\">La molestia con Von der Leyen se acumula en pa\u00edses como Francia y en Espa\u00f1a, entre otros. <strong>\u201cEl problema es que no habla para defender una postura com\u00fan sino su postura. No expresa el sentir general\u201d,<\/strong> se\u00f1ala una alta fuente comunitaria. <\/p>\n<p class=\"com-paragraph   --s\">Hace un par de semanas, la alemana ya desat\u00f3 la furia de un buen n\u00famero de pa\u00edses por enviar a la comisaria europea para el Mediterr\u00e1neo, Duvravka Suica, a la ceremonia de inauguraci\u00f3n del controvertido <strong>Consejo de la Paz<\/strong> de Donald Trump, un \u00f3rgano que asegura que busca la paz para Gaza, pero en el que no est\u00e1n representados los gazat\u00edes y s\u00ed est\u00e1n invitados reg\u00edmenes, como el bielorruso o el saud\u00ed, con historiales como m\u00ednimo complicados hacia los derechos humanos. Von der Leyen no pidi\u00f3 permiso ni consensu\u00f3 con las capitales el gesto y la Comisi\u00f3n se escud\u00f3 en que Suica participaba como \u201cobservadora\u201d.<\/p>\n<p class=\"com-paragraph   --s\">Tambi\u00e9n en esto ha diferido Costa de Von der Leyen. El presidente del Consejo Europeo, la figura encargada de dirigir a los jefes de Estado y de Gobierno para establecer las prioridades de la UE y de la representaci\u00f3n de la Uni\u00f3n en el exterior, ha remarcado ante los enviados diplom\u00e1ticos europeos que <strong>cuando alguien trata de reemplazar a la ONU con otra instituci\u00f3n, la Uni\u00f3n no puede participar en sus reuniones.<\/strong> \u201cNi siquiera como observadora\u201d, ha incidido.<\/p>\n<p class=\"com-paragraph   --s\">Como ya ocurri\u00f3 con la guerra de Israel sobre Gaza, tras los atentados del 7 de octubre de 2023, cuando Von der Leyen recibi\u00f3 fuertes cr\u00edticas por viajar a Tel Aviv y dar su respaldo al gobierno de <strong>Benjamin Netanyahu<\/strong> el d\u00eda que el Ej\u00e9rcito israel\u00ed comenzaba el asedio sobre Gaza; el ataque lanzado el 28 de febrero por Trump y Netanyahu sobre Ir\u00e1n ha dejado ver las costuras de una Uni\u00f3n Europea que necesita reformas y fuerza para lidiar con el desorden global avivado por Trump.<\/p>\n<section class=\"container-center-100 mb-40 border border-bottom border-thin border-neutral-light-700\">\n<hr\/>\n<\/section>\n<\/div>\n\n","protected":false},"excerpt":{"rendered":"<p>BRUSELAS.\u2013 No fue tanto el discurso como el derrotismo y la falta de propuestas. Y el traspi\u00e9 jer\u00e1rquico. Las palabras de Ursula von der Leyen, presidenta de la Comisi\u00f3n Europea, que daban por acabado el orden mundial basado en reglas, a la vez que justificaban la guerra lanzada por Estados Unidos e Israel sobre Ir\u00e1n, [&hellip;]<\/p>\n","protected":false},"author":2,"featured_media":0,"comment_status":"closed","ping_status":"closed","sticky":false,"template":"","format":"standard","meta":{"footnotes":""},"categories":[1],"tags":[],"class_list":["post-228906","post","type-post","status-publish","format-standard","hentry","category-uncategorized"],"_links":{"self":[{"href":"https:\/\/radioacuariofm.com.ar\/index.php?rest_route=\/wp\/v2\/posts\/228906","targetHints":{"allow":["GET"]}}],"collection":[{"href":"https:\/\/radioacuariofm.com.ar\/index.php?rest_route=\/wp\/v2\/posts"}],"about":[{"href":"https:\/\/radioacuariofm.com.ar\/index.php?rest_route=\/wp\/v2\/types\/post"}],"author":[{"embeddable":true,"href":"https:\/\/radioacuariofm.com.ar\/index.php?rest_route=\/wp\/v2\/users\/2"}],"replies":[{"embeddable":true,"href":"https:\/\/radioacuariofm.com.ar\/index.php?rest_route=%2Fwp%2Fv2%2Fcomments&post=228906"}],"version-history":[{"count":0,"href":"https:\/\/radioacuariofm.com.ar\/index.php?rest_route=\/wp\/v2\/posts\/228906\/revisions"}],"wp:attachment":[{"href":"https:\/\/radioacuariofm.com.ar\/index.php?rest_route=%2Fwp%2Fv2%2Fmedia&parent=228906"}],"wp:term":[{"taxonomy":"category","embeddable":true,"href":"https:\/\/radioacuariofm.com.ar\/index.php?rest_route=%2Fwp%2Fv2%2Fcategories&post=228906"},{"taxonomy":"post_tag","embeddable":true,"href":"https:\/\/radioacuariofm.com.ar\/index.php?rest_route=%2Fwp%2Fv2%2Ftags&post=228906"}],"curies":[{"name":"wp","href":"https:\/\/api.w.org\/{rel}","templated":true}]}}