{"id":228888,"date":"2026-03-11T17:06:54","date_gmt":"2026-03-11T20:06:54","guid":{"rendered":"https:\/\/radioacuariofm.com.ar\/?p=228888"},"modified":"2026-03-11T17:06:55","modified_gmt":"2026-03-11T20:06:55","slug":"el-insolito-motivo-por-el-cual-el-secretario-de-defensa-de-trump-veto-a-los-fotografos-en-sus-conferencias","status":"publish","type":"post","link":"https:\/\/radioacuariofm.com.ar\/?p=228888","title":{"rendered":"El ins\u00f3lito motivo por el cual el secretario de Defensa de Trump vet\u00f3 a los fot\u00f3grafos en sus conferencias"},"content":{"rendered":"<p> <br \/>\n<\/p>\n<div>\n<p class=\"com-paragraph  --capital --s\">WASHINGOTN.- El Pent\u00e1gono impidi\u00f3 que fot\u00f3grafos de prensa cubrieran las dos \u00faltimas sesiones informativas sobre la guerra en Ir\u00e1n, despu\u00e9s de que el equipo del secretario de Defensa, <a href=\"https:\/\/www.lanacion.com.ar\/el-mundo\/estados-unidos-redobla-la-presion-y-asegura-que-hoy-sera-el-dia-mas-intenso-de-ataques-en-iran-nid10032026\/\" target=\"_self\" title=\"https:\/\/www.lanacion.com.ar\/el-mundo\/estados-unidos-redobla-la-presion-y-asegura-que-hoy-sera-el-dia-mas-intenso-de-ataques-en-iran-nid10032026\/\" class=\"com-link break-word\" data-mrf-recirculation=\"n_link_parrafo\"><strong>Pete Hegseth<\/strong><\/a>, <strong>considerara \u201cpoco favorecedoras\u201d algunas im\u00e1genes previas<\/strong> del funcionario tomadas durante conferencias de prensa.<\/p>\n<p class=\"com-paragraph   --s\">La informaci\u00f3n fue revelada por <a href=\"https:\/\/www.washingtonpost.com\/business\/2026\/03\/11\/hegseth-press-briefings-photos-iran\/\" target=\"_blank\" title=\"https:\/\/www.washingtonpost.com\/business\/2026\/03\/11\/hegseth-press-briefings-photos-iran\/\" class=\"com-link break-word\" data-mrf-recirculation=\"n_link_parrafo\" rel=\"nofollow\"><em>The Washington Post<\/em><\/a>, que cit\u00f3 a dos personas familiarizadas con la decisi\u00f3n y que hablaron bajo condici\u00f3n de anonimato.<\/p>\n<p class=\"com-paragraph   --s\">Hegseth,<strong> <\/strong><a href=\"https:\/\/www.lanacion.com.ar\/el-mundo\/pete-hegseth-el-polemico-exmilitar-y-presentador-de-tv-que-liderara-el-mayor-ejercito-del-mundo-nid25012025\/\" target=\"_self\" title=\"https:\/\/www.lanacion.com.ar\/el-mundo\/pete-hegseth-el-polemico-exmilitar-y-presentador-de-tv-que-liderara-el-mayor-ejercito-del-mundo-nid25012025\/\" class=\"com-link break-word\" data-mrf-recirculation=\"n_link_parrafo\"><strong>expresentador de<\/strong> <strong>Fox News<\/strong><\/a>, ha tenido <strong>repetidos enfrentamientos con la prensa desde que fue confirmado en su cargo <\/strong>al inicio del segundo mandato del presidente norteamericano, <a href=\"https:\/\/www.lanacion.com.ar\/estados-unidos\/regresa-el-servicio-militar-obligatorio-la-casa-blanca-no-descarta-el-draft-ante-la-escalada-de-la-nid11032026\/\" target=\"_self\" title=\"https:\/\/www.lanacion.com.ar\/estados-unidos\/regresa-el-servicio-militar-obligatorio-la-casa-blanca-no-descarta-el-draft-ante-la-escalada-de-la-nid11032026\/\" class=\"com-link break-word\" data-mrf-recirculation=\"n_link_parrafo\"><strong>Donald Trump<\/strong><\/a>. Las tensiones alcanzaron su punto m\u00e1ximo en octubre, cuando cientos de periodistas acreditados ante el Pent\u00e1gono entregaron sus credenciales y decenas abandonaron el edificio<strong> despu\u00e9s de negarse a firmar una pol\u00edtica que prohib\u00eda a los periodistas solicitar cualquier informaci\u00f3n que el gobierno no hubiera autorizado<\/strong>.<\/p>\n<div class=\"content-media\">\n<section role=\"button\" class=\"mod-media   \">\n<figure role=\"button\" class=\"mod-figure \"><figcaption class=\"mod-figcaption\"><span class=\"com-text --caption --twoxs\">El secretario de Defensa de Estados Unidos, Pete Hegseth, en una conferencia de prensa en el Pent\u00e1gono en Washington, el 2 de marzo del 2026<\/span><span class=\"com-text --credit --twoxs\">Mark Schiefelbein &#8211; AP<\/span><\/figcaption><\/figure>\n<\/section>\n<\/div>\n<p class=\"com-paragraph   --s\"><em>The New York Times<\/em> y uno de sus periodistas, <strong>Julian E. Barnes<\/strong>, <a href=\"https:\/\/www.lanacion.com.ar\/estados-unidos\/the-new-york-times-demando-al-pentagono-por-violar-el-derecho-a-la-informacion-nid04122025\/\" target=\"_self\" title=\"https:\/\/www.lanacion.com.ar\/estados-unidos\/the-new-york-times-demando-al-pentagono-por-violar-el-derecho-a-la-informacion-nid04122025\/\" class=\"com-link break-word\" data-mrf-recirculation=\"n_link_parrafo\">demandaron al gobierno<\/a> alegando que esa pol\u00edtica <strong>violaba sus protecciones constitucionales a la libertad de prensa y al debido proceso<\/strong>. El caso sigue en curso, y un juez federal en Washington est\u00e1 evaluando mociones de sentencia sumaria tras los alegatos orales del viernes pasado.<\/p>\n<p class=\"com-paragraph   --s\">Tras el \u00e9xodo masivo de reporteros, estos fueron reemplazados en el Pent\u00e1gono por <strong>otros periodistas que s\u00ed aceptaron las normas <\/strong>y que, en gran medida, <strong>trabajan para medios leales a Trump<\/strong>.<\/p>\n<p class=\"com-paragraph   --s\">Aunque los nuevos acreditados participaron en un encuentro informal con Hegseth en diciembre, hasta la semana pasada el ministro de Defensa <strong>todav\u00eda no hab\u00eda realizado una conferencia informativa frente a c\u00e1mara <\/strong>para ese el grupo de medios.<\/p>\n<p class=\"com-paragraph   --s\"><strong>Eso cambi\u00f3 despu\u00e9s de los ataques en Ir\u00e1n<\/strong>. La <a href=\"https:\/\/www.lanacion.com.ar\/estados-unidos\/los-jefes-militares-de-eeuu-detallaron-cuales-son-sus-objetivos-en-iran-y-advirtieron-que-nid02032026\/\" target=\"_self\" title=\"https:\/\/www.lanacion.com.ar\/estados-unidos\/los-jefes-militares-de-eeuu-detallaron-cuales-son-sus-objetivos-en-iran-y-advirtieron-que-nid02032026\/\" class=\"com-link break-word\" data-mrf-recirculation=\"n_link_parrafo\">conferencia de prensa<\/a> del 2 de marzo de Hegseth y el general <strong>Dan Caine<\/strong>, presidente del Estado Mayor Conjunto, estaba prevista inicialmente solo para los medios recientemente acreditados, pero despu\u00e9s de que el departamento solicitara una c\u00e1mara de televisi\u00f3n a las principales cadenas, <strong>los periodistas que hab\u00edan renunciado a sus credenciales negociaron un acuerdo <\/strong>para que algunos de ellos pudieran entrar a la sala de prensa, seg\u00fan explic\u00f3 el viernes ante el tribunal un abogado de la Asociaci\u00f3n de Prensa del Pent\u00e1gono.<\/p>\n<div class=\"content-media\">\n<section role=\"button\" class=\"mod-media   \">\n<figure role=\"button\" class=\"mod-figure \"><figcaption class=\"mod-figcaption\"><span class=\"com-text --caption --twoxs\">Hegseth y Caine durante una conferencia de prensa en el Pent\u00e1gono, el 4 de marzo de 2026, en Washington<\/span><span class=\"com-text --credit --twoxs\">Konstantin Toropin &#8211; AP<\/span><\/figcaption><\/figure>\n<\/section>\n<\/div>\n<p class=\"com-paragraph   --s\">Varios medios, entre ellos Associated Press, Reuters y Getty Images, consiguieron entonces enviar fot\u00f3grafos a la conferencia.<\/p>\n<p class=\"com-paragraph   --s\">Pero <strong>despu\u00e9s de que publicaran las fotos <\/strong>\u2014que tienen gran alcance porque son distribuidas bajo licencia a publicaciones de todo el mundo\u2014 miembros del equipo de Hegseth dijeron a colegas que<strong> no les hab\u00eda gustado c\u00f3mo se ve\u00eda el secretario en las im\u00e1genes<\/strong>. Los asesores de Hegseth decidieron entonces <strong>excluir a los fot\u00f3grafos de las dos conferencias informativas posteriores<\/strong> en el Pent\u00e1gono, el <strong>4 y el 10 de marzo<\/strong>, seg\u00fan las dos personas al tanto de la decisi\u00f3n.<\/p>\n<p class=\"com-paragraph   --s\">En un comunicado, el secretario de prensa del Pent\u00e1gono, <strong>Kingsley Wilson<\/strong>, escribi\u00f3: \u201cPara utilizar eficazmente el espacio de la sala de prensa del Pent\u00e1gono, <strong>permitimos un representante por medio de comunicaci\u00f3n si no cuenta con acreditaci\u00f3n<\/strong>. Las fotograf\u00edas de las conferencias se publican inmediatamente en l\u00ednea para que el p\u00fablico y la prensa puedan utilizarlas. Si eso perjudica el modelo de negocio de ciertos medios, <strong>deber\u00edan considerar solicitar una acreditaci\u00f3n de prensa del Pent\u00e1gono<\/strong>\u201d.<\/p>\n<div class=\"content-media\">\n<section role=\"button\" class=\"mod-media   \">\n<figure role=\"button\" class=\"mod-figure \"><figcaption class=\"mod-figcaption\"><span class=\"com-text --caption --twoxs\">El secretario de Defensa Pete Hegseth durante una conferencia de prensa el 3 de enero de 2026, en Palm Beach, Florida<\/span><span class=\"com-text --credit --twoxs\">Alex Brandon &#8211; AP<\/span><\/figcaption><\/figure>\n<\/section>\n<\/div>\n<p class=\"com-paragraph   --s\"><em>The Washington Post<\/em> dijo que la principal subsecretaria de prensa de la Casa Blanca, <strong>Anna Kelly<\/strong>, <strong>se neg\u00f3 a comentar la decisi\u00f3n de Hegseth <\/strong>de excluir a los reporteros.<\/p>\n<p class=\"com-paragraph   --s\">\u201c<strong>\u00a1No es cierto! Simplemente no le gust\u00f3 mi comentario<\/strong> porque expone lo poco que <em>The Washington Post <\/em>se preocupa por el acceso de los fot\u00f3grafos\u201d, respondi\u00f3 Kelly a la brevedad en una publicaci\u00f3n en X que mostraba un intercambio por correo electr\u00f3nico con un periodista del medio.<strong> \u201c\u00a1Acaban de despedir a todos sus fot\u00f3grafos de la Casa Blanca!\u201d<\/strong>, agreg\u00f3 la vocera.<\/p>\n<p class=\"com-paragraph   --s\"><strong>No est\u00e1 claro si fue una foto en particular<\/strong> \u2013o el conjunto de im\u00e1genes tomadas en la conferencia del 2 de marzo\u2013 lo que gener\u00f3 malestar entre el equipo de Hegseth. Cuando los fot\u00f3grafos se presentaron para la conferencia del mi\u00e9rcoles pasado,<strong> no se les permiti\u00f3 ingresar<\/strong>, seg\u00fan otras dos personas familiarizadas con la situaci\u00f3n que tambi\u00e9n hablaron bajo condici\u00f3n de anonimato.<\/p>\n<p class=\"com-paragraph   --s\">Desde entonces, <strong>solo los fot\u00f3grafos del propio ministerio de Defensa<\/strong> tienen permitido entrar a las conferencias informativas.<\/p>\n<p class=\"com-paragraph   --s\">\u201cComo el <em>New York Times <\/em>ha dicho desde hace tiempo, es evidente <strong>la importancia y el servicio p\u00fablico de permitir que los periodistas informen plenamente <\/strong>sobre las fuerzas armadas de Estados Unidos\u00bb, declar\u00f3 <strong>Charles Stadtlander<\/strong>, portavoz del medio, a ra\u00edz de la reciente audiencia ante el juez federal de distrito <strong>Paul Friedman<\/strong>. \u201cEsto incluye a los fotoperiodistas, que <strong>merecen acceso y acreditaci\u00f3n para asistir a las sesiones informativas del Pent\u00e1gono<\/strong>\u201c, agreg\u00f3 el vocero.<\/p>\n<p class=\"com-paragraph   --s\">La cobertura del medio de la guerra en Ir\u00e1n llam\u00f3 la atenci\u00f3n de la secretaria de prensa de la Casa Blanca, <strong>Karoline Leavitt<\/strong>, quien dijo el martes que <strong>el gobierno no iba a ser \u201cacosado\u201d por el medio por una investigaci\u00f3n <\/strong>sobre el bombardeo de una escuela primaria femenina en Ir\u00e1n. <strong>Se calcula que murieron 175 personas<\/strong>, entre ellas muchas chicas.<\/p>\n<div class=\"content-media\">\n<section role=\"button\" class=\"mod-media   \">\n<figure role=\"button\" class=\"mod-figure \"><figcaption class=\"mod-figcaption\"><span class=\"com-text --caption --twoxs\">El subjefe de gabinete de la Casa Blanca, Stephen Miller, y Hegseth en el Comando Sur de Estados Unidos, en Doral, Florida, el 5 de marzo de 2026<\/span><span class=\"com-text --credit --twoxs\">Rebecca Blackwell &#8211; AP<\/span><\/figcaption><\/figure>\n<\/section>\n<\/div>\n<p class=\"com-paragraph   --s\">Leavitt se\u00f1al\u00f3 que <strong>Trump aceptar\u00eda la conclusi\u00f3n de la investigaci\u00f3n del ministerio de Defensa <\/strong>sobre qui\u00e9n fue responsable del bombardeo. \u201cNo vamos a ser acosados por el <em>New York Times<\/em>, que ha estado publicando muchos art\u00edculos sobre esto <strong>haciendo afirmaciones que simplemente no han sido verificadas <\/strong>por el Departamento de Guerra\u00bb, expres\u00f3.<\/p>\n<p class=\"com-paragraph   --s\">El medio inform\u00f3 el mi\u00e9rcoles, citando fuentes que hablaron bajo condici\u00f3n de anonimato, que el hallazgo preliminar del gobierno ha concluido que <strong>Estados Unidos fue responsable del bombardeo<\/strong>. El Ej\u00e9rcito cree que us\u00f3 <strong>informaci\u00f3n desactualizada al fijar un objetivo para el misil Tomahawk <\/strong>utilizado en el ataque, indic\u00f3 el reporte.<\/p>\n<p class=\"com-paragraph   --s\"><strong>Agencia AP y diario <\/strong><em><strong>The Washington Post<\/strong><\/em><\/p>\n<section class=\"container-center-100 mb-40 border border-bottom border-thin border-neutral-light-700\">\n<hr\/>\n<\/section>\n<\/div>\n\n","protected":false},"excerpt":{"rendered":"<p>WASHINGOTN.- El Pent\u00e1gono impidi\u00f3 que fot\u00f3grafos de prensa cubrieran las dos \u00faltimas sesiones informativas sobre la guerra en Ir\u00e1n, despu\u00e9s de que el equipo del secretario de Defensa, Pete Hegseth, considerara \u201cpoco favorecedoras\u201d algunas im\u00e1genes previas del funcionario tomadas durante conferencias de prensa. La informaci\u00f3n fue revelada por The Washington Post, que cit\u00f3 a dos [&hellip;]<\/p>\n","protected":false},"author":2,"featured_media":228889,"comment_status":"closed","ping_status":"closed","sticky":false,"template":"","format":"standard","meta":{"footnotes":""},"categories":[1],"tags":[],"class_list":["post-228888","post","type-post","status-publish","format-standard","has-post-thumbnail","hentry","category-uncategorized"],"_links":{"self":[{"href":"https:\/\/radioacuariofm.com.ar\/index.php?rest_route=\/wp\/v2\/posts\/228888","targetHints":{"allow":["GET"]}}],"collection":[{"href":"https:\/\/radioacuariofm.com.ar\/index.php?rest_route=\/wp\/v2\/posts"}],"about":[{"href":"https:\/\/radioacuariofm.com.ar\/index.php?rest_route=\/wp\/v2\/types\/post"}],"author":[{"embeddable":true,"href":"https:\/\/radioacuariofm.com.ar\/index.php?rest_route=\/wp\/v2\/users\/2"}],"replies":[{"embeddable":true,"href":"https:\/\/radioacuariofm.com.ar\/index.php?rest_route=%2Fwp%2Fv2%2Fcomments&post=228888"}],"version-history":[{"count":1,"href":"https:\/\/radioacuariofm.com.ar\/index.php?rest_route=\/wp\/v2\/posts\/228888\/revisions"}],"predecessor-version":[{"id":228890,"href":"https:\/\/radioacuariofm.com.ar\/index.php?rest_route=\/wp\/v2\/posts\/228888\/revisions\/228890"}],"wp:featuredmedia":[{"embeddable":true,"href":"https:\/\/radioacuariofm.com.ar\/index.php?rest_route=\/wp\/v2\/media\/228889"}],"wp:attachment":[{"href":"https:\/\/radioacuariofm.com.ar\/index.php?rest_route=%2Fwp%2Fv2%2Fmedia&parent=228888"}],"wp:term":[{"taxonomy":"category","embeddable":true,"href":"https:\/\/radioacuariofm.com.ar\/index.php?rest_route=%2Fwp%2Fv2%2Fcategories&post=228888"},{"taxonomy":"post_tag","embeddable":true,"href":"https:\/\/radioacuariofm.com.ar\/index.php?rest_route=%2Fwp%2Fv2%2Ftags&post=228888"}],"curies":[{"name":"wp","href":"https:\/\/api.w.org\/{rel}","templated":true}]}}