{"id":228882,"date":"2026-03-11T16:05:53","date_gmt":"2026-03-11T19:05:53","guid":{"rendered":"https:\/\/radioacuariofm.com.ar\/?p=228882"},"modified":"2026-03-11T16:05:54","modified_gmt":"2026-03-11T19:05:54","slug":"un-analista-internacional-hablo-de-la-guerra-asimetrica-en-medio-oriente-y-explico-por-que-es-clave-el-estrecho-de-ormuz","status":"publish","type":"post","link":"https:\/\/radioacuariofm.com.ar\/?p=228882","title":{"rendered":"Un analista internacional habl\u00f3 de la \u201cguerra asim\u00e9trica\u201d en Medio Oriente y explic\u00f3 por qu\u00e9 es clave el estrecho de Ormuz"},"content":{"rendered":"<p> <br \/>\n<\/p>\n<div>\n<p class=\"com-paragraph  --capital --s\">A un a\u00f1o de la guerra que dur\u00f3 12 d\u00edas entre Ir\u00e1n e Israel, <strong>la misma cantidad que se cumple este mi\u00e9rcoles<\/strong>, el conflicto volvi\u00f3 a escalar y ya se expandi\u00f3 a todo <a href=\"https:\/\/www.lanacion.com.ar\/el-mundo\/guerra-en-medio-oriente-un-analista-internacional-explico-por-que-se-trata-de-un-conflicto-con-nid09032026\/\" target=\"_self\" title=\"https:\/\/www.lanacion.com.ar\/el-mundo\/guerra-en-medio-oriente-un-analista-internacional-explico-por-que-se-trata-de-un-conflicto-con-nid09032026\/\" class=\"com-link break-word\" data-mrf-recirculation=\"n_link_parrafo\"><strong>Medio Oriente<\/strong><\/a>. En ese marco, el analista internacional <strong>Andr\u00e9s Repetto<\/strong> explic\u00f3 en <em>LN+ <\/em>las <strong>claves geopol\u00edticas de la escalada<\/strong> y el <strong>rol central que juega el estrecho de Ormuz<\/strong>, una de las rutas m\u00e1s sensibles del comercio mundial. <\/p>\n<p class=\"com-paragraph   --s\">Seg\u00fan se\u00f1al\u00f3, la ofensiva estadounidense sobre esa zona revela que<strong> el conflicto no solo se libra en el plano militar, sino tambi\u00e9n en el pol\u00edtico y comunicacional<\/strong>. Adem\u00e1s, advirti\u00f3 que la guerra ya comienza a impactar en la pol\u00edtica interna de Estados Unidos y en el escenario energ\u00e9tico global.<\/p>\n<div class=\"content-media cursor-pointer container-center-100\">\n<section class=\"media-container relative ratio-16-9 mod-media pb-32\">\n<figure class=\"mod-video\">\n<div class=\"video-player bg-black ratio-16-9\" data-has-jwplayer=\"true\" data-video-id-jw=\"9p7uUwLj\" data-config=\"{&quot;title&quot;:&quot;Andres Repetto en LN+&quot;,&quot;mediaId&quot;:&quot;9p7uUwLj&quot;,&quot;playerId&quot;:&quot;ih0086X3&quot;,&quot;playlist&quot;:[{&quot;mediaid&quot;:&quot;9p7uUwLj&quot;,&quot;sources&quot;:[{&quot;file&quot;:&quot;https:\/\/cdn.jwplayer.com\/manifests\/9p7uUwLj.m3u8&quot;,&quot;type&quot;:&quot;application\/vnd.apple.mpegurl&quot;},{&quot;bitrate&quot;:367069,&quot;file&quot;:&quot;https:\/\/cdn.jwplayer.com\/videos\/9p7uUwLj-kTExGaWf.mp4&quot;,&quot;filesize&quot;:25694846,&quot;framerate&quot;:25,&quot;height&quot;:180,&quot;label&quot;:&quot;180p&quot;,&quot;type&quot;:&quot;video\/mp4&quot;,&quot;width&quot;:320},{&quot;bitrate&quot;:574323,&quot;file&quot;:&quot;https:\/\/cdn.jwplayer.com\/videos\/9p7uUwLj-K8B0kybS.mp4&quot;,&quot;filesize&quot;:40202663,&quot;framerate&quot;:25,&quot;height&quot;:270,&quot;label&quot;:&quot;270p&quot;,&quot;type&quot;:&quot;video\/mp4&quot;,&quot;width&quot;:480},{&quot;bitrate&quot;:1503634,&quot;file&quot;:&quot;https:\/\/cdn.jwplayer.com\/videos\/9p7uUwLj-46NIuRKO.mp4&quot;,&quot;filesize&quot;:105254434,&quot;framerate&quot;:25,&quot;height&quot;:720,&quot;label&quot;:&quot;720p&quot;,&quot;type&quot;:&quot;video\/mp4&quot;,&quot;width&quot;:1280},{&quot;bitrate&quot;:113443,&quot;file&quot;:&quot;https:\/\/cdn.jwplayer.com\/videos\/9p7uUwLj-hz5z2Tv4.m4a&quot;,&quot;filesize&quot;:7941032,&quot;label&quot;:&quot;AAC Audio&quot;,&quot;type&quot;:&quot;audio\/mp4&quot;},{&quot;bitrate&quot;:3013174,&quot;file&quot;:&quot;https:\/\/cdn.jwplayer.com\/videos\/9p7uUwLj-SomplJdm.mp4&quot;,&quot;filesize&quot;:210922193,&quot;framerate&quot;:25,&quot;height&quot;:1080,&quot;label&quot;:&quot;1080p&quot;,&quot;type&quot;:&quot;video\/mp4&quot;,&quot;width&quot;:1920},{&quot;bitrate&quot;:623089,&quot;file&quot;:&quot;https:\/\/cdn.jwplayer.com\/videos\/9p7uUwLj-FnZGUVnC.mp4&quot;,&quot;filesize&quot;:43616273,&quot;framerate&quot;:25,&quot;height&quot;:360,&quot;label&quot;:&quot;360p&quot;,&quot;type&quot;:&quot;video\/mp4&quot;,&quot;width&quot;:640},{&quot;bitrate&quot;:991355,&quot;file&quot;:&quot;https:\/\/cdn.jwplayer.com\/videos\/9p7uUwLj-0G6Pwvlw.mp4&quot;,&quot;filesize&quot;:69394903,&quot;framerate&quot;:25,&quot;height&quot;:540,&quot;label&quot;:&quot;540p&quot;,&quot;type&quot;:&quot;video\/mp4&quot;,&quot;width&quot;:960}]}],&quot;hasAutoplay&quot;:false,&quot;autostart&quot;:true,&quot;tagsUrl&quot;:&quot;https:\/\/pubads.g.doubleclick.net\/gampad\/ads?slotname=\/133919216\/la_nacion_video\/nota\/preroll&amp;sz=640x480|400x300&amp;ciu_szs=300x250&amp;unviewed_position_start=1&amp;output=vast&amp;impl=s&amp;env=vp&amp;gdfp_req=1&amp;ad_rule=0&amp;vad_type=linear&amp;vpos=preroll&amp;cust_params=tags_nuevos%3Dte_guerra_en_medio_oriente%2Cte_estados_unidos%2Cte_donald_trump%2Cte_donald_trump__presidente_de_ee_uu_%2Cte_israel%2Cte_iran%2Cte_ln_%2Cte_audiencia%2Cca_el_mundo%2Cca_ln_%2C%2CEHXMP7FMHRHKFCXLDPSCWDECRA&amp;pod=3&amp;ppos=1&amp;lip=true&amp;min_ad_duration=0&amp;max_ad_duration=30000&amp;vrid=6256&amp;url=https%3A%2F%2Fwww.lanacion.com.ar%2Fel-mundo%2Fun-analista-internacional-hablo-de-la-guerra-asimetrica-en-medio-oriente-y-explico-por-que-es-clave-nid11032026%2F%3Fvariant%3DA&amp;description_url=https%3A%2F%2Fwww.lanacion.com.ar%2Fel-mundo%2Fun-analista-internacional-hablo-de-la-guerra-asimetrica-en-medio-oriente-y-explico-por-que-es-clave-nid11032026%2F%3Fvariant%3DA&amp;video_doc_id=short_onecue&amp;cmsid=496&amp;kfa=0&amp;tfcd=0&amp;correlator=1773255880135&quot;,&quot;arcSite&quot;:&quot;la-nacion-ar&quot;}\">\n<div id=\"facade-9p7uUwLj\" class=\"content-facade-jw relative bg-black ratio-16-9\"><picture><source media=\"(max-width: 767px)\" srcset=\"https:\/\/resizer.glanacion.com\/resizer\/v2\/https%3A%2F%2Fcdn.jwplayer.com%2Fv2%2Fmedia%2F9p7uUwLj%2Fposter.jpg%3Fwidth%3D720?auth=e021d9c15a724e6e6b390fe7614cdf4e78256e7808add5dd1dacbd57bf1708dc&amp;width=480&amp;quality=70&amp;smart=false\"\/><\/picture><\/div>\n<\/div><figcaption class=\"border border-1 border-bottom border-light-300 relative px-16 py-8 min-h-36 w-100_md px-0_l mb-8 bg-white\"><span class=\"text ln-text text-16 block\">Andres Repetto en LN+<\/span><\/figcaption><\/figure>\n<\/section>\n<\/div>\n<p class=\"com-paragraph   --s\">Repetto explic\u00f3 que la estrategia de Ir\u00e1n responde a lo que se conoce como <strong>\u201cguerra asim\u00e9trica\u201d<\/strong>, es decir, un tipo de conflicto en el que<strong> uno de los actores compensa su menor poder militar con t\u00e1cticas indirectas<\/strong>.<\/p>\n<p class=\"com-paragraph   --s\">\u201cCon la ofensiva del Pent\u00e1gono sobre el estrecho de Ormuz, lo que Estados Unidos est\u00e1 diciendo es: <strong>estamos destrozando los buques iran\u00edes que est\u00e1n plantando minas en un paso vital para el petr\u00f3leo<\/strong>. Esto forma parte de lo que se llama guerra asim\u00e9trica entre Ir\u00e1n y Estados Unidos\u201d, explic\u00f3.<\/p>\n<p class=\"com-paragraph   --s\">En ese sentido, remarc\u00f3 que<strong> Teher\u00e1n no tiene la misma capacidad militar que Washington o Israel<\/strong>. \u201cIr\u00e1n no tiene la misma fuerza militar de Israel y Estados Unidos, por eso no le queda otra que estrangular el estrecho por donde pasa no solo el petr\u00f3leo, sino los alimentos y productos qu\u00edmicos que est\u00e1n generando una convulsi\u00f3n mundial\u201d, sostuvo.<\/p>\n<div class=\"content-media\">\n<section role=\"button\" class=\"mod-media   \">\n<figure role=\"button\" class=\"mod-figure \"><figcaption class=\"mod-figcaption\"><span class=\"com-text --caption --twoxs\">Un hombre lamenta la destrucci\u00f3n que lo rodea en Kosovo<\/span><span class=\"com-text --credit --twoxs\">Revista Enraizada<\/span><\/figcaption><\/figure>\n<\/section>\n<\/div>\n<p class=\"com-paragraph   --s\">El analista se\u00f1al\u00f3 que la decisi\u00f3n de minar el estrecho de Ormuz responde a su enorme importancia estrat\u00e9gica para el comercio global. \u201c<strong>Por eso Ir\u00e1n decidi\u00f3 minar Ormuz\u201d<\/strong>, resumi\u00f3 Repetto.<\/p>\n<p class=\"com-paragraph   --s\">Seg\u00fan explic\u00f3, se trata de un punto cr\u00edtico por el que <strong>circulan grandes vol\u00famenes de petr\u00f3leo <\/strong>y otras mercanc\u00edas clave para la econom\u00eda mundial, por lo que cualquier alteraci\u00f3n en ese paso genera un fuerte impacto internacional.<\/p>\n<div class=\"content-media\">\n<section role=\"button\" class=\"mod-media   \">\n<figure role=\"button\" class=\"mod-figure \"><figcaption class=\"mod-figcaption\"><span class=\"com-text --caption --twoxs\">Por el estrecho de Ormuz pasa el 20% del comercio internacional del petr\u00f3leo y el 25% de la producci\u00f3n de gas natural licuado (GNL)<\/span><\/figcaption><\/figure>\n<\/section>\n<\/div>\n<p class=\"com-paragraph   --s\">Repetto advirti\u00f3 que el conflicto no se desarrolla \u00fanicamente en el terreno militar, sino tambi\u00e9n en el plano pol\u00edtico y medi\u00e1tico. <strong>\u201cLa guerra se libra en varios frentes: en lo militar y en las declaraciones de Trump\u201d<\/strong>, afirm\u00f3.<\/p>\n<p class=\"com-paragraph   --s\">Adem\u00e1s, sostuvo que la din\u00e1mica del conflicto est\u00e1 marcada por su impacto medi\u00e1tico. <strong>\u201cEsta es una guerra para los z\u00f3calos de los noticieros: es parte de este conflicto\u201d<\/strong>, se\u00f1al\u00f3.<\/p>\n<p class=\"com-paragraph   --s\">En ese contexto, asegur\u00f3 que el paso del tiempo tambi\u00e9n juega un rol estrat\u00e9gico. <strong>\u201cHoy, el tiempo es el arma m\u00e1s poderosa que vemos en la guerra\u201d<\/strong>, explic\u00f3.<\/p>\n<div class=\"content-media\">\n<section role=\"button\" class=\"mod-media   \">\n<figure role=\"button\" class=\"mod-figure \"><figcaption class=\"mod-figcaption\"><span class=\"com-text --caption --twoxs\">Hace apenas unos d\u00edas, Trump afirm\u00f3 que no detendr\u00eda la guerra hasta la \u00abrendici\u00f3n incondicional\u00bb de Ir\u00e1n<\/span><span class=\"com-text --credit --twoxs\">Getty Images<\/span><\/figcaption><\/figure>\n<\/section>\n<\/div>\n<p class=\"com-paragraph   --s\">El analista tambi\u00e9n se refiri\u00f3 a las consecuencias pol\u00edticas que el conflicto podr\u00eda tener en Estados Unidos. <strong>\u201cLa guerra ya est\u00e1 impactando en el electorado norteamericano: en el discurso de Trump no termina de quedar claro por qu\u00e9 declar\u00f3 la guerra\u201d<\/strong>, indic\u00f3.<\/p>\n<p class=\"com-paragraph   --s\">Incluso, en Washington ya se debate la posibilidad de una operaci\u00f3n militar m\u00e1s amplia. \u201cEn Estados Unidos ya se empieza a hablar de una invasi\u00f3n terrestre para encontrar el grial de este conflicto, que es el uranio enriquecido. Algunos dicen que esto es imposible\u201d, coment\u00f3. <\/p>\n<p class=\"com-paragraph   --s\">Adem\u00e1s, record\u00f3 que muchos especialistas advierten que el poder a\u00e9reo por s\u00ed solo no alcanza para ganar una guerra. <strong>\u201cMuchos especialistas aseguran que una guerra no se puede ganar solo con poder\u00edo a\u00e9reo\u201d<\/strong>, agreg\u00f3.<\/p>\n<div class=\"content-media\">\n<section role=\"button\" class=\"mod-media   \">\n<figure role=\"button\" class=\"mod-figure \"><figcaption class=\"mod-figcaption\"><span class=\"com-text --caption --twoxs\">La influencia de la guerra en Ir\u00e1n sobre los precios del petr\u00f3leo es una carta para Putin<\/span><span class=\"com-text --credit --twoxs\">Getty Images<\/span><\/figcaption><\/figure>\n<\/section>\n<\/div>\n<p class=\"com-paragraph   --s\">Finalmente, Repetto plante\u00f3 que la guerra tambi\u00e9n tiene efectos indirectos en el tablero global. <strong>\u201cPutin se favorece de esta guerra porque esto habilita a que la India le compre petr\u00f3leo a Rusia\u201d<\/strong>, afirm\u00f3. <\/p>\n<p class=\"com-paragraph   --s\">Y concluy\u00f3 con una advertencia sobre el nivel de incertidumbre que rodea al conflicto. <strong>\u201cAc\u00e1 la carta de lo impredecible juega muy fuerte, y Estados Unidos sabe que Ir\u00e1n recibe informaci\u00f3n de la inteligencia rusa\u201d<\/strong>, cerr\u00f3.<\/p>\n<section class=\"container-center-100 mb-40 border border-bottom border-thin border-neutral-light-700\">\n<hr\/>\n<\/section>\n<\/div>\n\n","protected":false},"excerpt":{"rendered":"<p>A un a\u00f1o de la guerra que dur\u00f3 12 d\u00edas entre Ir\u00e1n e Israel, la misma cantidad que se cumple este mi\u00e9rcoles, el conflicto volvi\u00f3 a escalar y ya se expandi\u00f3 a todo Medio Oriente. En ese marco, el analista internacional Andr\u00e9s Repetto explic\u00f3 en LN+ las claves geopol\u00edticas de la escalada y el rol [&hellip;]<\/p>\n","protected":false},"author":2,"featured_media":228883,"comment_status":"closed","ping_status":"closed","sticky":false,"template":"","format":"standard","meta":{"footnotes":""},"categories":[1],"tags":[],"class_list":["post-228882","post","type-post","status-publish","format-standard","has-post-thumbnail","hentry","category-uncategorized"],"_links":{"self":[{"href":"https:\/\/radioacuariofm.com.ar\/index.php?rest_route=\/wp\/v2\/posts\/228882","targetHints":{"allow":["GET"]}}],"collection":[{"href":"https:\/\/radioacuariofm.com.ar\/index.php?rest_route=\/wp\/v2\/posts"}],"about":[{"href":"https:\/\/radioacuariofm.com.ar\/index.php?rest_route=\/wp\/v2\/types\/post"}],"author":[{"embeddable":true,"href":"https:\/\/radioacuariofm.com.ar\/index.php?rest_route=\/wp\/v2\/users\/2"}],"replies":[{"embeddable":true,"href":"https:\/\/radioacuariofm.com.ar\/index.php?rest_route=%2Fwp%2Fv2%2Fcomments&post=228882"}],"version-history":[{"count":1,"href":"https:\/\/radioacuariofm.com.ar\/index.php?rest_route=\/wp\/v2\/posts\/228882\/revisions"}],"predecessor-version":[{"id":228884,"href":"https:\/\/radioacuariofm.com.ar\/index.php?rest_route=\/wp\/v2\/posts\/228882\/revisions\/228884"}],"wp:featuredmedia":[{"embeddable":true,"href":"https:\/\/radioacuariofm.com.ar\/index.php?rest_route=\/wp\/v2\/media\/228883"}],"wp:attachment":[{"href":"https:\/\/radioacuariofm.com.ar\/index.php?rest_route=%2Fwp%2Fv2%2Fmedia&parent=228882"}],"wp:term":[{"taxonomy":"category","embeddable":true,"href":"https:\/\/radioacuariofm.com.ar\/index.php?rest_route=%2Fwp%2Fv2%2Fcategories&post=228882"},{"taxonomy":"post_tag","embeddable":true,"href":"https:\/\/radioacuariofm.com.ar\/index.php?rest_route=%2Fwp%2Fv2%2Ftags&post=228882"}],"curies":[{"name":"wp","href":"https:\/\/api.w.org\/{rel}","templated":true}]}}