{"id":228879,"date":"2026-03-11T15:57:24","date_gmt":"2026-03-11T18:57:24","guid":{"rendered":"https:\/\/radioacuariofm.com.ar\/?p=228879"},"modified":"2026-03-11T15:57:25","modified_gmt":"2026-03-11T18:57:25","slug":"nueva-critica-de-sturzenegger-a-rocca-por-que-operar-con-reglas-diferentes-en-la-argentina","status":"publish","type":"post","link":"https:\/\/radioacuariofm.com.ar\/?p=228879","title":{"rendered":"Nueva cr\u00edtica de Sturzenegger a Rocca: \u201c\u00bfPor qu\u00e9 operar con reglas diferentes en la Argentina?\u00bb"},"content":{"rendered":"<p><\/p>\n<div>\n<p class=\"com-paragraph  --capital --s\">NUEVA YORK.- Luego del nuevo embate de <strong>Javier Milei<\/strong> contra <strong>dos de los empresarios m\u00e1s relevantes de la Argentina, Paolo Rocca y Javier Madanes Quintanilla<\/strong>, ante unos 400 ejecutivos en esta ciudad, el <strong>ministro de Desregulaci\u00f3n y Transformaci\u00f3n del Estado,<\/strong> <strong>Federico Sturzenegger<\/strong>, tambi\u00e9n lanz\u00f3 una <strong>dura cr\u00edtica<\/strong> al<strong> l\u00edder de Techint<\/strong>.<\/p>\n<p class=\"com-paragraph   --s\"><strong>\u201cDemostr\u00f3 que en el mundo puede operar como un emprendedor de clase mundial. \u00bfPor qu\u00e9 operar con reglas diferentes en la Argentina? En su propio pa\u00eds, que los vio crecer y que les dio una plataforma para salir al mundo\u201c<\/strong>, se\u00f1al\u00f3 el ministro en un di\u00e1logo con <strong>Susan Segal<\/strong>, CEO de Americas Society\/Council of the Americas en el marco de la \u201dArgentina Week\u00bb, que se desarrolla en la sede del Bank of America.<\/p>\n<div class=\"content-media\">\n<section role=\"button\" class=\"mod-media   \">\n<figure role=\"button\" class=\"mod-figure \"><figcaption class=\"mod-figcaption\"><span class=\"com-text --caption --twoxs\">El ministro de Desregulaci\u00f3n y Transformaci\u00f3n del Estado, Federico Sturzenegger, habl\u00f3 de Paolo Rocca en la Argentina Week.<\/span><span class=\"com-text --credit --twoxs\">Guillermo Idiart<\/span><\/figcaption><\/figure>\n<\/section>\n<\/div>\n<p class=\"com-paragraph   --s\">\u201c<mark class=\"hl_underline\">Obten\u00e9s rentas regulatorias por US$4000 millones en un producto por 20 a\u00f1os<\/mark>. \u00bfPor qu\u00e9? Porque el gobierno cre\u00f3 una regulaci\u00f3n que dice \u2018sos el \u00fanico que pod\u00e9s vender este producto\u2019.<strong> Despu\u00e9s viene otro gobierno y dice \u2018esto se termin\u00f3\u2019. <\/strong>Como dijo <strong>Javier [Milei] <\/strong>ayer. Vamos a tener desregulaci\u00f3n, competencia. No te vamos a pedir esos US$4000 millones, pero ahora vamos a cambiar el sistema\u00bb, explic\u00f3 Sturzenegger, en ingl\u00e9s.<\/p>\n<p class=\"com-paragraph   --s\"><strong>\u201cY los tipos pelean, y pelean, y pelean, y pelean, y pelean incansablemente para evitar esa desregulaci\u00f3n. Y yo me dije \u2018Wow, qu\u00e9 extra\u00f1o\u2019. <\/strong>O sea, <mark class=\"hl_underline\">ya tienen los US$4000 millones<\/mark>. Den vuelta la p\u00e1gina, el sistema cambi\u00f3, nos movemos a un escenario diferente, pero no est\u00e1n dispuestos a aceptar eso\u201d, a\u00f1adi\u00f3, para luego apuntar contra el CEO de Techint.<\/p>\n<p class=\"com-paragraph   --s\"><strong>\u201cVolviendo al ejemplo de Paolo Rocca, es interesante. Tenemos pocos emprendedores de clase mundial\u201d, <\/strong>dijo. \u201cTuvimos este tema de los tubos, fue una buena oportunidad para que Rocca dijera \u2018OK, pasamos la p\u00e1gina, este es un sistema nuevo, necesitamos competencia, que nuestros insumos sean m\u00e1s baratos, ahora vamos a ser competitivos\u2019. <strong>Pero no obtuvimos ese tipo de reacci\u00f3n, y creo que es una l\u00e1stima. Creo que eventualmente lo lograremos<\/strong>\u201c, dijo. <\/p>\n<p class=\"com-paragraph   --s\">\u201c<mark class=\"hl_underline\">Si los pocos emprendedores de clase mundial que tenemos no abrazan esto<\/mark>, me sorprende. Porque en el largo plazo, <strong>la propuesta de negocio que este Gobierno est\u00e1 haciendo es tremendamente positiva para los negocios<\/strong>. M\u00e1s interesante, m\u00e1s valiosa que quedarse como cazando en el zool\u00f3gico en un mercado muy compartimentado\u201d, a\u00f1adi\u00f3.<\/p>\n<p class=\"com-paragraph   --s\">El martes, el discurso de Milei en el JP Morgan en el que atac\u00f3 a los \u201cempresarios prebendarios\u201d gener\u00f3 <strong>sorpresa y malestar entre muchos de los 400 ejecutivos que lo escucharon en el inicio de la \u201cArgentina Week\u201d<\/strong>, la iniciativa del Gobierno para captar inversiones con un <em>road show <\/em>Nueva York.<\/p>\n<p class=\"com-paragraph   --s\">\u201cTodos saben que en las \u00faltimas semanas tuve <strong>confrontaciones abiertas con Rocca, con Madanes Quintanilla<\/strong>. <strong>Son empresarios prebendarios<\/strong>\u201c, dispar\u00f3 el mandatario, ante un auditorio repleto.<\/p>\n<div class=\"content-media\">\n<section role=\"button\" class=\"mod-media   \">\n<figure role=\"button\" class=\"mod-figure \"><figcaption class=\"mod-figcaption\"><span class=\"com-text --caption --twoxs\">El presidente Javier Milei en Nueva York.<\/span><\/figcaption><\/figure>\n<\/section>\n<\/div>\n<p class=\"com-paragraph   --s\"><strong>Luego de esos duros ataques del Presidente, <\/strong>la Uni\u00f3n Industrial Argentina (UIA) manifest\u00f3 su <strong>\u201cprofundo malestar y preocupaci\u00f3n\u201d<\/strong>, habl\u00f3 de un \u201cagravio injusto\u201d, neg\u00f3 que haya delitos o denuncias en la Justicia y alert\u00f3 por el impacto en el clima de negocios en momentos en que la Argentina est\u00e1 buscando inversiones en el mundo. <\/p>\n<p class=\"com-paragraph   --s\">\u201cDesde la Uni\u00f3n Industrial Argentina expresamos<strong> nuestro profundo malestar y preocupaci\u00f3n por las declaraciones del presidente Javier Milei,<\/strong> en las que calific\u00f3 a \u2018aquellos que defienden la industria nacional\u2019 -es decir, tambi\u00e9n los industriales argentinos- con <strong>expresiones que creemos injustas e infundadas <\/strong>porque distorsionan el rol que ha tenido y tiene la industria en la historia econ\u00f3mica y social del pa\u00eds\u201d, esgrimi\u00f3 la entidad en un comunicado.<\/p>\n<section class=\"container-center-100 mb-40 border border-bottom border-thin border-neutral-light-700\">\n<hr\/>\n<\/section>\n<\/div>\n","protected":false},"excerpt":{"rendered":"<p>NUEVA YORK.- Luego del nuevo embate de Javier Milei contra dos de los empresarios m\u00e1s relevantes de la Argentina, Paolo Rocca y Javier Madanes Quintanilla, ante unos 400 ejecutivos en esta ciudad, el ministro de Desregulaci\u00f3n y Transformaci\u00f3n del Estado, Federico Sturzenegger, tambi\u00e9n lanz\u00f3 una dura cr\u00edtica al l\u00edder de Techint. \u201cDemostr\u00f3 que en el [&hellip;]<\/p>\n","protected":false},"author":2,"featured_media":228880,"comment_status":"closed","ping_status":"closed","sticky":false,"template":"","format":"standard","meta":{"footnotes":""},"categories":[28],"tags":[],"class_list":["post-228879","post","type-post","status-publish","format-standard","has-post-thumbnail","hentry","category-economia"],"_links":{"self":[{"href":"https:\/\/radioacuariofm.com.ar\/index.php?rest_route=\/wp\/v2\/posts\/228879","targetHints":{"allow":["GET"]}}],"collection":[{"href":"https:\/\/radioacuariofm.com.ar\/index.php?rest_route=\/wp\/v2\/posts"}],"about":[{"href":"https:\/\/radioacuariofm.com.ar\/index.php?rest_route=\/wp\/v2\/types\/post"}],"author":[{"embeddable":true,"href":"https:\/\/radioacuariofm.com.ar\/index.php?rest_route=\/wp\/v2\/users\/2"}],"replies":[{"embeddable":true,"href":"https:\/\/radioacuariofm.com.ar\/index.php?rest_route=%2Fwp%2Fv2%2Fcomments&post=228879"}],"version-history":[{"count":1,"href":"https:\/\/radioacuariofm.com.ar\/index.php?rest_route=\/wp\/v2\/posts\/228879\/revisions"}],"predecessor-version":[{"id":228881,"href":"https:\/\/radioacuariofm.com.ar\/index.php?rest_route=\/wp\/v2\/posts\/228879\/revisions\/228881"}],"wp:featuredmedia":[{"embeddable":true,"href":"https:\/\/radioacuariofm.com.ar\/index.php?rest_route=\/wp\/v2\/media\/228880"}],"wp:attachment":[{"href":"https:\/\/radioacuariofm.com.ar\/index.php?rest_route=%2Fwp%2Fv2%2Fmedia&parent=228879"}],"wp:term":[{"taxonomy":"category","embeddable":true,"href":"https:\/\/radioacuariofm.com.ar\/index.php?rest_route=%2Fwp%2Fv2%2Fcategories&post=228879"},{"taxonomy":"post_tag","embeddable":true,"href":"https:\/\/radioacuariofm.com.ar\/index.php?rest_route=%2Fwp%2Fv2%2Ftags&post=228879"}],"curies":[{"name":"wp","href":"https:\/\/api.w.org\/{rel}","templated":true}]}}