{"id":228876,"date":"2026-03-11T15:14:23","date_gmt":"2026-03-11T18:14:23","guid":{"rendered":"https:\/\/radioacuariofm.com.ar\/?p=228876"},"modified":"2026-03-11T15:14:24","modified_gmt":"2026-03-11T18:14:24","slug":"san-juan-abre-las-inscripciones-para-el-concurso-provincial-de-ingreso-a-las-residencias-en-salud-2026","status":"publish","type":"post","link":"https:\/\/radioacuariofm.com.ar\/?p=228876","title":{"rendered":"San Juan abre las inscripciones para el Concurso Provincial de Ingreso a las Residencias en Salud 2026"},"content":{"rendered":"<p><\/p>\n<div>\n<p>La Secci\u00f3n Residencias de la Direcci\u00f3n de Recursos Tecnol\u00f3gicos e Innovaci\u00f3n en Salud, dependiente de la Secretar\u00eda de Planeamiento y Control de Gesti\u00f3n, comunic\u00f3 que las inscripciones para el Concurso Provincial de Ingreso a las Residencias en Salud 2026 se habilitar\u00e1n del 11 de marzo al 10 de abril y que el examen de ingreso se realizar\u00e1 el 28 de mayo.<\/p>\n<p>Asimismo, se detallan a continuaci\u00f3n los requisitos que los postulantes deber\u00e1n presentar para acceder al examen.<\/p>\n<p>Los siguientes requisitos deber\u00e1n entregarse en una Carpeta A4 con frente transparente identificada con car\u00e1tula en la que conste: apellido y nombre; DNI; domicilio; tel\u00e9fonos; mail; especialidad para la cual se presenta como postulante y a\u00f1o de la convocatoria.<\/p>\n<p>&#8211; T\u00edtulo profesional o certificado de t\u00edtulo en tr\u00e1mite: fotocopia legalizada del t\u00edtulo profesional habilitante o certificado de t\u00edtulo en tr\u00e1mite, otorgado por universidad nacional p\u00fablica o privada habilitada por el Estado Nacional.<\/p>\n<p>&#8211; T\u00edtulo profesional extranjero: fotocopia legalizada del t\u00edtulo profesional habilitante, otorgado por universidad extranjera con la correspondiente rev\u00e1lida de universidad nacional y Ministerio de Educaci\u00f3n de la Naci\u00f3n, legalizado por autoridad universitaria competente.<\/p>\n<p>&#8211; Certificado anal\u00edtico definitivo o provisorio: fotocopia legalizada del certificado anal\u00edtico de estudio definitivo o provisorio, debiendo constar en \u00e9l, promedio final de la carrera, incluyendo los aplazos. Este certificado deber\u00e1 ser expedido por autoridad universitaria de competencia y legalizado por la universidad respectiva. No tienen validez puntajes conceptuales, ni ning\u00fan otro agregado que no sea promediado como lo son los puntos por internado rotatorio o cualquier figura similar.<\/p>\n<p>&#8211; Fotocopia de DNI: frente y dorso del Documento Nacional de Identidad (legalizada).<\/p>\n<p>&#8211; Certificado de reincidencia o constancia de su tr\u00e1mite (art. 8, Ley 22117): provisto por el Registro Nacional de Reincidencia del Ministerio de Justicia, Seguridad y Derechos Humanos de la Naci\u00f3n. En original y fecha actualizada (www.dnrec.jus.gov.ar).<\/p>\n<p>&#8211; Certificados de salud psicof\u00edsica actualizados: expedidos por autoridad sanitaria del sector p\u00fablico o privado (certificado ps\u00edquico por profesional psic\u00f3logo y certificado cl\u00ednico por profesional m\u00e9dico).<\/p>\n<p>&#8211; Antig\u00fcedad: para residencias b\u00e1sicas se debe registrar antig\u00fcedad no superior a diez (10) a\u00f1os de obtenido su t\u00edtulo universitario habilitante, mientras que para las residencias post-b\u00e1sicas el plazo ser\u00e1 de hasta quince (15) a\u00f1os o menos desde el momento de obtenci\u00f3n del t\u00edtulo de grado.  El c\u00e1lculo ser\u00e1 computado desde la fecha de expedici\u00f3n del t\u00edtulo respectivo a la fecha de cierre de la inscripci\u00f3n del concurso en el que se postule. Para aquellos aspirantes que hayan realizado su formaci\u00f3n de grado en el extranjero, se tiene en cuenta la fecha de expedici\u00f3n del t\u00edtulo de su universidad de origen, sin que tenga validez la fecha de la convalidaci\u00f3n del mismo.<\/p>\n<p>&#8211; Segunda residencia: quedan incluidos en la presente convocatoria aquellos profesionales que previamente hubieren completado una residencia sea b\u00e1sica, post b\u00e1sica o articulada, en instituciones y\/o universidades nacionales, provinciales o privadas, reconocida y acreditada por organismos espec\u00edficos que garantizan la calidad de la formaci\u00f3n, sea Ministerio de Salud de la Naci\u00f3n, Ministerio de Educaci\u00f3n de la Naci\u00f3n, sociedades cient\u00edficas.<\/p>\n<p>&#8211; Arraigo regional: para certificar el arraigo regional el postulante debe acreditar domicilio en la Provincia de San Juan mediante su DNI, caso contrario debe presentar partida de nacimiento, certificado de residencia o constancia de voto que acredite un m\u00ednimo de permanencia de 2 a\u00f1os en la Provincia de San Juan.<\/p>\n<p>&#8211; Constancia actualizada de CUIL (www.anses.gov.ar).<\/p>\n<p>Todas las copias deben estar legalizadas en la oficina del Registro de Profesionales en el 3\u00b0 piso del Centro C\u00edvico, de lunes a viernes de 8 a 12 h, para lo cual deben ser presentadas con su respectivo original.<\/p>\n<p>Para la convocatoria a concurso 2026 solo pueden inscribirse enfermeros que hayan completado el ciclo de grado universitario (licenciados en Enfermer\u00eda).<\/p>\n<p>Consultar normas legales: Resoluci\u00f3n N\u00b0 5275-MSP-2023 \u201cReglamento B\u00e1sico General para Residencias del Equipo de Salud de la Provincia de San Juan\u201d &#8211; Anexo I &#8211; Cap\u00edtulos 3, 5, 6, 7 y 8 \u2013 y Resoluci\u00f3n N\u00b0 1134-MS-2026 \u201cBases para el Concurso Provincial de Ingreso a las Residencias en Salud de la Provincia de San Juan \u2013 Ciclo 2026 &#8211; Anexo I\u201d.<\/p>\n<p>Ante cualquier consulta comunicarse con la Secci\u00f3n Residencias del Ministerio de Salud 3\u00b0 piso, N\u00facleo 2, Centro C\u00edvico, tel\u00e9fono 4305511, email: <span id=\"cloakd7d5812a146b00c183763581cae1e611\">Esta direcci\u00f3n de correo electr\u00f3nico est\u00e1 siendo protegida contra los robots de spam. Necesita tener JavaScript habilitado para poder verlo.<\/span><\/p>\n<\/p><\/div>\n<p><script async defer crossorigin=\"anonymous\" src=\"https:\/\/connect.facebook.net\/es_ES\/sdk.js#xfbml=1&#038;version=v3.3\"><\/script><\/p>\n","protected":false},"excerpt":{"rendered":"<p>La Secci\u00f3n Residencias de la Direcci\u00f3n de Recursos Tecnol\u00f3gicos e Innovaci\u00f3n en Salud, dependiente de la Secretar\u00eda de Planeamiento y Control de Gesti\u00f3n, comunic\u00f3 que las inscripciones para el Concurso Provincial de Ingreso a las Residencias en Salud 2026 se habilitar\u00e1n del 11 de marzo al 10 de abril y que el examen de ingreso [&hellip;]<\/p>\n","protected":false},"author":2,"featured_media":228877,"comment_status":"closed","ping_status":"closed","sticky":false,"template":"","format":"standard","meta":{"footnotes":""},"categories":[27],"tags":[],"class_list":["post-228876","post","type-post","status-publish","format-standard","has-post-thumbnail","hentry","category-san-juan"],"_links":{"self":[{"href":"https:\/\/radioacuariofm.com.ar\/index.php?rest_route=\/wp\/v2\/posts\/228876","targetHints":{"allow":["GET"]}}],"collection":[{"href":"https:\/\/radioacuariofm.com.ar\/index.php?rest_route=\/wp\/v2\/posts"}],"about":[{"href":"https:\/\/radioacuariofm.com.ar\/index.php?rest_route=\/wp\/v2\/types\/post"}],"author":[{"embeddable":true,"href":"https:\/\/radioacuariofm.com.ar\/index.php?rest_route=\/wp\/v2\/users\/2"}],"replies":[{"embeddable":true,"href":"https:\/\/radioacuariofm.com.ar\/index.php?rest_route=%2Fwp%2Fv2%2Fcomments&post=228876"}],"version-history":[{"count":1,"href":"https:\/\/radioacuariofm.com.ar\/index.php?rest_route=\/wp\/v2\/posts\/228876\/revisions"}],"predecessor-version":[{"id":228878,"href":"https:\/\/radioacuariofm.com.ar\/index.php?rest_route=\/wp\/v2\/posts\/228876\/revisions\/228878"}],"wp:featuredmedia":[{"embeddable":true,"href":"https:\/\/radioacuariofm.com.ar\/index.php?rest_route=\/wp\/v2\/media\/228877"}],"wp:attachment":[{"href":"https:\/\/radioacuariofm.com.ar\/index.php?rest_route=%2Fwp%2Fv2%2Fmedia&parent=228876"}],"wp:term":[{"taxonomy":"category","embeddable":true,"href":"https:\/\/radioacuariofm.com.ar\/index.php?rest_route=%2Fwp%2Fv2%2Fcategories&post=228876"},{"taxonomy":"post_tag","embeddable":true,"href":"https:\/\/radioacuariofm.com.ar\/index.php?rest_route=%2Fwp%2Fv2%2Ftags&post=228876"}],"curies":[{"name":"wp","href":"https:\/\/api.w.org\/{rel}","templated":true}]}}