{"id":228873,"date":"2026-03-11T15:04:50","date_gmt":"2026-03-11T18:04:50","guid":{"rendered":"https:\/\/radioacuariofm.com.ar\/?p=228873"},"modified":"2026-03-11T15:04:52","modified_gmt":"2026-03-11T18:04:52","slug":"la-dramatica-medida-que-tomo-espana-en-plena-crisis-diplomatica-con-israel","status":"publish","type":"post","link":"https:\/\/radioacuariofm.com.ar\/?p=228873","title":{"rendered":"La dram\u00e1tica medida que tom\u00f3 Espa\u00f1a en plena crisis diplom\u00e1tica con Israel"},"content":{"rendered":"<p> <br \/>\n<\/p>\n<div>\n<p class=\"com-paragraph  --capital --s\">MADRID.\u2013 El gobierno de Espa\u00f1a oficializ\u00f3 este mi\u00e9rcoles el <strong>cese definitivo de las funciones de su embajadora en Israel, Ana Mar\u00eda S\u00e1lomon P\u00e9rez<\/strong>, en un <a href=\"https:\/\/www.lanacion.com.ar\/el-mundo\/pedro-sanchez-le-nego-a-eeuu-el-uso-de-de-bases-aereas-conjuntas-en-espana-para-operaciones-contra-nid02032026\/\" target=\"_self\" title=\"https:\/\/www.lanacion.com.ar\/el-mundo\/pedro-sanchez-le-nego-a-eeuu-el-uso-de-de-bases-aereas-conjuntas-en-espana-para-operaciones-contra-nid02032026\/\" class=\"com-link break-word\" data-mrf-recirculation=\"n_link_parrafo\">nuevo episodio de la crisis diplom\u00e1tica<\/a> entre ambos pa\u00edses.<\/p>\n<p class=\"com-paragraph   --s\">La decisi\u00f3n fue formalizada a trav\u00e9s de un Real Decreto <strong>firmado por el rey Felipe VI<\/strong> y publicado en el Bolet\u00edn Oficial del Estado (BOE). Con ese paso administrativo, el Ejecutivo de <strong>Pedro S\u00e1nchez<\/strong> termin\u00f3 de institucionalizar una ruptura que en la pr\u00e1ctica ya se hab\u00eda consolidado meses atr\u00e1s.<\/p>\n<p class=\"com-paragraph   --s\">La diplom\u00e1tica permanec\u00eda en Madrid desde septiembre de 2025, cuando la Canciller\u00eda espa\u00f1ola la llam\u00f3 a consultas en medio de <strong>una disputa con el gobierno israel\u00ed por las restricciones impuestas al transporte de armas con destino a Israel<\/strong>. <\/p>\n<p class=\"com-paragraph   --s\">Aquella medida del Ejecutivo prohibi\u00f3 el uso de puertos y del espacio a\u00e9reo espa\u00f1ol para buques o aeronaves que transportaran material b\u00e9lico destinado a la ofensiva militar israel\u00ed, lo que provoc\u00f3 un fuerte rechazo de las autoridades en Tel Aviv.<\/p>\n<div class=\"content-media\">\n<section role=\"button\" class=\"mod-media   \">\n<figure role=\"button\" class=\"mod-figure \"><figcaption class=\"mod-figcaption\"><span class=\"com-text --caption --twoxs\">El presidente de gobierno de Espa\u00f1a Pedro S\u00e1nchez<\/span><span class=\"com-text --credit --twoxs\">Bernat Armangue &#8211; AP<\/span><\/figcaption><\/figure>\n<\/section>\n<\/div>\n<p class=\"com-paragraph   --s\">La tensi\u00f3n bilateral volvi\u00f3 a escalar en los \u00faltimos d\u00edas a ra\u00edz de la <strong>postura adoptada por Madrid<\/strong> frente a <a href=\"https:\/\/www.lanacion.com.ar\/el-mundo\/estados-unidos-dijo-que-ataco-al-menos-16-buques-iranies-en-el-estrecho-de-ormuz-nid11032026\/\" target=\"_self\" title=\"https:\/\/www.lanacion.com.ar\/el-mundo\/estados-unidos-dijo-que-ataco-al-menos-16-buques-iranies-en-el-estrecho-de-ormuz-nid11032026\/\" class=\"com-link break-word\" data-mrf-recirculation=\"n_link_parrafo\">los ataques conjuntos de Estados Unidos e Israel contra Ir\u00e1n<\/a>. <\/p>\n<p class=\"com-paragraph   --s\">El presidente S\u00e1nchez, de perfil socialista, reiter\u00f3 su rechazo a esas operaciones militares, lo que desencaden\u00f3 una dura reacci\u00f3n del ministro de Exteriores israel\u00ed, Gideon Sa\u2019ar. <\/p>\n<p class=\"com-paragraph   --s\">El funcionario del gobierno de <strong>Benjamin Netanyahu<\/strong> acus\u00f3 al mandatario espa\u00f1ol de ser \u201c<strong>antisemita<\/strong>\u201d y \u201c<strong>mentiroso<\/strong>\u201d, adem\u00e1s de afirmar que Espa\u00f1a se estaba \u201cponiendo del lado de los tiranos\u201d por su oposici\u00f3n a la ofensiva.<\/p>\n<p class=\"com-paragraph   --s\">Sin embargo, el deterioro del v\u00ednculo se remonta a un proceso m\u00e1s largo. El punto de inflexi\u00f3n lleg\u00f3 en mayo de 2024, cuando <strong>Espa\u00f1a reconoci\u00f3 oficialmente al Estado de Palestina<\/strong>. En respuesta, Israel retir\u00f3 a su embajador en Madrid en se\u00f1al de protesta. Desde entonces, ambas representaciones diplom\u00e1ticas funcionan bajo la conducci\u00f3n de encargados de negocios, una figura de menor rango que refleja la degradaci\u00f3n del di\u00e1logo pol\u00edtico entre los dos gobiernos.<\/p>\n<p class=\"com-paragraph   --s\">En el contexto europeo, Espa\u00f1a se convirti\u00f3 en <strong>una de las voces m\u00e1s cr\u00edticas hacia la conducci\u00f3n de Netanyahu<\/strong>.<\/p>\n<p class=\"com-paragraph   --s\"> <a href=\"https:\/\/www.lanacion.com.ar\/el-mundo\/gaza-esta-triturada-el-dramatico-relato-del-sacerdote-argentino-que-sigue-en-la-franja-nid08032026\/\" target=\"_self\" title=\"https:\/\/www.lanacion.com.ar\/el-mundo\/gaza-esta-triturada-el-dramatico-relato-del-sacerdote-argentino-que-sigue-en-la-franja-nid08032026\/\" class=\"com-link break-word\" data-mrf-recirculation=\"n_link_parrafo\">La ofensiva militar israel\u00ed en la Franja de Gaza<\/a>, iniciada tras el ataque del grupo terrorista Ham\u00e1s del 7 de octubre de 2023, fue denunciada en repetidas ocasiones por el gobierno espa\u00f1ol, que incluso impuls\u00f3 iniciativas internacionales para frenar lo que calific\u00f3 como un \u201c<strong>genocidio<\/strong>\u201d.<\/p>\n<div class=\"content-media\">\n<section role=\"button\" class=\"mod-media   \">\n<figure role=\"button\" class=\"mod-figure \"><figcaption class=\"mod-figcaption\"><span class=\"com-text --caption --twoxs\">El primer ministro israel\u00ed, Benjamin Netanyahu<\/span><span class=\"com-text --credit --twoxs\">Abir Sultan &#8211; Pool EPA<\/span><\/figcaption><\/figure>\n<\/section>\n<\/div>\n<p class=\"com-paragraph   --s\">Uno de los episodios que irrit\u00f3 particularmente a la dirigencia israel\u00ed fue el <strong>elogio de S\u00e1nchez a un grupo de manifestantes propalestinos que interrumpieron el desarrollo de la Vuelta ciclista a Espa\u00f1a<\/strong> en se\u00f1al de protesta. <\/p>\n<p class=\"com-paragraph   --s\">El presidente expres\u00f3 su \u201cadmiraci\u00f3n\u201d por la acci\u00f3n, lo que gener\u00f3 una inmediata condena de Sa\u2019ar, que interpret\u00f3 esas palabras como una legitimaci\u00f3n de posiciones hostiles hacia Israel.<\/p>\n<p class=\"com-paragraph   --s\">El Real Decreto publicado este mi\u00e9rcoles establece que, en caso de una eventual normalizaci\u00f3n del v\u00ednculo, <strong>Espa\u00f1a deber\u00e1 proponer un nuevo candidato para encabezar su misi\u00f3n diplom\u00e1tica en Tel Aviv<\/strong>. Ese nombre deber\u00e1 recibir el benepl\u00e1cito del gobierno israel\u00ed y presentar las correspondientes cartas credenciales ante el presidente del pa\u00eds para asumir el cargo.<\/p>\n<p class=\"com-paragraph   --s\">Por ahora, sin embargo, la jefatura de la embajada espa\u00f1ola <strong>permanece vacante<\/strong>. En el decreto, el rey Felipe VI agradeci\u00f3 a S\u00e1lomon P\u00e9rez por \u201clos servicios prestados\u201d, dando por finalizada formalmente su misi\u00f3n.<\/p>\n<div class=\"content-media\">\n<section role=\"button\" class=\"mod-media   \">\n<figure role=\"button\" class=\"mod-figure \"><figcaption class=\"mod-figcaption\"><span class=\"com-text --caption --twoxs\">El ministro de Exteriores de Israel, Gideon Saar<\/span><span class=\"com-text --credit --twoxs\">Emmanuel Dunand &#8211; POOL AFP<\/span><\/figcaption><\/figure>\n<\/section>\n<\/div>\n<p class=\"com-paragraph   --s\">La decisi\u00f3n confirma el punto m\u00e1s cr\u00edtico en la relaci\u00f3n entre Madrid y Tel Aviv en d\u00e9cadas. Mientras el gobierno de S\u00e1nchez insiste en una pol\u00edtica exterior centrada en la soluci\u00f3n de dos Estados y el fin de las hostilidades en Medio Oriente, Israel sostiene que esas posiciones solo favorecen a sus adversarios en la regi\u00f3n.<\/p>\n<p class=\"com-paragraph   --s\">Y Estados Unidos, que con el gobierno de Donald Trump ha tenido rispideces con S\u00e1nchez en los \u00faltimos meses, tambi\u00e9n sostiene una posici\u00f3n confrontativa con el presidente del gobierno espa\u00f1ol. <\/p>\n<p class=\"com-paragraph   --s\">\u201cCreo que<strong> Espa\u00f1a ha sido muy mala. <\/strong>Puede que cortemos el comercio con ellos. No s\u00e9 qu\u00e9 est\u00e1 haciendo Espa\u00f1a, no entiendo. Han sido muy malos con la OTAN, pero reciben protecci\u00f3n. No quieren pagar la parte que les corresponde. Y llevan muchos a\u00f1os as\u00ed\u201d, dijo esta ma\u00f1ana el mandatario estadounidense.<\/p>\n<p class=\"com-paragraph   --s\">La salida de la embajadora, en t\u00e9rminos diplom\u00e1ticos, consolida un proceso de distanciamiento que por ahora no muestra se\u00f1ales de revertirse en el corto plazo.<\/p>\n<p class=\"com-paragraph   --s\"><strong>Agencias ANSA y Reuters<\/strong><\/p>\n<section class=\"container-center-100 mb-40 border border-bottom border-thin border-neutral-light-700\">\n<hr\/>\n<\/section>\n<\/div>\n\n","protected":false},"excerpt":{"rendered":"<p>MADRID.\u2013 El gobierno de Espa\u00f1a oficializ\u00f3 este mi\u00e9rcoles el cese definitivo de las funciones de su embajadora en Israel, Ana Mar\u00eda S\u00e1lomon P\u00e9rez, en un nuevo episodio de la crisis diplom\u00e1tica entre ambos pa\u00edses. La decisi\u00f3n fue formalizada a trav\u00e9s de un Real Decreto firmado por el rey Felipe VI y publicado en el Bolet\u00edn [&hellip;]<\/p>\n","protected":false},"author":2,"featured_media":228874,"comment_status":"closed","ping_status":"closed","sticky":false,"template":"","format":"standard","meta":{"footnotes":""},"categories":[1],"tags":[],"class_list":["post-228873","post","type-post","status-publish","format-standard","has-post-thumbnail","hentry","category-uncategorized"],"_links":{"self":[{"href":"https:\/\/radioacuariofm.com.ar\/index.php?rest_route=\/wp\/v2\/posts\/228873","targetHints":{"allow":["GET"]}}],"collection":[{"href":"https:\/\/radioacuariofm.com.ar\/index.php?rest_route=\/wp\/v2\/posts"}],"about":[{"href":"https:\/\/radioacuariofm.com.ar\/index.php?rest_route=\/wp\/v2\/types\/post"}],"author":[{"embeddable":true,"href":"https:\/\/radioacuariofm.com.ar\/index.php?rest_route=\/wp\/v2\/users\/2"}],"replies":[{"embeddable":true,"href":"https:\/\/radioacuariofm.com.ar\/index.php?rest_route=%2Fwp%2Fv2%2Fcomments&post=228873"}],"version-history":[{"count":1,"href":"https:\/\/radioacuariofm.com.ar\/index.php?rest_route=\/wp\/v2\/posts\/228873\/revisions"}],"predecessor-version":[{"id":228875,"href":"https:\/\/radioacuariofm.com.ar\/index.php?rest_route=\/wp\/v2\/posts\/228873\/revisions\/228875"}],"wp:featuredmedia":[{"embeddable":true,"href":"https:\/\/radioacuariofm.com.ar\/index.php?rest_route=\/wp\/v2\/media\/228874"}],"wp:attachment":[{"href":"https:\/\/radioacuariofm.com.ar\/index.php?rest_route=%2Fwp%2Fv2%2Fmedia&parent=228873"}],"wp:term":[{"taxonomy":"category","embeddable":true,"href":"https:\/\/radioacuariofm.com.ar\/index.php?rest_route=%2Fwp%2Fv2%2Fcategories&post=228873"},{"taxonomy":"post_tag","embeddable":true,"href":"https:\/\/radioacuariofm.com.ar\/index.php?rest_route=%2Fwp%2Fv2%2Ftags&post=228873"}],"curies":[{"name":"wp","href":"https:\/\/api.w.org\/{rel}","templated":true}]}}