{"id":228864,"date":"2026-03-11T14:22:10","date_gmt":"2026-03-11T17:22:10","guid":{"rendered":"https:\/\/radioacuariofm.com.ar\/?p=228864"},"modified":"2026-03-11T14:22:11","modified_gmt":"2026-03-11T17:22:11","slug":"la-unidad-operativa-teresa-de-calcuta-celebro-su-13-aniversario","status":"publish","type":"post","link":"https:\/\/radioacuariofm.com.ar\/?p=228864","title":{"rendered":"La Unidad Operativa Teresa de Calcuta celebr\u00f3 su 13\u00b0 aniversario"},"content":{"rendered":"<p><\/p>\n<div>\n<p>La Unidad Operativa Teresa de Calcuta de Pocito celebr\u00f3 su 13\u00b0 aniversario con un acto en el que se reconoci\u00f3 la tarea de los efectivos que integran esta dependencia policial. La actividad puso en valor el trabajo que realizan a diario los motoristas, quienes patrullan las calles brindando respuestas a los vecinos del sector.<\/p>\n<p>Desde sus motocicletas, los efectivos desarrollan una tarea clave para la prevenci\u00f3n del delito y la asistencia ante distintos requerimientos. Su labor se desarrolla con preparaci\u00f3n, destreza y una fuerte vocaci\u00f3n de servicio. <\/p>\n<p>El trabajo de esta unidad adquiere un valor especial al desempe\u00f1arse en un sector que presenta desaf\u00edos en materia de seguridad. En ese contexto, la presencia constante permite fortalecer la cercan\u00eda con la comunidad y mejorar la capacidad de respuesta policial.<\/p>\n<p>En el marco del aniversario, se realiz\u00f3 adem\u00e1s la entrega de reconocimientos al personal que se ha destacado por su profesionalismo, en la instituci\u00f3n. <\/p>\n<p>La ministro de Gobierno, Laura Palma, encabez\u00f3 el acto y dijo que \u00abComo vecina del departamento, felicito a cada integrante de esta unidad operativa, que hacen que las personas se sientan seguras y protegidas\u00bb. \u00abEl actuar diario que tienen es admirable, con verdadera vocaci\u00f3n, siempre estan a disposici\u00f3n para la gente\u00bb concluy\u00f3.<\/p>\n<p>Por su parte, la subjefe de Polic\u00eda, Cintia \u00c1lamo, agreg\u00f3 que \u00abTodos merecen reconocimiento, ning\u00fan acto tiene m\u00e1s o menos valor, todos son importantes, hay hombres y mujeres que ponen todo de si en el servicio\u00bb. \u00abLa tarea no es solo prevenci\u00f3n, hace poco reconocimos a una efectivo que salv\u00f3 la vida de una beb\u00e9, los motoristas tambien son profesionales, y eso marca la capacitaci\u00f3n que tiene cada uno de ellos\u00bb finaliz\u00f3 en su mensaje. <\/p>\n<p>De la actividad tambi\u00e9n participaron el secretario de Seguridad, Enrique Delgado; jefe de Polic\u00eda, N\u00e9stor \u00c1lvarez; efectivos policiales y familiares. <\/p>\n<\/p><\/div>\n<p><script async defer crossorigin=\"anonymous\" src=\"https:\/\/connect.facebook.net\/es_ES\/sdk.js#xfbml=1&#038;version=v3.3\"><\/script><\/p>\n","protected":false},"excerpt":{"rendered":"<p>La Unidad Operativa Teresa de Calcuta de Pocito celebr\u00f3 su 13\u00b0 aniversario con un acto en el que se reconoci\u00f3 la tarea de los efectivos que integran esta dependencia policial. La actividad puso en valor el trabajo que realizan a diario los motoristas, quienes patrullan las calles brindando respuestas a los vecinos del sector. Desde [&hellip;]<\/p>\n","protected":false},"author":2,"featured_media":228865,"comment_status":"closed","ping_status":"closed","sticky":false,"template":"","format":"standard","meta":{"footnotes":""},"categories":[27],"tags":[],"class_list":["post-228864","post","type-post","status-publish","format-standard","has-post-thumbnail","hentry","category-san-juan"],"_links":{"self":[{"href":"https:\/\/radioacuariofm.com.ar\/index.php?rest_route=\/wp\/v2\/posts\/228864","targetHints":{"allow":["GET"]}}],"collection":[{"href":"https:\/\/radioacuariofm.com.ar\/index.php?rest_route=\/wp\/v2\/posts"}],"about":[{"href":"https:\/\/radioacuariofm.com.ar\/index.php?rest_route=\/wp\/v2\/types\/post"}],"author":[{"embeddable":true,"href":"https:\/\/radioacuariofm.com.ar\/index.php?rest_route=\/wp\/v2\/users\/2"}],"replies":[{"embeddable":true,"href":"https:\/\/radioacuariofm.com.ar\/index.php?rest_route=%2Fwp%2Fv2%2Fcomments&post=228864"}],"version-history":[{"count":1,"href":"https:\/\/radioacuariofm.com.ar\/index.php?rest_route=\/wp\/v2\/posts\/228864\/revisions"}],"predecessor-version":[{"id":228866,"href":"https:\/\/radioacuariofm.com.ar\/index.php?rest_route=\/wp\/v2\/posts\/228864\/revisions\/228866"}],"wp:featuredmedia":[{"embeddable":true,"href":"https:\/\/radioacuariofm.com.ar\/index.php?rest_route=\/wp\/v2\/media\/228865"}],"wp:attachment":[{"href":"https:\/\/radioacuariofm.com.ar\/index.php?rest_route=%2Fwp%2Fv2%2Fmedia&parent=228864"}],"wp:term":[{"taxonomy":"category","embeddable":true,"href":"https:\/\/radioacuariofm.com.ar\/index.php?rest_route=%2Fwp%2Fv2%2Fcategories&post=228864"},{"taxonomy":"post_tag","embeddable":true,"href":"https:\/\/radioacuariofm.com.ar\/index.php?rest_route=%2Fwp%2Fv2%2Ftags&post=228864"}],"curies":[{"name":"wp","href":"https:\/\/api.w.org\/{rel}","templated":true}]}}