{"id":228858,"date":"2026-03-11T13:56:12","date_gmt":"2026-03-11T16:56:12","guid":{"rendered":"https:\/\/radioacuariofm.com.ar\/?p=228858"},"modified":"2026-03-11T13:56:14","modified_gmt":"2026-03-11T16:56:14","slug":"se-lanza-la-segunda-edicion-de-los-programas-transporte-inclusivo-y-adaptacion-de-banos","status":"publish","type":"post","link":"https:\/\/radioacuariofm.com.ar\/?p=228858","title":{"rendered":"Se lanza la segunda edici\u00f3n de los programas Transporte inclusivo y Adaptaci\u00f3n de ba\u00f1os"},"content":{"rendered":"<p><\/p>\n<div>\n<p>El Ministerio de Familia y Desarrollo Humano, a trav\u00e9s de la Direcci\u00f3n de Personas con Discapacidad, cuenta con dos programas de apoyo, contenci\u00f3n y como herramientas para favorecer la autonom\u00eda e la inclusi\u00f3n para personas con discapacidad. Transporte inclusivo es uno, a trav\u00e9s del cual se entrega movilidades adaptadas, manociclos o tricicletas, para que personas de 12 a 70 a\u00f1os puedan trasladarse.<\/p>\n<p>Este a\u00f1o se har\u00e1 el segundo llamado a interesados y podr\u00e1n acceder a manociclos, tricicletas y tambi\u00e9n a la entrega de un kit de seguridad, compuesto por un casco y un chaleco refractario.<\/p>\n<p>El otro programa es el de adaptaci\u00f3n de ba\u00f1os, tanto para domicilios particulares de personas con discapacidad motora o movilidad reducida, como para instituciones que desarrollen acciones relacionadas con personas con discapacidad.<\/p>\n<p>En esta oportunidad, se incluy\u00f3 un cupo para ONG\u2019s en la iniciativa que, al presentar la documentaci\u00f3n y ser aprobada, les permite acceder al material para adecuar las instalaciones con un inodoro alto para personas con discapacidad, mochila de ba\u00f1o para colgar de porcelana, tapa-asiento de inodoro para discapacidad, baranda rebatible, dos barrales de seguridad o pasamanos, lavamanos con m\u00e9nsula, grifer\u00eda para lavamanos adaptada.<\/p>\n<p>En el caso de domicilios particulares adem\u00e1s del inodoro alto, la mochila para colgar, la tapa-asiento, la baranda rebatible, los dos barrales de seguridad, se incluye bidet para inodoro o bidet matic, una silla de ducha para interior de la ba\u00f1era, un duchador de mano universal y 2 alfombras de ducha antideslizantes. <\/p>\n<p>En ambos casos reciben asesoramiento y luego se hacen verificaciones de que haya sido colocado el equipamiento con el fin propuesto.<\/p>\n<p>\u201cCon estas herramientas, por un lado, se da cumplimiento a la Convenci\u00f3n de los Derechos de las Personas con Discapacidad y a la normativa vigente, en cu\u00e1nto a promover la accesibilidad de personas con discapacidad, pero tambi\u00e9n garantizando el derecho a la igualdad y la no discriminaci\u00f3n. Que todos los espacios tengan sanitarios adaptados responde a la necesidad de derribar barreras arquitect\u00f3nicas, para que las personas con discapacidad puedan concurrir a esos lugares y desarrollar plenamente sus actividades\u201d, resalt\u00f3 la directora de Personas con Discapacidad, Paula Moreno.<\/p>\n<p><strong>Durante el 2025, se entregaron 20 tricicletas y manociclos. En el transcurso del mes de marzo, ya han recibido dos de estas movilidades una persona de 15 a\u00f1os residente en Rawson que estudia en un Centro Educativo Terap\u00e9utico y otra persona de 13 a\u00f1os, de Chimbas que concurre a una escuela p\u00fablica. En los pr\u00f3ximos d\u00edas, se har\u00e1 entrega de dos tricicletas en Pocito y dos manociclos para personas que viven en Iglesia. A su vez, 12 personas accedieron al programa de adaptaci\u00f3n de ba\u00f1os.<\/strong><\/p>\n<p><strong>Requisitos<\/strong><\/p>\n<p><strong>Para Adaptaci\u00f3n de ba\u00f1os:<\/strong> Las personas interesadas en ser incluidas en el programa de Adaptaci\u00f3n de ba\u00f1os deben presentar fotocopia de DNI, Certificado \u00danico de Discapacidad vigente y que acredite discapacidad de tipo motora; una nota al ministro de Familia y Desarrollo Humano adjuntando el plano de la propiedad para la constataci\u00f3n en terreno por parte del equipo de Trabajo Social o de Ayudas T\u00e9cnicas de Direcci\u00f3n de Personas con Discapacidad; certificaci\u00f3n negativa de ANSES de todo el grupo familiar conviviente; constancia de CUIL de todo el grupo familiar conviviente, adem\u00e1s de fotos actualizadas del ba\u00f1o de la vivienda. Deber\u00e1n firmar una declaraci\u00f3n jurada de residencia en el lugar y pasar por una evaluaci\u00f3n socioecon\u00f3mica del grupo familiar ya que los ingresos no deben superar el valor de 4 salarios m\u00ednimos.<\/p>\n<p>Mientras que las Organizaciones No Gubernamentales o entidades que requieran el equipamiento para sus dependencias deben presentar documentaci\u00f3n vigente de Personer\u00eda Jur\u00eddica, copia de los estatutos, fotocopias de los DNI de los integrantes de la Comisi\u00f3n Directiva (tanto presidente como el resto de las autoridades), constancia de CUIT y una nota dirigida al ministro de Familia y Desarrollo Humano, Carlos Platero, solicitando la incorporaci\u00f3n al programa que incluya un plano de la propiedad (que pueda constatarse en terreno por parte del equipo de Trabajo Social o de Ayudas T\u00e9cnicas de la Direcci\u00f3n de Personas con Discapacidad) y fotos actuales del ba\u00f1o de la instituci\u00f3n.<\/p>\n<p><strong>Para Transporte Inclusivo:<\/strong> fotocopia de DNI del solicitante y en el caso de un menor, del grupo familiar; Certificaci\u00f3n Negativa de ANSES; constancia de CUIT\/CUIL (en el caso de menores de todos los integrantes del grupo familiar); Certificado \u00danico de Discapacidad vigente en el que se acredite la discapacidad relacionada al \u00e1rea motora (la misma debe constar en el diagn\u00f3stico del C.U.D.); certificado de Aptitud M\u00e9dica para el uso de manociclo o tricicleta, que respalde la necesidad y la posibilidad del uso del dispositivo; constancia o certificaci\u00f3n de asistencia a establecimiento educativo, laboral, de rehabilitaci\u00f3n o recreativo; una nota dirigida al ministro de Familia y Desarrollo Humano firmada por el solicitante o los padres o tutores legales, en el caso de un menor, detallando el motivo por el que solicita la movilidad. Deber\u00e1n someterse a una evaluaci\u00f3n socioecon\u00f3mica ya que los ingresos del grupo familiar del solicitante, no deber\u00e1n superar el valor de cuatro salarios m\u00ednimos vitales y m\u00f3viles.<\/p>\n<p><strong>Los interesados pueden consultar mayores detalles en la oficina del Departamento Social de la Direcci\u00f3n de Personas con Discapacidad ubicada en el Anexo Ministerial ubicado en calle Hip\u00f3lito Yrigoyen 2950 (este), Santa Luc\u00eda.<\/strong><\/p>\n<\/p><\/div>\n<p><script async defer crossorigin=\"anonymous\" src=\"https:\/\/connect.facebook.net\/es_ES\/sdk.js#xfbml=1&#038;version=v3.3\"><\/script><\/p>\n","protected":false},"excerpt":{"rendered":"<p>El Ministerio de Familia y Desarrollo Humano, a trav\u00e9s de la Direcci\u00f3n de Personas con Discapacidad, cuenta con dos programas de apoyo, contenci\u00f3n y como herramientas para favorecer la autonom\u00eda e la inclusi\u00f3n para personas con discapacidad. Transporte inclusivo es uno, a trav\u00e9s del cual se entrega movilidades adaptadas, manociclos o tricicletas, para que personas [&hellip;]<\/p>\n","protected":false},"author":2,"featured_media":228859,"comment_status":"closed","ping_status":"closed","sticky":false,"template":"","format":"standard","meta":{"footnotes":""},"categories":[27],"tags":[],"class_list":["post-228858","post","type-post","status-publish","format-standard","has-post-thumbnail","hentry","category-san-juan"],"_links":{"self":[{"href":"https:\/\/radioacuariofm.com.ar\/index.php?rest_route=\/wp\/v2\/posts\/228858","targetHints":{"allow":["GET"]}}],"collection":[{"href":"https:\/\/radioacuariofm.com.ar\/index.php?rest_route=\/wp\/v2\/posts"}],"about":[{"href":"https:\/\/radioacuariofm.com.ar\/index.php?rest_route=\/wp\/v2\/types\/post"}],"author":[{"embeddable":true,"href":"https:\/\/radioacuariofm.com.ar\/index.php?rest_route=\/wp\/v2\/users\/2"}],"replies":[{"embeddable":true,"href":"https:\/\/radioacuariofm.com.ar\/index.php?rest_route=%2Fwp%2Fv2%2Fcomments&post=228858"}],"version-history":[{"count":1,"href":"https:\/\/radioacuariofm.com.ar\/index.php?rest_route=\/wp\/v2\/posts\/228858\/revisions"}],"predecessor-version":[{"id":228860,"href":"https:\/\/radioacuariofm.com.ar\/index.php?rest_route=\/wp\/v2\/posts\/228858\/revisions\/228860"}],"wp:featuredmedia":[{"embeddable":true,"href":"https:\/\/radioacuariofm.com.ar\/index.php?rest_route=\/wp\/v2\/media\/228859"}],"wp:attachment":[{"href":"https:\/\/radioacuariofm.com.ar\/index.php?rest_route=%2Fwp%2Fv2%2Fmedia&parent=228858"}],"wp:term":[{"taxonomy":"category","embeddable":true,"href":"https:\/\/radioacuariofm.com.ar\/index.php?rest_route=%2Fwp%2Fv2%2Fcategories&post=228858"},{"taxonomy":"post_tag","embeddable":true,"href":"https:\/\/radioacuariofm.com.ar\/index.php?rest_route=%2Fwp%2Fv2%2Ftags&post=228858"}],"curies":[{"name":"wp","href":"https:\/\/api.w.org\/{rel}","templated":true}]}}