{"id":228849,"date":"2026-03-11T13:03:54","date_gmt":"2026-03-11T16:03:54","guid":{"rendered":"https:\/\/radioacuariofm.com.ar\/?p=228849"},"modified":"2026-03-11T13:03:55","modified_gmt":"2026-03-11T16:03:55","slug":"simplifican-tramites-para-docentes-de-san-juan","status":"publish","type":"post","link":"https:\/\/radioacuariofm.com.ar\/?p=228849","title":{"rendered":"simplifican tr\u00e1mites para docentes de San Juan"},"content":{"rendered":"<p><\/p>\n<div>\n<p>El Ministerio de Econom\u00eda, Finanzas y Hacienda, y el Ministerio de Educaci\u00f3n de la provincia informan que se simplificaron los tr\u00e1mites para acceder a las Asignaciones Familiares por Hijo destinadas a docentes de la provincia.<\/p>\n<p>A partir de esta actualizaci\u00f3n administrativa, ya no ser\u00e1 necesario presentar documentaci\u00f3n legalizada por el directivo del establecimiento educativo, tanto para solicitudes por primera vez como para las renovaciones del beneficio. La medida permite reducir tiempos y requisitos formales, agilizando el proceso sin afectar los controles correspondientes.<\/p>\n<p>La disposici\u00f3n alcanza a quienes deban realizar el tr\u00e1mite inicial o renovar su condici\u00f3n para acceder a la asignaci\u00f3n, facilitando el procedimiento y evitando traslados innecesarios a los establecimientos educativos para realizar legalizaciones.<\/p>\n<p>Asimismo, ambos ministerios recuerdan que, para percibir la Asignaci\u00f3n por Ayuda Escolar, ser\u00e1 obligatorio presentar el Certificado de Alumno Regular emitido por el establecimiento educativo, dentro de los 30 d\u00edas de iniciado el ciclo lectivo.<\/p>\n<p>Esta iniciativa surge del trabajo articulado entre la Direcci\u00f3n de Recursos Humanos y Organizaci\u00f3n del Empleo P\u00fablico, dependiente del Ministerio de Econom\u00eda, Finanzas y Hacienda, y el Ministerio de Educaci\u00f3n, con el objetivo de optimizar los procesos administrativos y brindar respuestas m\u00e1s \u00e1giles al sector docente.<\/p>\n<p>Para acceder a la informaci\u00f3n detallada sobre los requisitos y la documentaci\u00f3n necesaria, los interesados pueden consultar los siguientes enlaces:<\/p>\n<p>Requisitos para solicitar por primera vez la Asignaci\u00f3n Familiar por Hijo:<br \/><a href=\"https:\/\/docs.google.com\/document\/d\/1Zv7Mcx69vqN1vxMuvH2DOmTm-vDsldqb\/edit\u2060\">https:\/\/docs.google.com\/document\/d\/1Zv7Mcx69vqN1vxMuvH2DOmTm-vDsldqb\/edit\u2060<\/a> <\/p>\n<p>Requisitos para la renovaci\u00f3n de la Asignaci\u00f3n Familiar por Hijo:<br \/><a href=\"https:\/\/docs.google.com\/document\/d\/1ftuMDA4WnETPqUb_Y7UZg8C36YYzhP08\/edit?rtpof=true&amp;sd=true&amp;tab=t.0\u2060\">https:\/\/docs.google.com\/document\/d\/1ftuMDA4WnETPqUb_Y7UZg8C36YYzhP08\/edit?rtpof=true&amp;sd=true&amp;tab=t.0\u2060<\/a> <\/p>\n<p>Esta simplificaci\u00f3n administrativa busca facilitar el acceso a los beneficios y hacer m\u00e1s \u00e1gil la gesti\u00f3n para los trabajadores de la educaci\u00f3n, permiti\u00e9ndoles concentrarse plenamente en su tarea pedag\u00f3gica.<\/p>\n<\/p><\/div>\n<p><script async defer crossorigin=\"anonymous\" src=\"https:\/\/connect.facebook.net\/es_ES\/sdk.js#xfbml=1&#038;version=v3.3\"><\/script><\/p>\n","protected":false},"excerpt":{"rendered":"<p>El Ministerio de Econom\u00eda, Finanzas y Hacienda, y el Ministerio de Educaci\u00f3n de la provincia informan que se simplificaron los tr\u00e1mites para acceder a las Asignaciones Familiares por Hijo destinadas a docentes de la provincia. A partir de esta actualizaci\u00f3n administrativa, ya no ser\u00e1 necesario presentar documentaci\u00f3n legalizada por el directivo del establecimiento educativo, tanto [&hellip;]<\/p>\n","protected":false},"author":2,"featured_media":228850,"comment_status":"closed","ping_status":"closed","sticky":false,"template":"","format":"standard","meta":{"footnotes":""},"categories":[27],"tags":[],"class_list":["post-228849","post","type-post","status-publish","format-standard","has-post-thumbnail","hentry","category-san-juan"],"_links":{"self":[{"href":"https:\/\/radioacuariofm.com.ar\/index.php?rest_route=\/wp\/v2\/posts\/228849","targetHints":{"allow":["GET"]}}],"collection":[{"href":"https:\/\/radioacuariofm.com.ar\/index.php?rest_route=\/wp\/v2\/posts"}],"about":[{"href":"https:\/\/radioacuariofm.com.ar\/index.php?rest_route=\/wp\/v2\/types\/post"}],"author":[{"embeddable":true,"href":"https:\/\/radioacuariofm.com.ar\/index.php?rest_route=\/wp\/v2\/users\/2"}],"replies":[{"embeddable":true,"href":"https:\/\/radioacuariofm.com.ar\/index.php?rest_route=%2Fwp%2Fv2%2Fcomments&post=228849"}],"version-history":[{"count":1,"href":"https:\/\/radioacuariofm.com.ar\/index.php?rest_route=\/wp\/v2\/posts\/228849\/revisions"}],"predecessor-version":[{"id":228851,"href":"https:\/\/radioacuariofm.com.ar\/index.php?rest_route=\/wp\/v2\/posts\/228849\/revisions\/228851"}],"wp:featuredmedia":[{"embeddable":true,"href":"https:\/\/radioacuariofm.com.ar\/index.php?rest_route=\/wp\/v2\/media\/228850"}],"wp:attachment":[{"href":"https:\/\/radioacuariofm.com.ar\/index.php?rest_route=%2Fwp%2Fv2%2Fmedia&parent=228849"}],"wp:term":[{"taxonomy":"category","embeddable":true,"href":"https:\/\/radioacuariofm.com.ar\/index.php?rest_route=%2Fwp%2Fv2%2Fcategories&post=228849"},{"taxonomy":"post_tag","embeddable":true,"href":"https:\/\/radioacuariofm.com.ar\/index.php?rest_route=%2Fwp%2Fv2%2Ftags&post=228849"}],"curies":[{"name":"wp","href":"https:\/\/api.w.org\/{rel}","templated":true}]}}