{"id":228843,"date":"2026-03-11T12:53:51","date_gmt":"2026-03-11T15:53:51","guid":{"rendered":"https:\/\/radioacuariofm.com.ar\/?p=228843"},"modified":"2026-03-11T12:53:52","modified_gmt":"2026-03-11T15:53:52","slug":"caputo-busco-seducir-a-los-empresarios-el-mayor-riesgo-es-perder-la-chance-de-invertir-en-el-pais","status":"publish","type":"post","link":"https:\/\/radioacuariofm.com.ar\/?p=228843","title":{"rendered":"Caputo busco seducir a los empresarios: \u201cEl mayor riesgo es perder la chance de invertir en el pa\u00eds\u201d"},"content":{"rendered":"<p><\/p>\n<div>\n<p class=\"com-paragraph  --capital --s\">NUEVA YORK.- Luego de la <a href=\"https:\/\/www.lanacion.com.ar\/politica\/tras-un-dia-de-convulsion-en-los-mercados-globales-se-lanza-la-argentina-week-en-nueva-york-discurso-nid10032026\/\" target=\"_self\" title=\"https:\/\/www.lanacion.com.ar\/politica\/tras-un-dia-de-convulsion-en-los-mercados-globales-se-lanza-la-argentina-week-en-nueva-york-discurso-nid10032026\/\" class=\"com-link break-word\" data-mrf-recirculation=\"n_link_parrafo\">presentaci\u00f3n de Javier Milei<\/a> con un<strong> <\/strong>embate contra los <strong>\u201cempresarios prebendarios\u201d<\/strong>, que gener\u00f3 sorpresa y malestar entre muchos de los 400 ejecutivos que lo escucharon en el inicio de la<strong> \u201cArgentina Week\u201d<\/strong>, el ministro de Econom\u00eda, <strong>Luis Caputo<\/strong>, expuso esta ma\u00f1ana con un mensaje conciliador con el objetivo de seducir a los empresarios en <strong>Nueva York<\/strong>. <strong>\u201cEl mayor riesgo es perder la chance de invertir en el pa\u00eds\u201d<\/strong>, les dijo.<\/p>\n<p class=\"com-paragraph   --s\">En el inicio de su discurso, de solo 11 minutos, el ministro explic\u00f3 \u201cpor qu\u00e9 esta vez es diferente en la Argentina\u201d, y se\u00f1al\u00f3, con un elogio al presidente Javier Milei, que <strong>\u201ces la primera vez que la estabilidad macroecon\u00f3mica est\u00e1 basada en una decisi\u00f3n pol\u00edtica\u201d<\/strong>. Adem\u00e1s, dijo que el Gobierno cuenta \u201ccon el apoyo social para seguir adelante\u201d y les dio un mensaje a los inversores para que conf\u00eden en el programa econ\u00f3mico.<\/p>\n<div class=\"content-media\">\n<section role=\"button\" class=\"mod-media   \">\n<figure role=\"button\" class=\"mod-figure \"><figcaption class=\"mod-figcaption\"><span class=\"com-text --caption --twoxs\">Luis Caputo, en su discurso en el Bank of America, en Nueva York.<\/span><span class=\"com-text --credit --twoxs\">Guillermo Idiart<\/span><\/figcaption><\/figure>\n<\/section>\n<\/div>\n<p class=\"com-paragraph   --s\">\u201cLa segunda raz\u00f3n, que tambi\u00e9n es muy importante, es el hecho que <strong>despu\u00e9s de dos a\u00f1os hemos demostrado buenos resultados con lo que hicimos<\/strong>. Y esto es de vital importancia. Alguien podr\u00eda decir que la gente vot\u00f3 por este presidente solo porque estaba molesta con la situaci\u00f3n. Simplemente estaban molestos con nuestras antiguas pol\u00edticas\u00bb, dijo Caputo, que sobre el final de la presentaci\u00f3n contest\u00f3 una pregunta inicial que hab\u00eda dejado flotando.<\/p>\n<p class=\"com-paragraph   --s\">\u201cNo hay que pensar en los riesgos en una forma tradicional. <strong>El mayor riesgo es perder la oportunidad de invertir en el pa\u00eds<\/strong>\u201d, les dijo a los empresarios e inversores que lo escucharon. Muchos tuvieron que seguirlo de pie en un sal\u00f3n colmado, en la sede del Bank of America, en Manhattan. El ministro hab\u00eda sido presentado por Jim DeMare, co-presidente del banco estadounidense.<\/p>\n<p class=\"com-paragraph   --s\">M\u00e1s tarde, el ministro dijo que est\u00e1 explorando fuentes alternativas de financiamiento para cubrir los vencimientos de deuda. \u201cNo estoy ac\u00e1 para pelear contras el mercado, la soluci\u00f3n es seguir pagando\u201d, se\u00f1al\u00f3 en un panel junto al presidente del Banco Central (BCRA), <strong>Santiago Bausili<\/strong>.<\/p>\n<p class=\"com-paragraph   --s\">\u201c<strong>Tras dos a\u00f1os de lidiar y evitar lo que seguramente ser\u00eda la peor crisis econ\u00f3mica de la historia<\/strong>, y no es poca cosa decirlo, logramos evitar esta crisis respetando el estado de derecho, sin incumplir ning\u00fan contrato ni recurrir a artima\u00f1as, respetando la ley, cumpliendo con nuestra deuda y gui\u00e1ndonos como dice el Presidente por principios morales. Eso no era muy com\u00fan en la Argentina en el pasado reciente. Este es otro aspecto muy importante que destacar, relacionado con el hecho de que <strong>esto se valid\u00f3 en las elecciones de mitad de mandato<\/strong>\u201c, hab\u00eda dicho en su discurso, en referencia al \u00e9xito libertario el 26 de octubre pasado. <\/p>\n<p class=\"com-paragraph   --s\">\u201cAhora hay pruebas de que la mayor\u00eda de nuestra poblaci\u00f3n ha decidido apoyar las reformas en las que estamos trabajando. Por un lado, hay una decisi\u00f3n pol\u00edtica. <strong>Por otro, contamos con el apoyo social para seguir adelante<\/strong>\u201d, dijo.<\/p>\n<p class=\"com-paragraph   --s\">\u201cNo pretendemos que de repente todos est\u00e9n de acuerdo en que tenemos que continuar en la direcci\u00f3n en la que vamos. Por supuesto, hay algunas personas que tienen sus diferencias y estoy seguro de que hay muchos pol\u00edticos que piensan diferente. <strong>Pero lo importante es que todos permanezcamos en el mismo camino. Alguien puede ir un poco m\u00e1s a la izquierda, un poco m\u00e1s al centro, un poco m\u00e1s a la derecha, pero todos tenemos que acordar que es en esta direcci\u00f3n, y la mayor\u00eda de la poblaci\u00f3n quiere seguir este camino y necesitamos evitar a los que buscar direcciones opuestas<\/strong>\u201d, afirm\u00f3, en un tramo m\u00e1s pol\u00edtico del discurso.<\/p>\n<p class=\"com-paragraph   --s\">Caputo dio as\u00ed el puntapi\u00e9 inicial al cap\u00edtulo m\u00e1s econ\u00f3mico de la \u201cArgentina Week\u201d, la iniciativa del Gobierno para <strong>seducir a inversionistas <\/strong>en el coraz\u00f3n financiero de Manhattan. \u201cHa sido un proceso de aprendizaje y soy muy optimista\u201d, expres\u00f3 el ministro.<\/p>\n<div class=\"content-media\">\n<section role=\"button\" class=\"mod-media   \">\n<figure role=\"button\" class=\"mod-figure \"><figcaption class=\"mod-figcaption\"><span class=\"com-text --caption --twoxs\">Luis Caputo, Alec Oxenford y Susan Segal, en el \u00abArgentina Week\u00bb.<\/span><span class=\"com-text --credit --twoxs\">Guillermo Idiart<\/span><\/figcaption><\/figure>\n<\/section>\n<\/div>\n<p class=\"com-paragraph   --s\">El ministro est\u00e1 acompa\u00f1ado por el equipo econ\u00f3mico y, luego de su disertaci\u00f3n en solitario, particip\u00f3 en un panel con <strong>Bausili<\/strong>, titulado <strong>\u201cEl camino de la Argentina hacia un crecimiento impulsado por el mercado\u201d<\/strong>.<\/p>\n<p class=\"com-paragraph   --s\">\u201cRespecto a las restricciones administrativas en el mercado de cambios, <strong>a medida que se resuelven los desequilibrios, se han ido eliminando y se siguen eliminando<\/strong>, a medida que se va avanzando\u00bb, se\u00f1al\u00f3 Bausili respecto al cepo cambiario.<\/p>\n<p class=\"com-paragraph   --s\">El presidente del BCRA tambi\u00e9n se refiri\u00f3 a la estrategia de acumulaci\u00f3n de reservas, que fue una de las inquietudes del Fondo Monetario Internacional (FMI). <strong>\u201cVamos a comprar reservasen la medida en que la gente demande pesos. No queremos empujar al mercado en una direcci\u00f3n ni en otra\u201d<\/strong>, explic\u00f3.<\/p>\n<p class=\"com-paragraph   --s\">Moderaron el di\u00e1logo <strong>Facundo G\u00f3mez Minujin<\/strong>, CEO de JPMorgan para la Argentina, Uruguay, Bolivia y Paraguay, y <strong>Sebasti\u00e1n Loketek<\/strong>, director general de Bank of America.<\/p>\n<p class=\"com-paragraph   --s\">La presentaci\u00f3n de Caputo y Bausili ante los inversores se produce luego de que Milei volviera a atacar en duros t\u00e9rminos a<strong> dos de los empresarios m\u00e1s relevantes de la Argentina, Paolo Rocca, de Techint, y Javier Madanes Quintanilla<\/strong>, <strong>de Fate.<\/strong> <\/p>\n<p class=\"com-paragraph   --s\"><strong>Susan Segal<\/strong>, presidenta del Council of the Americas, introdujo luego al <strong>ministro de Desregulaci\u00f3n y Transformaci\u00f3n del Estado,<\/strong> <strong>Federico Sturzenegger<\/strong>, que hablar\u00e1 sobre la reducci\u00f3n del Estado y la desregulaci\u00f3n de la econom\u00eda.<\/p>\n<p class=\"com-paragraph   --s\">El martes, tras el cierre de la primera jornada de la \u201cArgentina Week\u201d,<strong> Sturzenegger<\/strong> habl\u00f3 en un <em>side event<\/em> organizado por el Citi en su sede en el barrio de Tribeca, que congreg\u00f3 a muchos de los empresarios que hab\u00edan escuchado a Milei por la ma\u00f1ana en el JP Morgan. Tambi\u00e9n estuvo presente Bausili.<\/p>\n<p class=\"com-paragraph   --s\">All\u00ed, los empresarios, banqueros y ejecutivos -en su mayor\u00eda argentinos- volvieron a mostrar su incomodidad con el tramo del discurso de Milei en el que embisti\u00f3 contra Rocca y <strong>Madanes Quintanilla<\/strong>, seg\u00fan recogi\u00f3 <strong>LA NACION<\/strong>.<\/p>\n<div class=\"content-media\">\n<section role=\"button\" class=\"mod-media   \">\n<figure role=\"button\" class=\"mod-figure \"><figcaption class=\"mod-figcaption\"><span class=\"com-text --caption --twoxs\">El presidente Javier Milei y el CEO de JP Morgan, Jamie Dimon, durante el inicio del Argentina Week.<\/span><span class=\"com-text --credit --twoxs\">Presidencia<\/span><\/figcaption><\/figure>\n<\/section>\n<\/div>\n<p class=\"com-paragraph   --s\">En la continuidad de la jornada en la sede del Bank of America, en el <em>midtown<\/em> de Nueva York, a las 11 (hora local) ser\u00e1 el turno del viceministro de Econom\u00eda, <strong>Jos\u00e9 Luis Daza<\/strong>, de exponer ante los inversores.<\/p>\n<p class=\"com-paragraph   --s\">Luego se abrir\u00e1 un cap\u00edtulo m\u00e1s tecnol\u00f3gico. <strong>Ariel Szarfstejn<\/strong>, CEO de Mercado Libre; <strong>Mart\u00edn Migoya<\/strong>, cofundador y CEO de Globant; <strong>Pierpaolo Barbieri<\/strong>, fundador y CEO de Ual\u00e1; <strong>Mart\u00edn Varsavsky<\/strong>, fundador de Prelude Fertility, hablar\u00e1n del desarrollo del talento argentino para conformar compa\u00f1\u00edas tecnol\u00f3gicas.<\/p>\n<p class=\"com-paragraph   --s\">Otros paneles de la tarde incluir\u00e1n al mundo de las <strong>finanzas<\/strong>. Expondr\u00e1n Juan Parma, CEO de Banco Macro; Gustavo Manr\u00edquez, CEO de Banco Supervielle, y Diego Rivas, CEO de Banco Galicia, sobre \u201cLa banca en la nueva Argentina: generando confianza con los inversores estadounidenses\u201d); en tanto habr\u00e1 otro encuentro sobre <strong>agronegocios<\/strong> (del que participar\u00e1n Frigor\u00edfico Rioplatense, Cresud, Bayer y GDM).<\/p>\n<p class=\"com-paragraph   --s\">En otro bloque de energ\u00eda, para hablar de <strong>Vaca Muerta <\/strong>como \u201cun nuevo cap\u00edtulo en la inversi\u00f3n energ\u00e9tica global\u201d, estar\u00e1n <strong>Harold Hamm<\/strong>, fundador y presidente de Continental Resources; <strong>Mark Nelson<\/strong>, vicepresidente de Chevron; y <strong>Miguel Galuccio<\/strong>, fundador y CEO de Vista Energy.<\/p>\n<p class=\"com-paragraph   --s\">Ayer,<strong> Nelson<\/strong> sostuvo que, en medio de las turbulencias de los mercados globales por la guerra en Medio Oriente, la Argentina <strong>\u201ces y ser\u00e1 un actor clave en el esfuerzo de satisfacer la creciente demanda mundial de energ\u00eda\u201d<\/strong>, y elogi\u00f3 a la administraci\u00f3n de <strong>Javier Milei<\/strong>.<\/p>\n<p class=\"com-paragraph   --s\">\u201cDada la situaci\u00f3n actual, la demanda mundial de energ\u00eda sigue aumentando. De hecho, en 2026 volver\u00e1 a batir un r\u00e9cord, lo que incluye la<strong> creciente demanda de petr\u00f3leo y gas.<\/strong> Satisfacerla se lograr\u00e1 mediante pol\u00edticas sostenibles y equilibradas que incentiven la inversi\u00f3n de capital, la innovaci\u00f3n y la eficiencia. <mark class=\"hl_underline\">La Argentina es y ser\u00e1 un actor clave<\/mark> en ese esfuerzo\u201d, dijo el <strong>vicepresidente de Chevron Corporation<\/strong>, una de las mayores petroleras estadounidenses.<\/p>\n<p class=\"com-paragraph   --s\">Luego habr\u00e1 una charla informal de <strong>Horacio Mar\u00edn<\/strong>, presidente y CEO de YPF; <strong>Marcelo Mindlin<\/strong>, fundador y presidente de Pampa Energ\u00eda, y <strong>Marcos Bulgheroni<\/strong>, CEO del Grupo Pan American Energy. <\/p>\n<p class=\"com-paragraph   --s\">Adorni estar\u00e1 a cargo del cierre de la jornada, y m\u00e1s tarde tendr\u00e1 lugar una ceremonia de premios de AmCham, en la sede Microsoft Times Square, con presentaciones de Caputo y del embajador argentino,<strong> Alec Oxenford<\/strong>, uno de los principales impulsores de la \u201cArgentina Week\u201d.<\/p>\n<section class=\"container-center-100 mb-40 border border-bottom border-thin border-neutral-light-700\">\n<hr\/>\n<\/section>\n<\/div>\n","protected":false},"excerpt":{"rendered":"<p>NUEVA YORK.- Luego de la presentaci\u00f3n de Javier Milei con un embate contra los \u201cempresarios prebendarios\u201d, que gener\u00f3 sorpresa y malestar entre muchos de los 400 ejecutivos que lo escucharon en el inicio de la \u201cArgentina Week\u201d, el ministro de Econom\u00eda, Luis Caputo, expuso esta ma\u00f1ana con un mensaje conciliador con el objetivo de seducir [&hellip;]<\/p>\n","protected":false},"author":2,"featured_media":228844,"comment_status":"closed","ping_status":"closed","sticky":false,"template":"","format":"standard","meta":{"footnotes":""},"categories":[28],"tags":[],"class_list":["post-228843","post","type-post","status-publish","format-standard","has-post-thumbnail","hentry","category-economia"],"_links":{"self":[{"href":"https:\/\/radioacuariofm.com.ar\/index.php?rest_route=\/wp\/v2\/posts\/228843","targetHints":{"allow":["GET"]}}],"collection":[{"href":"https:\/\/radioacuariofm.com.ar\/index.php?rest_route=\/wp\/v2\/posts"}],"about":[{"href":"https:\/\/radioacuariofm.com.ar\/index.php?rest_route=\/wp\/v2\/types\/post"}],"author":[{"embeddable":true,"href":"https:\/\/radioacuariofm.com.ar\/index.php?rest_route=\/wp\/v2\/users\/2"}],"replies":[{"embeddable":true,"href":"https:\/\/radioacuariofm.com.ar\/index.php?rest_route=%2Fwp%2Fv2%2Fcomments&post=228843"}],"version-history":[{"count":1,"href":"https:\/\/radioacuariofm.com.ar\/index.php?rest_route=\/wp\/v2\/posts\/228843\/revisions"}],"predecessor-version":[{"id":228845,"href":"https:\/\/radioacuariofm.com.ar\/index.php?rest_route=\/wp\/v2\/posts\/228843\/revisions\/228845"}],"wp:featuredmedia":[{"embeddable":true,"href":"https:\/\/radioacuariofm.com.ar\/index.php?rest_route=\/wp\/v2\/media\/228844"}],"wp:attachment":[{"href":"https:\/\/radioacuariofm.com.ar\/index.php?rest_route=%2Fwp%2Fv2%2Fmedia&parent=228843"}],"wp:term":[{"taxonomy":"category","embeddable":true,"href":"https:\/\/radioacuariofm.com.ar\/index.php?rest_route=%2Fwp%2Fv2%2Fcategories&post=228843"},{"taxonomy":"post_tag","embeddable":true,"href":"https:\/\/radioacuariofm.com.ar\/index.php?rest_route=%2Fwp%2Fv2%2Ftags&post=228843"}],"curies":[{"name":"wp","href":"https:\/\/api.w.org\/{rel}","templated":true}]}}