{"id":228840,"date":"2026-03-11T12:01:51","date_gmt":"2026-03-11T15:01:51","guid":{"rendered":"https:\/\/radioacuariofm.com.ar\/?p=228840"},"modified":"2026-03-11T12:01:52","modified_gmt":"2026-03-11T15:01:52","slug":"la-falta-de-estrategia-el-rol-de-los-medios-y-senales-de-cansancio-la-mirada-de-un-analista-israeli-sobre-el-conflicto","status":"publish","type":"post","link":"https:\/\/radioacuariofm.com.ar\/?p=228840","title":{"rendered":"La falta de estrategia, el rol de los medios y se\u00f1ales de cansancio: la mirada de un analista israel\u00ed sobre el conflicto"},"content":{"rendered":"<p> <br \/>\n<\/p>\n<div>\n<p class=\"com-paragraph  --capital --s\">JERUSALEN.- <strong>Ido Dembin<\/strong>, analista pol\u00edtico israel\u00ed que es director del sector jur\u00eddico de la asociaci\u00f3n israelo-estadounidense Itrek, no oculta que est\u00e1 preocupado. Exalumno de la Universidad de Columbia y padre de una ni\u00f1a de un a\u00f1o y medio, como todos los israel\u00edes intenta adaptarse a una rutina marcada por las sirenas que advierten que hay que bajar al refugio. <a href=\"https:\/\/www.lanacion.com.ar\/el-mundo\/estados-unidos-dijo-que-ataco-al-menos-16-buques-iranies-en-el-estrecho-de-ormuz-nid11032026\/\" target=\"_self\" title=\"https:\/\/www.lanacion.com.ar\/el-mundo\/estados-unidos-dijo-que-ataco-al-menos-16-buques-iranies-en-el-estrecho-de-ormuz-nid11032026\/\" class=\"com-link break-word\" data-mrf-recirculation=\"n_link_parrafo\">Despu\u00e9s de 12 d\u00edas de guerra<\/a>, m\u00e1s all\u00e1 de la euforia de los primeros d\u00edas, en una entrevista con LA NACION admiti\u00f3 que comienza a palparse <strong>cierto cansancio en la opini\u00f3n p\u00fablica, critic\u00f3 la cobertura de los medios israel\u00edes de esta guerra y sobre todo, la falta de direcci\u00f3n estrat\u00e9gica para el d\u00eda despu\u00e9s del gobierno de Benjamin Netanyahu<\/strong>. Justamente por eso, estima que si el r\u00e9gimen isl\u00e1mico no cae, como todo parece indicar, esta <strong>no ser\u00e1 la \u00faltima guerra contra Teher\u00e1n<\/strong>.<\/p>\n<p class=\"com-paragraph   --s\"><strong>-Anunciaron la extensi\u00f3n del estado de emergencia hasta el 26 de marzo, dos semanas m\u00e1s\u2026 \u00bfC\u00f3mo ve la situaci\u00f3n?<\/strong><\/p>\n<p class=\"com-paragraph   --s\">-En verdad, creo que se trata de una precauci\u00f3n y espero que la guerra termine antes de eso. Pero tanto en Israel como en Estados Unidos, los gobiernos est\u00e1n tratando de darse o ganar m\u00e1s tiempo. Y al menos en Israel, <strong>el p\u00fablico apoya mucho la guerra<\/strong> y, por lo tanto, no se opone demasiado a esta nueva decisi\u00f3n. Dir\u00e9, sin embargo, que <strong>est\u00e1 empezando a aparecer una ligera fatiga o cansancio<\/strong> de la guerra. Se puede ver un poco en los medios y en las redes sociales. Todav\u00eda no es la mayor\u00eda, pero siento que hay una sensaci\u00f3n de cansancio.<\/p>\n<p class=\"com-paragraph   --s\"><strong>-Hablando de los medios israel\u00edes, le\u00ed que tambi\u00e9n empiezan a surgir cr\u00edticas por su narrativa de que todo va bien, algunos los acusan de estar mintiendo\u2026 \u00bfC\u00f3mo eval\u00faa usted la cobertura de esta guerra por parte de los medios israel\u00edes?<\/strong><\/p>\n<p class=\"com-paragraph   --s\">-Honestamente, los medios han estado cubriendo esta guerra de manera muy problem\u00e1tica. La mayor\u00eda de los medios de comunicaci\u00f3n en Israel, en tiempos de guerra, especialmente cuando se trata de Ir\u00e1n, <strong>tienen una tendencia a criticar menos e intentar apoyar<\/strong>, no necesariamente al gobierno, pero s\u00ed apoyar la acci\u00f3n que el gobierno est\u00e1 emprendiendo. En otras palabras, la mayor\u00eda de los principales medios de comunicaci\u00f3n ven la guerra como algo que la mayor\u00eda del p\u00fablico apoya, por lo tanto tratan de no hacer demasiadas preguntas o dificultarla o investigar demasiado profundamente, sino que <strong>intentan reflejar lo que creen que el p\u00fablico quiere, que generalmente es apoyo, patriotismo, agitar la bandera<\/strong>, etc. Y lo que se ve a menudo es que los periodistas <strong>se abstienen de hacer las preguntas importantes y se dejan llevar por la ola nacionalista de vamos a ganar, tenemos que vencerlos<\/strong>. As\u00ed que todo se colorea a trav\u00e9s de lentes rosas en lugar de hacer preguntas importantes. Y pasa lo mismo con la oposici\u00f3n en Israel, donde uno se esperar\u00eda que saliera a preguntar sobre cuestiones como cu\u00e1les son los objetivos, qu\u00e9 planes hay para lograrlos y por qu\u00e9 el primer ministro (Benjamin Netanyahu) nunca dio una conferencia de prensa decente. Uno ve a Donald Trump que, en cambio, da entrevistas todo el tiempo y conferencias de prensa en Estados Unidos. <strong>Pero Netanyahu no y eso me preocupa mucho<\/strong>.<\/p>\n<div class=\"content-media\">\n<section role=\"button\" class=\"mod-media   \">\n<figure role=\"button\" class=\"mod-figure \"><figcaption class=\"mod-figcaption\"><span class=\"com-text --caption --twoxs\">Personas se refugian en un b\u00fanker subterr\u00e1neo mientras las sirenas antia\u00e9reas advierten de un inminente ataque con misiles iran\u00edes, en Ramat Gan<\/span><span class=\"com-text --credit --twoxs\">Oded Balilty  &#8211; AP <\/span><\/figcaption><\/figure>\n<\/section>\n<\/div>\n<p class=\"com-paragraph   --s\"><strong>-\u00bfComo eval\u00faa esta nueva guerra contra Ir\u00e1n?<\/strong><\/p>\n<p class=\"com-paragraph   --s\">-Creo que es complicado. El problema con la guerra en Ir\u00e1n no es el uso de la fuerza per se. No creo que valga la pena defender al r\u00e9gimen iran\u00ed porque no son buenas personas. El problema es principalmente el hecho de que el gobierno israel\u00ed <strong>no tiene una direcci\u00f3n estrat\u00e9gica sobre qu\u00e9 hacer el d\u00eda despu\u00e9s de la guerra<\/strong>. En otras palabras, el uso de la fuerza no tiene por qu\u00e9 ser malo, especialmente cuando se trata de alguien como Ir\u00e1n, que expres\u00f3 claramente su deseo de aniquilar a Israel una y otra vez. Y puedo entender por qu\u00e9 la mayor\u00eda de los israel\u00edes apoyan el intento de derrotar a Ir\u00e1n. Creo que el problema para la mayor\u00eda de los israel\u00edes es que, como los medios de comunicaci\u00f3n no desempe\u00f1an su papel, la oposici\u00f3n no desempe\u00f1a su papel y el primer ministro no da esas actualizaciones al p\u00fablico, la mayor\u00eda de los israel\u00edes no sabr\u00edan, si uno se detuviera y les preguntara hoy cu\u00e1les son los objetivos reales de la guerra y si son alcanzables.<\/p>\n<p class=\"com-paragraph   --s\"><strong>-El problema de la falta de estrategia\u2026<\/strong><\/p>\n<p class=\"com-paragraph   --s\">-S\u00ed\u2026 Cuando Netanyahu dice que estamos tratando de sembrar las semillas para un cambio de r\u00e9gimen en Ir\u00e1n, no explica c\u00f3mo lo est\u00e1 haciendo. \u00bfEs ese un objetivo alcanzable? Si no, \u00bfqu\u00e9 va a pasar? Y mi impresi\u00f3n por ahora es que hay una buena posibilidad, y odio decirlo pero lo he dicho antes, de que esta no ser\u00e1 la \u00faltima guerra, porque si el r\u00e9gimen no cae y tenemos a <a href=\"https:\/\/www.lanacion.com.ar\/el-mundo\/crece-la-especulacion-sobre-la-salud-del-nuevo-lider-supremo-de-iran-que-se-sabe-de-mojtaba-khamenei-nid11032026\/\" target=\"_self\" title=\"https:\/\/www.lanacion.com.ar\/el-mundo\/crece-la-especulacion-sobre-la-salud-del-nuevo-lider-supremo-de-iran-que-se-sabe-de-mojtaba-khamenei-nid11032026\/\" class=\"com-link break-word\" data-mrf-recirculation=\"n_link_parrafo\"><strong>Mojtaba Khamenei<\/strong><\/a> en lugar de Ali Khamenei, quien, hasta donde sabemos, <strong>no es menos radical que su padre<\/strong>, y decide tomar esos misiles bal\u00edsticos que han sido destruidos, tomar lo que queda del programa nuclear y reconstruirlo a\u00fan m\u00e1s r\u00e1pido, aprendiendo de la lecci\u00f3n que Israel y el Estados Unidos va a intentar bombardearlo antes de que lo consiga, podr\u00edamos encontrarnos en otra guerra en uno, dos o cinco a\u00f1os.<\/p>\n<div class=\"content-media\">\n<section role=\"button\" class=\"mod-media   \">\n<figure role=\"button\" class=\"mod-figure \"><figcaption class=\"mod-figcaption\"><span class=\"com-text --caption --twoxs\">Palestinos observan los da\u00f1os causados por fragmentos de un cohete iran\u00ed interceptado en la localidad cisjordana de Bidya<\/span><span class=\"com-text --credit --twoxs\">JAAFAR ASHTIYEH  &#8211; AFP <\/span><\/figcaption><\/figure>\n<\/section>\n<\/div>\n<p class=\"com-paragraph   --s\"><strong>-\u00bfFue errada entonces la decisi\u00f3n de atacar a Ir\u00e1n?<\/strong><\/p>\n<p class=\"com-paragraph   --s\">&#8211; Creo que la manera correcta habr\u00eda sido capitalizar la fuerza que hemos demostrado durante los dos a\u00f1os y medio que han pasado en Siria, en el L\u00edbano, incluso en Ir\u00e1n, en Gaza, y tratar de llegar a ello y <strong>elegir la paz y elegir la normalizaci\u00f3n con los pa\u00edses \u00e1rabes, tratar de estrangular a Ir\u00e1n diplom\u00e1ticamente en su avance, debilitarlo, impedir que vuelva a construir ese eje de resistencia, y tratar de usar algo m\u00e1s all\u00e1 del poder militar<\/strong>, porque el poder militar s\u00f3lo no puede hacer mucho sin una soluci\u00f3n diplom\u00e1tica. Por eso no me opongo a la guerra s\u00f3lo porque sea mala, aunque sea mala, sino que <strong>la objeto cuando al final no hay un objetivo claro<\/strong>.<\/p>\n<p class=\"com-paragraph   --s\"><strong>-\u00bfEs correcto decir que las relaciones israel\u00edes con los pa\u00edses de Medio Oriente mejoran a medida que contin\u00faa la guerra con Ir\u00e1n, porque pa\u00edses como Marruecos, EAU y Bahr\u00e9in impulsan la cooperaci\u00f3n militar con Israel, fortaleciendo las alianzas regionales?<\/strong><\/p>\n<p class=\"com-paragraph   --s\">-Mayormente s\u00ed. Es un caso cl\u00e1sico en el que <strong>el enemigo de mi enemigo es mi amigo<\/strong>. As\u00ed, los Emiratos, por ejemplo, ya forman parte de los Acuerdos de Abraham, al igual que Marruecos y Bahr\u00e9in. Entonces, para ellos, <strong>ya existe una cooperaci\u00f3n con Israel que est\u00e1 muy sobre la mesa<\/strong>, no es algo oculto. Es una decisi\u00f3n estrat\u00e9gica que tomaron hace unos a\u00f1os y tiene sentido que cooperen ahora contra una amenaza conjunta. Lo interesante es que hay varios pa\u00edses como Kuwait, por ejemplo, o incluso Qatar, que es un pa\u00eds muy problem\u00e1tico para los israel\u00edes porque apoy\u00f3 a Hamas y ha sido un aliado de Ir\u00e1n. Estos pa\u00edses han sido bombardeados por Ir\u00e1n durante esta guerra, y creo que <strong>eso los ha empujado m\u00e1s que nunca al lado de Estados Unidos e Israel<\/strong>. Entonces Israel no tiene relaciones con Kuwait, que no es parte de los Acuerdos de Abraham, pero s\u00ed es en gran medida parte del frente de esta guerra. Y eso empuja a Kuwait hacia el lado de Israel, y creo que <strong>ser\u00eda incre\u00edble si Israel aprovechara esto para tratar de extender una mano por la paz a estos pa\u00edses <\/strong>con los que ya hemos estado trabajando hasta cierto punto pero con los que no hemos estado trabajando formalmente o no han sido parte de los Acuerdos de Abraham.<\/p>\n<div class=\"content-media\">\n<section role=\"button\" class=\"mod-media   \">\n<figure role=\"button\" class=\"mod-figure \"><figcaption class=\"mod-figcaption\"><span class=\"com-text --caption --twoxs\">Iran\u00edes pasan junto a un edificio da\u00f1ado mientras asisten a los funerales de comandantes del Cuerpo de la Guardia Revolucionaria Isl\u00e1mica (IRGC)<\/span><span class=\"com-text --credit --twoxs\">ATTA KENARE  &#8211; AFP <\/span><\/figcaption><\/figure>\n<\/section>\n<\/div>\n<p class=\"com-paragraph   --s\"><strong>-\u00bfQu\u00e9 espera del otro frente de guerra que se ha abierto con Hezbollah en el L\u00edbano?<\/strong><\/p>\n<p class=\"com-paragraph   --s\">&#8211; Pienso que<strong> el gobierno israel\u00ed no est\u00e1 haciendo lo suficiente para extenderle la mano al L\u00edbano<\/strong>, donde el gobierno, por primera vez en a\u00f1os, ha dicho: &#8216;<strong>estamos en contra de Hezbollah, ay\u00fadennos a deshacernos de ellos<\/strong>\u2019. Eso se ha ignorado. Pero, independientemente de todo esto, hay algunos pa\u00edses que nunca digerir\u00e1n que Israel haga algunos avances con los palestinos para normalizar verdaderamente las relaciones con ellos. Y<strong> creo que Israel har\u00eda bien en reanudar las negociaciones con los palestinos<\/strong>, especialmente con la OLP y la Autoridad Palestina, para intentar, una vez m\u00e1s, asfixiar a Ham\u00e1s no s\u00f3lo por la fuerza, sino tambi\u00e9n reintroduciendo a un actor que sea m\u00e1s leg\u00edtimo, m\u00e1s moderado y est\u00e9 dispuesto a negociar con nosotros. Y creo que eso tambi\u00e9n mostrar\u00eda al mundo que Israel no es s\u00f3lo un pa\u00eds belicista, que es en gran medida la imagen que tenemos en este momento.<\/p>\n<section class=\"container-center-100 mb-40 border border-bottom border-thin border-neutral-light-700\">\n<hr\/>\n<\/section>\n<\/div>\n\n","protected":false},"excerpt":{"rendered":"<p>JERUSALEN.- Ido Dembin, analista pol\u00edtico israel\u00ed que es director del sector jur\u00eddico de la asociaci\u00f3n israelo-estadounidense Itrek, no oculta que est\u00e1 preocupado. Exalumno de la Universidad de Columbia y padre de una ni\u00f1a de un a\u00f1o y medio, como todos los israel\u00edes intenta adaptarse a una rutina marcada por las sirenas que advierten que hay [&hellip;]<\/p>\n","protected":false},"author":2,"featured_media":228841,"comment_status":"closed","ping_status":"closed","sticky":false,"template":"","format":"standard","meta":{"footnotes":""},"categories":[1],"tags":[],"class_list":["post-228840","post","type-post","status-publish","format-standard","has-post-thumbnail","hentry","category-uncategorized"],"_links":{"self":[{"href":"https:\/\/radioacuariofm.com.ar\/index.php?rest_route=\/wp\/v2\/posts\/228840","targetHints":{"allow":["GET"]}}],"collection":[{"href":"https:\/\/radioacuariofm.com.ar\/index.php?rest_route=\/wp\/v2\/posts"}],"about":[{"href":"https:\/\/radioacuariofm.com.ar\/index.php?rest_route=\/wp\/v2\/types\/post"}],"author":[{"embeddable":true,"href":"https:\/\/radioacuariofm.com.ar\/index.php?rest_route=\/wp\/v2\/users\/2"}],"replies":[{"embeddable":true,"href":"https:\/\/radioacuariofm.com.ar\/index.php?rest_route=%2Fwp%2Fv2%2Fcomments&post=228840"}],"version-history":[{"count":1,"href":"https:\/\/radioacuariofm.com.ar\/index.php?rest_route=\/wp\/v2\/posts\/228840\/revisions"}],"predecessor-version":[{"id":228842,"href":"https:\/\/radioacuariofm.com.ar\/index.php?rest_route=\/wp\/v2\/posts\/228840\/revisions\/228842"}],"wp:featuredmedia":[{"embeddable":true,"href":"https:\/\/radioacuariofm.com.ar\/index.php?rest_route=\/wp\/v2\/media\/228841"}],"wp:attachment":[{"href":"https:\/\/radioacuariofm.com.ar\/index.php?rest_route=%2Fwp%2Fv2%2Fmedia&parent=228840"}],"wp:term":[{"taxonomy":"category","embeddable":true,"href":"https:\/\/radioacuariofm.com.ar\/index.php?rest_route=%2Fwp%2Fv2%2Fcategories&post=228840"},{"taxonomy":"post_tag","embeddable":true,"href":"https:\/\/radioacuariofm.com.ar\/index.php?rest_route=%2Fwp%2Fv2%2Ftags&post=228840"}],"curies":[{"name":"wp","href":"https:\/\/api.w.org\/{rel}","templated":true}]}}