{"id":228837,"date":"2026-03-11T11:52:54","date_gmt":"2026-03-11T14:52:54","guid":{"rendered":"https:\/\/radioacuariofm.com.ar\/?p=228837"},"modified":"2026-03-11T11:52:55","modified_gmt":"2026-03-11T14:52:55","slug":"que-cosas-son-mas-caras-y-cuales-mas-baratas-en-la-argentina-frente-a-la-region","status":"publish","type":"post","link":"https:\/\/radioacuariofm.com.ar\/?p=228837","title":{"rendered":"Qu\u00e9 cosas son m\u00e1s caras y cu\u00e1les m\u00e1s baratas en la Argentina frente a la regi\u00f3n"},"content":{"rendered":"<p><\/p>\n<div>\n<p class=\"com-paragraph  --capital --s\">La <strong>discusi\u00f3n sobre si la Argentina est\u00e1 \u201ccara en d\u00f3lares\u201d<\/strong> <a href=\"https:\/\/www.lanacion.com.ar\/economia\/los-empresarios-entre-la-sorpresa-y-las-criticas-por-los-embates-de-milei-y-un-mensaje-a-inversores-nid10032026\/\" target=\"_self\" title=\"https:\/\/www.lanacion.com.ar\/economia\/los-empresarios-entre-la-sorpresa-y-las-criticas-por-los-embates-de-milei-y-un-mensaje-a-inversores-nid10032026\/\" class=\"com-link break-word\" data-mrf-recirculation=\"n_link_parrafo\">volvi\u00f3 a instalarse con fuerza en los \u00faltimos meses en medio del impulso del gobierno de Javier Milei a las importaciones y la situaci\u00f3n de crisis en varios sectores industriales. <\/a>Un informe del<em> think tank<\/em> Fundar analiz\u00f3 esa pregunta al comparar el nivel de precios del pa\u00eds con el <strong>promedio de Am\u00e9rica Latina<\/strong> y encontr\u00f3 una realidad heterog\u00e9nea: <strong>algunos rubros aparecen entre los m\u00e1s caros de la regi\u00f3n, mientras que otros siguen siendo relativamente baratos.<\/strong><\/p>\n<p class=\"com-paragraph   --s\">En t\u00e9rminos generales, el estudio muestra que <strong>el costo de vida en la Argentina es alrededor de 8% m\u00e1s bajo que el promedio latinoamericano<\/strong>, calculado al tipo de cambio oficial. Esto ubica al pa\u00eds por debajo de econom\u00edas como Uruguay, Chile, Brasil o M\u00e9xico, aunque todav\u00eda por encima de pa\u00edses como Bolivia, Paraguay o Colombia.<\/p>\n<p class=\"com-paragraph   --s\">Ese promedio, sin embargo, esconde diferencias importantes seg\u00fan el tipo de consumo.<\/p>\n<p class=\"com-paragraph   --s\">De acuerdo con el an\u00e1lisis, <strong>la Argentina es m\u00e1s cara que la media regional en cinco de los once rubros relevados<\/strong>: restaurantes, indumentaria, comunicaciones, recreaci\u00f3n y equipamiento del hogar.<\/p>\n<p class=\"com-paragraph   --s\">Uno de los casos m\u00e1s claros es el de <strong>los restaurantes<\/strong>, donde los precios locales se ubican <strong>45% por encima de la media regional<\/strong>. Algo similar ocurre con <strong>la indumentaria<\/strong>, donde la Argentina tambi\u00e9n aparece <strong>45% m\u00e1s cara que el promedio latinoamericano<\/strong>, lo que la convierte en el pa\u00eds con los precios de ropa m\u00e1s altos de la regi\u00f3n.<\/p>\n<p class=\"com-paragraph   --s\">Otros sectores tambi\u00e9n se ubican por encima de la media regional, aunque con brechas menores. En <strong>comunicaciones<\/strong>, los precios son aproximadamente <strong>29% m\u00e1s altos que el promedio latinoamericano<\/strong>, mientras que en <strong>recreaci\u00f3n<\/strong> \u2014que incluye actividades culturales y de ocio\u2014 se ubican cerca de <strong>12% por encima<\/strong>. El \u00faltimo rubro donde la Argentina aparece m\u00e1s cara es <strong>equipamiento del hogar<\/strong>, con precios alrededor de <strong>4% superiores al promedio regional<\/strong>.<\/p>\n<p class=\"com-paragraph   --s\">En contraste, hay varios sectores donde el pa\u00eds sigue siendo relativamente barato frente al resto de Am\u00e9rica Latina.<\/p>\n<p class=\"com-paragraph   --s\">Por ejemplo, <strong>el transporte es cerca de 5% m\u00e1s barato que el promedio regional<\/strong>, mientras que <strong>los alimentos se ubican alrededor de 9% por debajo<\/strong> de la media latinoamericana.<\/p>\n<p class=\"com-paragraph   --s\">Tambi\u00e9n aparecen m\u00e1s baratos <strong>los servicios de salud<\/strong>, con precios aproximadamente <strong>39% inferiores al promedio regional<\/strong>, y <strong>la educaci\u00f3n<\/strong>, con valores cerca de <strong>17% menores<\/strong>. A eso se suma <strong>alcohol y tabaco<\/strong>, que se ubica alrededor de <strong>21% por debajo del promedio regional<\/strong>, y <strong>vivienda y servicios<\/strong>, que aparece aproximadamente <strong>22% m\u00e1s barato que en Am\u00e9rica Latina<\/strong>.<\/p>\n<p class=\"com-paragraph   --s\">El informe tambi\u00e9n analiza c\u00f3mo evolucionaron esos precios relativos en los \u00faltimos a\u00f1os. En comparaci\u00f3n con enero de 2021, <strong>los precios en la Argentina siguen siendo cerca de 50% m\u00e1s altos en d\u00f3lares<\/strong>, lo que refleja el fuerte encarecimiento que experiment\u00f3 la econom\u00eda en ese per\u00edodo.<\/p>\n<p class=\"com-paragraph   --s\">Sin embargo, en el \u00faltimo tiempo se registr\u00f3 un cambio de tendencia. Seg\u00fan el estudio, <strong>desde la asunci\u00f3n de Javier Milei los precios argentinos se volvieron alrededor de 12% m\u00e1s baratos en comparaci\u00f3n con el promedio regional<\/strong>.<\/p>\n<p class=\"com-paragraph   --s\">Ese movimiento no fue uniforme entre sectores. Entre <strong>noviembre de 2023 y diciembre de 2025<\/strong>, varios rubros vinculados a bienes industriales mostraron fuertes ca\u00eddas en sus precios relativos frente a Am\u00e9rica Latina.<\/p>\n<p class=\"com-paragraph   --s\">El caso m\u00e1s marcado es <strong>la indumentaria<\/strong>, cuyos precios relativos cayeron <strong>39% frente a la regi\u00f3n<\/strong> en ese per\u00edodo. Tambi\u00e9n se registr\u00f3 una baja importante en <strong>equipamiento del hogar<\/strong>, que se abarat\u00f3 <strong>28%<\/strong>, mientras que <strong>alimentos<\/strong> cay\u00f3 <strong>22%<\/strong> y <strong>recreaci\u00f3n<\/strong> alrededor de <strong>21%<\/strong>. Otros rubros como <strong>restaurantes<\/strong> y <strong>salud<\/strong> tambi\u00e9n registraron ca\u00eddas, aunque m\u00e1s moderadas.<\/p>\n<p class=\"com-paragraph   --s\">En cambio, algunos sectores se encarecieron frente al promedio regional. <strong>Vivienda y servicios<\/strong> aument\u00f3 <strong>32% en t\u00e9rminos relativos<\/strong>, mientras que <strong>comunicaciones<\/strong> subi\u00f3 <strong>14%<\/strong> y <strong>educaci\u00f3n<\/strong> cerca de <strong>2%<\/strong>. En <strong>transporte<\/strong>, en cambio, pr\u00e1cticamente no se registraron cambios.<\/p>\n<p class=\"com-paragraph   --s\">El resultado es una estructura de precios muy desigual. Mientras algunos bienes industriales se abarataron frente a la regi\u00f3n, otros sectores vinculados a servicios \u2014especialmente aquellos afectados por la recomposici\u00f3n de tarifas\u2014 se encarecieron.<\/p>\n<p class=\"com-paragraph   --s\">Ese movimiento tambi\u00e9n se dio en un contexto marcado por <strong>la apertura comercial impulsada por el Gobierno y la ca\u00edda de la actividad y el empleo en parte de la industria manufacturera<\/strong>, lo que contribuy\u00f3 a <strong>reconfigurar el mapa de precios entre distintos sectores de la econom\u00eda<\/strong>.<\/p>\n<section class=\"container-center-100 mb-40 border border-bottom border-thin border-neutral-light-700\">\n<hr\/>\n<\/section>\n<\/div>\n","protected":false},"excerpt":{"rendered":"<p>La discusi\u00f3n sobre si la Argentina est\u00e1 \u201ccara en d\u00f3lares\u201d volvi\u00f3 a instalarse con fuerza en los \u00faltimos meses en medio del impulso del gobierno de Javier Milei a las importaciones y la situaci\u00f3n de crisis en varios sectores industriales. Un informe del think tank Fundar analiz\u00f3 esa pregunta al comparar el nivel de precios [&hellip;]<\/p>\n","protected":false},"author":2,"featured_media":228838,"comment_status":"closed","ping_status":"closed","sticky":false,"template":"","format":"standard","meta":{"footnotes":""},"categories":[28],"tags":[],"class_list":["post-228837","post","type-post","status-publish","format-standard","has-post-thumbnail","hentry","category-economia"],"_links":{"self":[{"href":"https:\/\/radioacuariofm.com.ar\/index.php?rest_route=\/wp\/v2\/posts\/228837","targetHints":{"allow":["GET"]}}],"collection":[{"href":"https:\/\/radioacuariofm.com.ar\/index.php?rest_route=\/wp\/v2\/posts"}],"about":[{"href":"https:\/\/radioacuariofm.com.ar\/index.php?rest_route=\/wp\/v2\/types\/post"}],"author":[{"embeddable":true,"href":"https:\/\/radioacuariofm.com.ar\/index.php?rest_route=\/wp\/v2\/users\/2"}],"replies":[{"embeddable":true,"href":"https:\/\/radioacuariofm.com.ar\/index.php?rest_route=%2Fwp%2Fv2%2Fcomments&post=228837"}],"version-history":[{"count":1,"href":"https:\/\/radioacuariofm.com.ar\/index.php?rest_route=\/wp\/v2\/posts\/228837\/revisions"}],"predecessor-version":[{"id":228839,"href":"https:\/\/radioacuariofm.com.ar\/index.php?rest_route=\/wp\/v2\/posts\/228837\/revisions\/228839"}],"wp:featuredmedia":[{"embeddable":true,"href":"https:\/\/radioacuariofm.com.ar\/index.php?rest_route=\/wp\/v2\/media\/228838"}],"wp:attachment":[{"href":"https:\/\/radioacuariofm.com.ar\/index.php?rest_route=%2Fwp%2Fv2%2Fmedia&parent=228837"}],"wp:term":[{"taxonomy":"category","embeddable":true,"href":"https:\/\/radioacuariofm.com.ar\/index.php?rest_route=%2Fwp%2Fv2%2Fcategories&post=228837"},{"taxonomy":"post_tag","embeddable":true,"href":"https:\/\/radioacuariofm.com.ar\/index.php?rest_route=%2Fwp%2Fv2%2Ftags&post=228837"}],"curies":[{"name":"wp","href":"https:\/\/api.w.org\/{rel}","templated":true}]}}