{"id":228834,"date":"2026-03-11T11:44:25","date_gmt":"2026-03-11T14:44:25","guid":{"rendered":"https:\/\/radioacuariofm.com.ar\/?p=228834"},"modified":"2026-03-11T11:44:26","modified_gmt":"2026-03-11T14:44:26","slug":"marzo-trae-al-teatro-del-bicentenario-las-mejores-propuestas-escenicas","status":"publish","type":"post","link":"https:\/\/radioacuariofm.com.ar\/?p=228834","title":{"rendered":"Marzo trae al Teatro del Bicentenario las mejores propuestas esc\u00e9nicas"},"content":{"rendered":"<p><\/p>\n<div>\n<p>El Teatro del Bicentenario, dependiente del Ministerio de Turismo, Cultura y Deporte, presenta su agenda de marzo de 2026 con una variada programaci\u00f3n de espect\u00e1culos que tendr\u00e1n lugar tanto en la Sala Principal como en la Sala Audit\u00f3rium. Durante el mes, el p\u00fablico podr\u00e1 disfrutar de conciertos, experiencias esc\u00e9nicas interdisciplinarias, festivales de m\u00fasica barroca, espect\u00e1culos musicales y propuestas teatrales con la participaci\u00f3n de artistas locales, nacionales e internacionales.<\/p>\n<p>La d\u00e9cima temporada del Teatro del Bicentenario comenzar\u00e1 con \u201cReflejos de Macondo\u201d, una propuesta sensorial inspirada en Cien a\u00f1os de soledad, la obra maestra de Gabriel Garc\u00eda M\u00e1rquez. El espect\u00e1culo propone un encuentro \u00edntimo entre la fotograf\u00eda de \u00d3scar Perfer y el piano de Mar\u00eda Jos\u00e9 de Bustos, quien interpretar\u00e1 obras de Claude Debussy, Fr\u00e9d\u00e9ric Chopin y Franz Schubert. La experiencia se desarrollar\u00e1 en un formato no convencional, con aforo reducido y una puesta especialmente dise\u00f1ada para que el p\u00fablico se introduzca en el universo po\u00e9tico de Macondo. Como parte de la propuesta, quienes asistan podr\u00e1n disfrutar adem\u00e1s de una degustaci\u00f3n de vinos especialmente seleccionados. Las funciones se realizar\u00e1n el viernes 13 de marzo a las 19 y a las 22, en el escenario de la Sala Principal del Teatro del Bicentenario. Las entradas tienen un valor de $50.000 y pueden adquirirse en la boleter\u00eda del teatro, con descuentos exclusivos, o a trav\u00e9s de tuentrada.com.<\/p>\n<p>La temporada 2026 de la Sala Audit\u00f3rium comenzar\u00e1 con \u201cMerk\u00e9n Barroco\u201d, una propuesta esc\u00e9nica que combina m\u00fasica, movimiento y t\u00edteres. El conjunto vocal Merk\u00e9n Proyectos presentar\u00e1 un programa que reinterpreta el repertorio barroco desde una mirada contempor\u00e1nea, integrando actuaci\u00f3n y movimiento corporal en un recorrido interdisciplinario que propone nuevas formas de aproximarse a este g\u00e9nero musical. La funci\u00f3n ser\u00e1 el viernes 20 de marzo a las 21 en la Sala Audit\u00f3rium del Teatro del Bicentenario. La entrada general tiene un valor de $15.000 y tambi\u00e9n cuenta con descuentos exclusivos en boleter\u00eda del teatro y en TuEntrada.com.<\/p>\n<p>Durante el mes tambi\u00e9n se desarrollar\u00e1 una nueva edici\u00f3n de FestiBACH Oto\u00f1o 2026, un encuentro dedicado a la m\u00fasica de Johann Sebastian Bach que reunir\u00e1 a destacados artistas internacionales en conciertos y actividades formativas. El concierto principal contar\u00e1 con la participaci\u00f3n de la reconocida soprano alemana Sibylla Rubens y el clavecinista Nikolai Ott, quienes compartir\u00e1n escenario con m\u00fasicos locales y docentes de la Orquesta Escuela. Adem\u00e1s, entre el 22 y el 24 de marzo se realizar\u00e1n masterclasses de canto y de bajo continuo, generando espacios de formaci\u00f3n e intercambio art\u00edstico para estudiantes y m\u00fasicos. El concierto se llevar\u00e1 a cabo el 21 de marzo a las 21 en la Sala Audit\u00f3rium del Teatro del Bicentenario. La entrada general tiene un valor de $10.000 y puede adquirirse con descuentos en la boleter\u00eda del teatro o a trav\u00e9s de TuEntrada.com.<\/p>\n<p>La agenda continuar\u00e1 el viernes 27 de marzo a las 22 con la presentaci\u00f3n del artista sanjuanino Fernando Aguilera junto a su banda Los Energ\u00famenos, quienes se presentar\u00e1n por primera vez en el Teatro del Bicentenario con un espect\u00e1culo que marcar\u00e1 el inicio de su gira por la regi\u00f3n de Cuyo. La propuesta integra m\u00fasica, danza y teatro en una experiencia esc\u00e9nica din\u00e1mica que fusiona rock, tango, folclore y candombe, invitando al p\u00fablico a recorrer distintos universos sonoros y visuales. La entrada general tiene un valor de $12.000 y se encuentra disponible en la boleter\u00eda del teatro y en TuEntrada.com.<\/p>\n<p>La programaci\u00f3n de marzo se completar\u00e1 con la obra teatral \u201c\u00a1Qu\u00e9 me van a hablar de amor!\u201d, escrita y protagonizada por Carlota Ruffa. La puesta presenta a Ofelia, una mujer que revisita el amor desde sus pliegues m\u00e1s profundos: los mandatos, las dudas, los desencuentros y las formas en que estas experiencias atraviesan la vida cotidiana. A trav\u00e9s de un relato \u00edntimo y sensible, la historia dialoga con los v\u00ednculos contempor\u00e1neos y propone un espejo en el que el p\u00fablico puede reconocerse. La funci\u00f3n ser\u00e1 el s\u00e1bado 28 de marzo a las 21 en la Sala Audit\u00f3rium del Teatro del Bicentenario. Las entradas tienen un valor general de $14.000 y cuentan con descuentos exclusivos en boleter\u00eda del teatro y en TuEntrada.com.<\/p>\n<\/p><\/div>\n<p><script async defer crossorigin=\"anonymous\" src=\"https:\/\/connect.facebook.net\/es_ES\/sdk.js#xfbml=1&#038;version=v3.3\"><\/script><\/p>\n","protected":false},"excerpt":{"rendered":"<p>El Teatro del Bicentenario, dependiente del Ministerio de Turismo, Cultura y Deporte, presenta su agenda de marzo de 2026 con una variada programaci\u00f3n de espect\u00e1culos que tendr\u00e1n lugar tanto en la Sala Principal como en la Sala Audit\u00f3rium. Durante el mes, el p\u00fablico podr\u00e1 disfrutar de conciertos, experiencias esc\u00e9nicas interdisciplinarias, festivales de m\u00fasica barroca, espect\u00e1culos [&hellip;]<\/p>\n","protected":false},"author":2,"featured_media":228835,"comment_status":"closed","ping_status":"closed","sticky":false,"template":"","format":"standard","meta":{"footnotes":""},"categories":[27],"tags":[],"class_list":["post-228834","post","type-post","status-publish","format-standard","has-post-thumbnail","hentry","category-san-juan"],"_links":{"self":[{"href":"https:\/\/radioacuariofm.com.ar\/index.php?rest_route=\/wp\/v2\/posts\/228834","targetHints":{"allow":["GET"]}}],"collection":[{"href":"https:\/\/radioacuariofm.com.ar\/index.php?rest_route=\/wp\/v2\/posts"}],"about":[{"href":"https:\/\/radioacuariofm.com.ar\/index.php?rest_route=\/wp\/v2\/types\/post"}],"author":[{"embeddable":true,"href":"https:\/\/radioacuariofm.com.ar\/index.php?rest_route=\/wp\/v2\/users\/2"}],"replies":[{"embeddable":true,"href":"https:\/\/radioacuariofm.com.ar\/index.php?rest_route=%2Fwp%2Fv2%2Fcomments&post=228834"}],"version-history":[{"count":1,"href":"https:\/\/radioacuariofm.com.ar\/index.php?rest_route=\/wp\/v2\/posts\/228834\/revisions"}],"predecessor-version":[{"id":228836,"href":"https:\/\/radioacuariofm.com.ar\/index.php?rest_route=\/wp\/v2\/posts\/228834\/revisions\/228836"}],"wp:featuredmedia":[{"embeddable":true,"href":"https:\/\/radioacuariofm.com.ar\/index.php?rest_route=\/wp\/v2\/media\/228835"}],"wp:attachment":[{"href":"https:\/\/radioacuariofm.com.ar\/index.php?rest_route=%2Fwp%2Fv2%2Fmedia&parent=228834"}],"wp:term":[{"taxonomy":"category","embeddable":true,"href":"https:\/\/radioacuariofm.com.ar\/index.php?rest_route=%2Fwp%2Fv2%2Fcategories&post=228834"},{"taxonomy":"post_tag","embeddable":true,"href":"https:\/\/radioacuariofm.com.ar\/index.php?rest_route=%2Fwp%2Fv2%2Ftags&post=228834"}],"curies":[{"name":"wp","href":"https:\/\/api.w.org\/{rel}","templated":true}]}}