{"id":228818,"date":"2026-03-11T09:33:55","date_gmt":"2026-03-11T12:33:55","guid":{"rendered":"https:\/\/radioacuariofm.com.ar\/?p=228818"},"modified":"2026-03-11T09:33:57","modified_gmt":"2026-03-11T12:33:57","slug":"san-juan-lidera-el-debate-nacional-sobre-almacenamiento-energetico","status":"publish","type":"post","link":"https:\/\/radioacuariofm.com.ar\/?p=228818","title":{"rendered":"San Juan lidera el debate nacional sobre almacenamiento energ\u00e9tico"},"content":{"rendered":"<p><\/p>\n<div>\n<p>El <strong>Gobierno de San Juan<\/strong>, a trav\u00e9s de <strong>Energ\u00eda Provincial Sociedad del Estado (EPSE),<\/strong> particip\u00f3 del Renewables &amp; Storage FES Argentina 2026, el encuentro m\u00e1s importante del pa\u00eds en materia de energ\u00eda solar y almacenamiento, realizado en la Ciudad de Buenos Aires.<\/p>\n<p>El evento, organizado por Energ\u00eda Estrat\u00e9gica, reuni\u00f3 a los principales actores del sector energ\u00e9tico nacional e internacional \u2014desarrolladores, fabricantes de tecnolog\u00eda, utilities, organismos p\u00fablicos y reguladores\u2014 para analizar el presente y el futuro del mercado renovable argentino.<\/p>\n<p>En representaci\u00f3n del Gobierno provincial, el <strong>presidente de EPSE, Lucas Estrada, integr\u00f3 el panel \u201cInnovaci\u00f3n tecnol\u00f3gica en solar y almacenamiento en l\u00ednea con los nuevos proyectos renovables de Argentina\u201d<\/strong>, donde expuso la experiencia sanjuanina y los desaf\u00edos estructurales que enfrenta la provincia para continuar ampliando su matriz renovable.<\/p>\n<h3><strong>San Juan, al l\u00edmite de su capacidad solar<\/strong><\/h3>\n<p>Durante su intervenci\u00f3n, Estrada explic\u00f3 que <strong>San Juan<\/strong> se encuentra actualmente al l\u00edmite de su capacidad de exportaci\u00f3n de energ\u00eda solar debido a restricciones en la infraestructura de transporte el\u00e9ctrico. \u201cNo tenemos posibilidad de inyectar m\u00e1s renovables sin aportar estabilidad al sistema. <strong>Para San Juan, el almacenamiento no es solo una oportunidad: es una necesidad t\u00e9cnica<\/strong>\u201d, sostuvo.<\/p>\n<p>En ese sentido, remarc\u00f3 que la incorporaci\u00f3n de sistemas de almacenamiento permitir\u00e1 aportar inercia y estabilidad a la red, ampliar la capacidad de generaci\u00f3n renovable y mejorar la competitividad de los proyectos solares provinciales.<\/p>\n<p>Gracias a sus niveles de radiaci\u00f3n \u2014entre los m\u00e1s altos del pa\u00eds\u2014, <strong>un parque solar con almacenamiento en San Juan <\/strong>puede alcanzar factores de planta que le permitan competir incluso en el mercado de potencia firme, consolidando una matriz m\u00e1s eficiente y sostenible.<\/p>\n<h3><strong>Energ\u00eda como pol\u00edtica de Estado<\/strong><\/h3>\n<p>Estrada puso en valor que el <strong>desarrollo energ\u00e9tico en San Juan<\/strong> es una pol\u00edtica de Estado sostenida en el tiempo y alineada con la visi\u00f3n estrat\u00e9gica del gobernador Marcelo Orrego, quien ha definido a la energ\u00eda como uno de los ejes centrales para el crecimiento productivo y la competitividad provincial.<\/p>\n<p>En ese marco, se\u00f1al\u00f3 que la gesti\u00f3n del <strong>gobernador Orrego<\/strong> impulsa una planificaci\u00f3n energ\u00e9tica con mirada de largo plazo, enfocada en consolidar reglas claras, atraer inversiones y fortalecer la infraestructura el\u00e9ctrica necesaria para sostener el crecimiento renovable.<\/p>\n<p>\u201c<strong>La energ\u00eda en San Juan no es un proyecto aislado: es una decisi\u00f3n estrat\u00e9gica que genera desarrollo<\/strong>, empleo y nuevas oportunidades para la provincia\u201d, expres\u00f3 Estrada.<\/p>\n<p>Asimismo, remarc\u00f3 que EPSE es la herramienta t\u00e9cnica del Gobierno de San Juan para viabilizar proyectos energ\u00e9ticos, acompa\u00f1ar la inversi\u00f3n privada y consolidar una matriz <strong>competitiva que articule energ\u00edas renovables, miner\u00eda e industria.<\/strong><\/p>\n<h3><strong>Previsibilidad para atraer inversiones<\/strong><\/h3>\n<p>El titular de EPSE destac\u00f3 que los principales desaf\u00edos actuales no son tecnol\u00f3gicos, sino financieros y regulatorios. \u201cEl modelo t\u00e9cnico est\u00e1 probado a nivel internacional. El desaf\u00edo en Argentina es sostener reglas claras y previsibilidad en el tiempo para que bajen las tasas de financiamiento y los proyectos sean m\u00e1s competitivos\u201d, afirm\u00f3.<\/p>\n<p>En este sentido, subray\u00f3 que el acompa\u00f1amiento institucional del Gobierno provincial resulta clave para generar confianza y posicionar a San Juan como uno de los destinos m\u00e1s s\u00f3lidos para la inversi\u00f3n energ\u00e9tica en el pa\u00eds.<\/p>\n<h3><strong>El contexto del FES Argentina 2026<\/strong><\/h3>\n<p>Durante las dos jornadas del encuentro se abordaron temas centrales para el sector:<\/p>\n<p>El crecimiento del almacenamiento como soluci\u00f3n a nodos saturados.<\/p>\n<p>La hibridaci\u00f3n de proyectos solares y e\u00f3licos.<\/p>\n<p>Nuevos esquemas regulatorios para remunerar potencia y servicios complementarios.<\/p>\n<p>La necesidad de inversi\u00f3n en infraestructura de transporte el\u00e9ctrico.<\/p>\n<p>El impacto de la volatilidad internacional en precios de m\u00f3dulos y bater\u00edas.<\/p>\n<p>Con casi 8 GW de potencia renovable instalada en el pa\u00eds y nuevas licitaciones en marcha para almacenamiento, <strong>el foro confirm\u00f3 que el storage ser\u00e1 uno de los ejes estrat\u00e9gicos<\/strong> del sistema el\u00e9ctrico argentino en los pr\u00f3ximos a\u00f1os.<\/p>\n<p><strong>La participaci\u00f3n de San Juan en este espacio reafirma su liderazgo en la transici\u00f3n energ\u00e9tica<\/strong> nacional y consolida su posicionamiento como provincia pionera en energ\u00edas renovables, con una pol\u00edtica energ\u00e9tica sostenida por el Gobierno de San Juan y ejecutada t\u00e9cnicamente por EPSE.<\/p>\n<\/p><\/div>\n<p><script async defer crossorigin=\"anonymous\" src=\"https:\/\/connect.facebook.net\/es_ES\/sdk.js#xfbml=1&#038;version=v3.3\"><\/script><\/p>\n","protected":false},"excerpt":{"rendered":"<p>El Gobierno de San Juan, a trav\u00e9s de Energ\u00eda Provincial Sociedad del Estado (EPSE), particip\u00f3 del Renewables &amp; Storage FES Argentina 2026, el encuentro m\u00e1s importante del pa\u00eds en materia de energ\u00eda solar y almacenamiento, realizado en la Ciudad de Buenos Aires. El evento, organizado por Energ\u00eda Estrat\u00e9gica, reuni\u00f3 a los principales actores del sector [&hellip;]<\/p>\n","protected":false},"author":2,"featured_media":228819,"comment_status":"closed","ping_status":"closed","sticky":false,"template":"","format":"standard","meta":{"footnotes":""},"categories":[27],"tags":[],"class_list":["post-228818","post","type-post","status-publish","format-standard","has-post-thumbnail","hentry","category-san-juan"],"_links":{"self":[{"href":"https:\/\/radioacuariofm.com.ar\/index.php?rest_route=\/wp\/v2\/posts\/228818","targetHints":{"allow":["GET"]}}],"collection":[{"href":"https:\/\/radioacuariofm.com.ar\/index.php?rest_route=\/wp\/v2\/posts"}],"about":[{"href":"https:\/\/radioacuariofm.com.ar\/index.php?rest_route=\/wp\/v2\/types\/post"}],"author":[{"embeddable":true,"href":"https:\/\/radioacuariofm.com.ar\/index.php?rest_route=\/wp\/v2\/users\/2"}],"replies":[{"embeddable":true,"href":"https:\/\/radioacuariofm.com.ar\/index.php?rest_route=%2Fwp%2Fv2%2Fcomments&post=228818"}],"version-history":[{"count":1,"href":"https:\/\/radioacuariofm.com.ar\/index.php?rest_route=\/wp\/v2\/posts\/228818\/revisions"}],"predecessor-version":[{"id":228820,"href":"https:\/\/radioacuariofm.com.ar\/index.php?rest_route=\/wp\/v2\/posts\/228818\/revisions\/228820"}],"wp:featuredmedia":[{"embeddable":true,"href":"https:\/\/radioacuariofm.com.ar\/index.php?rest_route=\/wp\/v2\/media\/228819"}],"wp:attachment":[{"href":"https:\/\/radioacuariofm.com.ar\/index.php?rest_route=%2Fwp%2Fv2%2Fmedia&parent=228818"}],"wp:term":[{"taxonomy":"category","embeddable":true,"href":"https:\/\/radioacuariofm.com.ar\/index.php?rest_route=%2Fwp%2Fv2%2Fcategories&post=228818"},{"taxonomy":"post_tag","embeddable":true,"href":"https:\/\/radioacuariofm.com.ar\/index.php?rest_route=%2Fwp%2Fv2%2Ftags&post=228818"}],"curies":[{"name":"wp","href":"https:\/\/api.w.org\/{rel}","templated":true}]}}