{"id":228807,"date":"2026-03-11T06:56:53","date_gmt":"2026-03-11T09:56:53","guid":{"rendered":"https:\/\/radioacuariofm.com.ar\/?p=228807"},"modified":"2026-03-11T06:56:53","modified_gmt":"2026-03-11T09:56:53","slug":"kast-asume-con-el-desafio-de-cumplir-una-ambiciosa-agenda-en-medio-de-un-complicado-escenario-externo","status":"publish","type":"post","link":"https:\/\/radioacuariofm.com.ar\/?p=228807","title":{"rendered":"Kast asume con el desaf\u00edo de cumplir una ambiciosa agenda en medio de un complicado escenario externo"},"content":{"rendered":"<p> <br \/>\n<\/p>\n<div>\n<p class=\"com-paragraph  --capital --s\">SANTIAGO, Chile\u2013 El conservador <strong>Jos\u00e9 Antonio Kast<\/strong> asumir\u00e1 este mi\u00e9rcoles el poder en Chile, en un contexto internacional mucho m\u00e1s complejo que cuando fue elegido y que pondr\u00e1 a prueba su gesti\u00f3n desde el primer d\u00eda.<\/p>\n<p class=\"com-paragraph   --s\">La ceremonia principal de transmisi\u00f3n del mando presidencial tendr\u00e1 lugar el mediod\u00eda en el <strong>Congreso Nacional,<\/strong> ubicado en la ciudad de <strong>Valpara\u00edso,<\/strong> a una hora y media de la capital. En ella estar\u00e1n presentes doce jefes de Estado, entre ellos <strong>Javier Milei.<\/strong><\/p>\n<p class=\"com-paragraph   --s\">Con promesas de crecimiento econ\u00f3mico, desregulaci\u00f3n y recorte del gasto p\u00fablico, as\u00ed como de mano dura a la delincuencia y firmeza con la inmigraci\u00f3n, <strong>los mercados locales celebraron tras la elecci\u00f3n de Kast en diciembre pasado. <\/strong>Sin embargo, el impulso se ha truncado a medida que la guerra en Ir\u00e1n golpea los mercados globales.<\/p>\n<div class=\"content-media\">\n<section role=\"button\" class=\"mod-media   \">\n<figure role=\"button\" class=\"mod-figure \"><figcaption class=\"mod-figcaption\"><span class=\"com-text --caption --twoxs\">Jos\u00e9 Antonio Kast y el presidente saliente Gabriel Boric (Archivo) <\/span><span class=\"com-text --credit --twoxs\">RODRIGO ARANGUA  &#8211; AFP <\/span><\/figcaption><\/figure>\n<\/section>\n<\/div>\n<p class=\"com-paragraph   --s\">\u201cLas prioridades van a quedar relativamente estables, <strong>pero la capacidad de materializar podr\u00eda verse afectada.<\/strong> No solamente el tipo de cambio, sino la inflaci\u00f3n, tambi\u00e9n, condiciones que podr\u00edan afectar el crecimiento\u00bb, se\u00f1al\u00f3 el analista pol\u00edtico Kenneth Bunker, acad\u00e9mico de la Universidad de San Sebasti\u00e1n.<\/p>\n<p class=\"com-paragraph   --s\">Antes de la guerra en Ir\u00e1n, <strong>se estimaba que Chile podr\u00eda recibir hasta 4000 millones de d\u00f3lares adicionales por al alza en los precios del cobre,<\/strong> su mayor fuente de ingresos. Pero el precio ha estado vol\u00e1til en las \u00faltimas semanas e incluso <strong>lleg\u00f3 a caer un 8% desde el m\u00e1ximo. <\/strong><\/p>\n<p class=\"com-paragraph   --s\">Chile tambi\u00e9n <strong>es uno de los mayores importadores de petr\u00f3leo de Am\u00e9rica Latina<\/strong> debido a su escasa producci\u00f3n local,<a href=\"https:\/\/www.lanacion.com.ar\/estados-unidos\/trump-dice-que-el-aumento-del-petroleo-por-la-guerra-con-iran-es-un-pequeno-precio-a-pagar-nid08032026\/\" target=\"_self\" title=\"https:\/\/www.lanacion.com.ar\/estados-unidos\/trump-dice-que-el-aumento-del-petroleo-por-la-guerra-con-iran-es-un-pequeno-precio-a-pagar-nid08032026\/\" class=\"com-link break-word\" data-mrf-recirculation=\"n_link_parrafo\"> lo que aumenta el impacto del avance en los precios del crudo,<\/a> que alcanz\u00f3 casi los 120 d\u00f3lares por barril desde que estall\u00f3 la guerra.<\/p>\n<p class=\"com-paragraph   --s\"><strong>\u201cLa guerra con Ir\u00e1n ha incrementado considerablemente los riesgos de inflaci\u00f3n\u201d,<\/strong> afirm\u00f3 Oxford Economics en un informe que analiza los mercados emergentes. El informe a\u00f1adi\u00f3 que <strong>Europa Central y Oriental, Chile y la India<\/strong> ser\u00edan los m\u00e1s afectados en un shock petrolero. <\/p>\n<div class=\"content-media\">\n<section role=\"button\" class=\"mod-media   \">\n<figure role=\"button\" class=\"mod-figure \"><figcaption class=\"mod-figcaption\"><span class=\"com-text --caption --twoxs\">La mina de cobre de Los Bronces, a 60 km de Santiago<\/span><span class=\"com-text --credit --twoxs\">Ivan Alvarado &#8211; X01744<\/span><\/figcaption><\/figure>\n<\/section>\n<\/div>\n<p class=\"com-paragraph   --s\">Chile \u201ces muy sensible a los choques externos, muy sensible, <strong>ya sea geopol\u00edticos, ya sean aspectos militares<\/strong> o ya sea fluctuaciones muy fuertes en las bolsas del mundo\u00bb, afirm\u00f3 Marcela Vera, economista de la Universidad de Santiago. \u201cPosee muy pocas barreras de protecci\u00f3n financiera a la econom\u00eda nacional. Pero adem\u00e1s tiene muchos tratados de libre comercio, entonces su modelo est\u00e1 basado en un sistema primario exportador\u201d.<\/p>\n<p class=\"com-paragraph   --s\">Kast llega al poder, adem\u00e1s, en medio de una encrucijada geopol\u00edtica, <strong>marcada por el pulso firme entre Estados Unidos, <\/strong>que busca recuperar su influencia en Am\u00e9rica Latina, <strong>y China,<\/strong> principal socio comercial no solo de Chile sino de gran parte de los pa\u00edses de la regi\u00f3n.<\/p>\n<p class=\"com-paragraph   --s\">\u201cHoy lo que m\u00e1s enfoca la atenci\u00f3n es cu\u00e1l es la situaci\u00f3n que hereda la presidencia de Kast respecto de una enorme expectativa de <strong>alineamiento pol\u00edtico con la Casa Blanca<\/strong> y cu\u00e1l es el margen de maniobra que tiene la nueva administraci\u00f3n\u00bb para otros socios, dijo Mariano Machado, analista principal para las Am\u00e9ricas de la empresa de inteligencia de riesgos Verisk Maplecroft.<\/p>\n<p class=\"com-paragraph   --s\">A lo largo de la campa\u00f1a Kast evit\u00f3 pronunciarse sobre temas pol\u00e9micos, tanto dentro como fuera de la esfera nacional, aunque <strong>hizo gui\u00f1os a la administraci\u00f3n de Donald Trump <\/strong>y alab\u00f3 la operaci\u00f3n de Estados Unidos que culmin\u00f3 con el arresto del venezolano <strong>Nicol\u00e1s Maduro.<\/strong><\/p>\n<div class=\"content-media\">\n<section role=\"button\" class=\"mod-media   \">\n<figure role=\"button\" class=\"mod-figure \"><figcaption class=\"mod-figcaption\"><span class=\"com-text --caption --twoxs\">Javier Milei recibe a Jos\u00e9 Antonio Kast en su despacho de la casa Rosada (Archivo) <\/span><span class=\"com-text --credit --twoxs\">Presidencia<\/span><\/figcaption><\/figure>\n<\/section>\n<\/div>\n<p class=\"com-paragraph   --s\">En ese marco, Trump felicit\u00f3 a Kast tras el triunfo y lo invit\u00f3 a su cumbre celebrada en Miami y que reuni\u00f3 el fin de semana a varios l\u00edderes latinoamericanos como Milei y el salvadore\u00f1o Nayib Bukele. <strong>\u201cTodo indica que vamos a tener un alineamiento muy importante de Chile con las directrices emanadas desde Washington\u201d,<\/strong> subray\u00f3 el analista pol\u00edtico Gilberto Aranda, de la Universidad de Chile.<\/p>\n<p class=\"com-paragraph   --s\">Kast dio por terminado el proceso de traspaso de mando<a href=\"https:\/\/www.lanacion.com.ar\/el-mundo\/kast-suspende-el-traspaso-con-boric-en-medio-de-presiones-de-eeuu-por-un-proyecto-con-china-nid03032026\/\" target=\"_self\" title=\"https:\/\/www.lanacion.com.ar\/el-mundo\/kast-suspende-el-traspaso-con-boric-en-medio-de-presiones-de-eeuu-por-un-proyecto-con-china-nid03032026\/\" class=\"com-link break-word\" data-mrf-recirculation=\"n_link_parrafo\"> tras diferencias con el presidente Gabriel Boric <\/a>acerca de un proyecto que <strong>busca instalar un cable submarino<\/strong> que, si es aprobado, conectar\u00eda China y Chile, lo que despert\u00f3 la cr\u00edtica de Estados Unidos y profundiz\u00f3 a\u00fan m\u00e1s la grieta diplom\u00e1tica entre la administraci\u00f3n de Boric y Washington.<\/p>\n<p class=\"com-paragraph   --s\">La capacidad de respuesta del Ejecutivo ser\u00e1 clave para determinar el rumbo del gobierno, que <strong>deber\u00e1 dialogar y negociar<\/strong> <strong>con un fragmentado Parlamento<\/strong> a fin de garantizar gobernabilidad y sacar adelante sus principales proyectos.<\/p>\n<p class=\"com-paragraph   --s\">\u201cSi en los primeros 100 d\u00edas hay volumen, tracci\u00f3n, se\u00f1al de direcci\u00f3n, generalmente la corporaci\u00f3n pol\u00edtica <strong>busca alineamiento<\/strong> o por lo menos no entorpecer las prioridades de la gesti\u00f3n\u00bb, dijo Mariano Machado, analista principal para las Am\u00e9ricas de la empresa de inteligencia de riesgos Verisk Maplecroft. <strong>\u201cSi no se ve esa claridad en los primeros 100 d\u00edas\u2026 sucede lo contrario\u201d.<\/strong><\/p>\n<div class=\"content-media\">\n<section role=\"button\" class=\"mod-media   \">\n<figure role=\"button\" class=\"mod-figure \"><figcaption class=\"mod-figcaption\"><span class=\"com-text --caption --twoxs\">Gabriel Boric durante un discurso en la Cuarta Reuni\u00f3n Ministerial del Foro de China y la Comunidad de Estados Latinoamericanos y Caribe\u00f1os en Pek\u00edn (Archivo) <\/span><span class=\"com-text --credit --twoxs\">Andy Wong &#8211; AP<\/span><\/figcaption><\/figure>\n<\/section>\n<\/div>\n<p class=\"com-paragraph   --s\">En ese sentido, la suspensi\u00f3n del proceso de transici\u00f3n \u2013algo in\u00e9dito desde el regreso de la democracia en 1990\u2013 a falta de una semana para el cambio de mando <strong>podr\u00eda empa\u00f1ar la imagen de la administraci\u00f3n entrante <\/strong>y confirmar la aprensi\u00f3n de los cr\u00edticos de que <strong>se vienen unos tiempos muy polarizados y de mucho desencuentro.<\/strong><\/p>\n<p class=\"com-paragraph   --s\">Dentro de esta capacidad de respuesta, adem\u00e1s de los desaf\u00edos econ\u00f3micos est\u00e1 la postura rigorista de Kast frente al crimen y la inmigraci\u00f3n, dos \u00edtems que prometi\u00f3 encarar con firmeza y que lo llevaron al triunfo. <\/p>\n<p class=\"com-paragraph   --s\">En 2021, Kast lleg\u00f3 a acariciar la presidencia, pero fue derrotado por Boric. En aquel entonces, sus posturas, como la oposici\u00f3n al aborto y al matrimonio igualitario o la complacencia con la dictadura de <strong>Augusto Pinochet<\/strong> (1973-1990), fueron ampliamente rechazadas por los chilenos.<\/p>\n<p class=\"com-paragraph   --s\">Sin embargo, cuatro a\u00f1os despu\u00e9s, sus promesas de luchar contra la delincuencia y la inmigraci\u00f3n <strong>obtuvieron el apoyo de cerca de 60% de los votantes<\/strong> en un pa\u00eds azotado por un aumento sin precedentes del crimen organizado y decepcionado por las grandes expectativas que el gobierno de Boric gener\u00f3 pero no se han cumplido.<\/p>\n<div class=\"content-media\">\n<section role=\"button\" class=\"mod-media   \">\n<figure role=\"button\" class=\"mod-figure \"><figcaption class=\"mod-figcaption\"><span class=\"com-text --caption --twoxs\">Migrantes avanzan a pie cerca del paso fronterizo de Arica en Chile<\/span><span class=\"com-text --credit --twoxs\">PATRICIO ARANA  &#8211; AFP <\/span><\/figcaption><\/figure>\n<\/section>\n<\/div>\n<p class=\"com-paragraph   --s\"><strong>\u201cEl concepto dominante del futuro gobierno de Kast es el concepto de emergencia, particularmente en el \u00e1mbito de la seguridad\u201d,<\/strong> dijo Aranda. \u201cTanto <strong>la econom\u00eda como la inmigraci\u00f3n <\/strong>est\u00e1n enmarcados dentro de esa narrativa de decadentismo, de deterioro de la calidad de vida, deterioro econ\u00f3mico, deterioro producto de la llegada de inmigrantes que han de alguna manera socavado la seguridad ciudadana\u00bb.<\/p>\n<p class=\"com-paragraph   --s\">Kast ha abogado por medidas que van desde la ampliaci\u00f3n de la leg\u00edtima defensa hasta incursiones policiales y militares para recuperar zonas <strong>\u201cbajo el dominio narco\u201d.<\/strong> En cuanto a la migraci\u00f3n irregular, ha prometido convertirla en un delito, impulsar las expulsiones masivas y reforzar las fronteras con la construcci\u00f3n de <strong>\u201cvallas y muros\u201d.<\/strong><\/p>\n<p class=\"com-paragraph   --s\">El gran ausente a la investidura ser\u00e1 el presidente brasile\u00f1o, <strong>Lula da Silva,<\/strong> quien este martes cancel\u00f3 su viaje. A pesar de sus diferencias ideol\u00f3gicas, el izquierdista Lula y el derechista Kast sostuvieron una reuni\u00f3n en enero en Panam\u00e1, donde aparecieron d\u00e1ndose un abrazo. Pero queda por ver c\u00f3mo conduce el nuevo gobierno la relaci\u00f3n con la principal econom\u00eda de la regi\u00f3n.<\/p>\n<p class=\"com-paragraph   --s\"><strong>Agencias AFP, AP y ANSA <\/strong><\/p>\n<section class=\"container-center-100 mb-40 border border-bottom border-thin border-neutral-light-700\">\n<hr\/>\n<\/section>\n<\/div>\n\n","protected":false},"excerpt":{"rendered":"<p>SANTIAGO, Chile\u2013 El conservador Jos\u00e9 Antonio Kast asumir\u00e1 este mi\u00e9rcoles el poder en Chile, en un contexto internacional mucho m\u00e1s complejo que cuando fue elegido y que pondr\u00e1 a prueba su gesti\u00f3n desde el primer d\u00eda. La ceremonia principal de transmisi\u00f3n del mando presidencial tendr\u00e1 lugar el mediod\u00eda en el Congreso Nacional, ubicado en la [&hellip;]<\/p>\n","protected":false},"author":2,"featured_media":0,"comment_status":"closed","ping_status":"closed","sticky":false,"template":"","format":"standard","meta":{"footnotes":""},"categories":[1],"tags":[],"class_list":["post-228807","post","type-post","status-publish","format-standard","hentry","category-uncategorized"],"_links":{"self":[{"href":"https:\/\/radioacuariofm.com.ar\/index.php?rest_route=\/wp\/v2\/posts\/228807","targetHints":{"allow":["GET"]}}],"collection":[{"href":"https:\/\/radioacuariofm.com.ar\/index.php?rest_route=\/wp\/v2\/posts"}],"about":[{"href":"https:\/\/radioacuariofm.com.ar\/index.php?rest_route=\/wp\/v2\/types\/post"}],"author":[{"embeddable":true,"href":"https:\/\/radioacuariofm.com.ar\/index.php?rest_route=\/wp\/v2\/users\/2"}],"replies":[{"embeddable":true,"href":"https:\/\/radioacuariofm.com.ar\/index.php?rest_route=%2Fwp%2Fv2%2Fcomments&post=228807"}],"version-history":[{"count":0,"href":"https:\/\/radioacuariofm.com.ar\/index.php?rest_route=\/wp\/v2\/posts\/228807\/revisions"}],"wp:attachment":[{"href":"https:\/\/radioacuariofm.com.ar\/index.php?rest_route=%2Fwp%2Fv2%2Fmedia&parent=228807"}],"wp:term":[{"taxonomy":"category","embeddable":true,"href":"https:\/\/radioacuariofm.com.ar\/index.php?rest_route=%2Fwp%2Fv2%2Fcategories&post=228807"},{"taxonomy":"post_tag","embeddable":true,"href":"https:\/\/radioacuariofm.com.ar\/index.php?rest_route=%2Fwp%2Fv2%2Ftags&post=228807"}],"curies":[{"name":"wp","href":"https:\/\/api.w.org\/{rel}","templated":true}]}}