{"id":228804,"date":"2026-03-11T05:55:53","date_gmt":"2026-03-11T08:55:53","guid":{"rendered":"https:\/\/radioacuariofm.com.ar\/?p=228804"},"modified":"2026-03-11T05:55:55","modified_gmt":"2026-03-11T08:55:55","slug":"el-vaticano-rescato-un-redentor-inedito-de-el-greco-de-mas-de-430-anos","status":"publish","type":"post","link":"https:\/\/radioacuariofm.com.ar\/?p=228804","title":{"rendered":"El Vaticano rescat\u00f3 un Redentor in\u00e9dito de El Greco de m\u00e1s de 430 a\u00f1os"},"content":{"rendered":"<p> <br \/>\n<\/p>\n<div>\n<p class=\"com-paragraph  --capital --s\">Los <strong>Museos Vaticanos<\/strong> revelaron <a href=\"https:\/\/www.lanacion.com.ar\/lifestyle\/en-las-redes\/nadaba-en-el-mediterraneo-y-se-encontro-con-un-tesoro-de-800-anos-de-antiguedad-nid07032026\/\" target=\"_self\" title=\"https:\/\/www.lanacion.com.ar\/lifestyle\/en-las-redes\/nadaba-en-el-mediterraneo-y-se-encontro-con-un-tesoro-de-800-anos-de-antiguedad-nid07032026\/\" class=\"com-link break-word\" data-mrf-recirculation=\"n_link_parrafo\">un hallazgo arqueol\u00f3gico<\/a> y art\u00edstico de trascendental importancia: <strong>un Redentor in\u00e9dito de El Greco<\/strong> que fue rescatado tras permanecer d\u00e9cadas oculto bajo una burda falsificaci\u00f3n. Seg\u00fan informaron fuentes oficiales, la pieza ser\u00e1 <strong>presentada al p\u00fablico el pr\u00f3ximo s\u00e1bado 14 de marzo<\/strong> en el marco de la muestra titulada \u201cEl Greco al espejo. Dos pinturas frente a frente\u201d, la cual tendr\u00e1 lugar en la hist\u00f3rica galer\u00eda Alejandro VII del Palacio Apost\u00f3lico de Castel Gandolfo.<\/p>\n<p class=\"com-paragraph   --s\">El \u00f3leo sobre tabla, de reducidas dimensiones (45 x 29 cent\u00edmetros), fue ejecutado por el maestro cretense <strong>entre los a\u00f1os 1590 y 1595<\/strong>. La historia de esta pintura es singular: tras formar parte de la colecci\u00f3n del intelectual y pol\u00edtico espa\u00f1ol <strong>Jos\u00e9 S\u00e1nchez de Muni\u00e1in<\/strong>, fue <strong>donada al papa Pablo VI en 1967<\/strong>. Sin embargo, debido a su <strong>estado inacabado y a la falta de estudios t\u00e9cnicos iniciales<\/strong>, la obra sufri\u00f3 un proceso de deterioro que deriv\u00f3 en una intervenci\u00f3n desafortunada. En los a\u00f1os sesenta del siglo pasado, <strong>un falsificador aplic\u00f3 capas de pintura sobre la obra original<\/strong>, por lo que redibuj\u00f3 de forma rudimentaria <a href=\"https:\/\/www.lanacion.com.ar\/ideas\/cuatro-retratos-actuales-de-la-figura-de-jesus-nid26072025\/\" target=\"_self\" title=\"https:\/\/www.lanacion.com.ar\/ideas\/cuatro-retratos-actuales-de-la-figura-de-jesus-nid26072025\/\" class=\"com-link break-word\" data-mrf-recirculation=\"n_link_parrafo\">la imagen de Cristo<\/a> y ocult\u00f3 la mano del artista espa\u00f1ol durante d\u00e9cadas.<\/p>\n<div class=\"content-media\">\n<section role=\"button\" class=\"mod-media   \">\n<figure role=\"button\" class=\"mod-figure \"><figcaption class=\"mod-figcaption\"><span class=\"com-text --caption --twoxs\">El Cristo Redentor m\u00e1s famoso est\u00e1 en R\u00edo de Janeiro, aunque en este caso se trata de una obra<\/span><\/figcaption><\/figure>\n<\/section>\n<\/div>\n<p class=\"com-paragraph   --s\">El proceso de recuperaci\u00f3n fue liderado por el <strong>Laboratorio de Restauraci\u00f3n de Pintura y Materiales Lignarios del Vaticano<\/strong>, bajo la direcci\u00f3n de Paolo Violini. La restauradora Alessandra Zarelli ejecut\u00f3 la delicada <strong>tarea de limpieza<\/strong>, acompa\u00f1ada por rigurosos an\u00e1lisis cient\u00edficos dirigidos por Fabio Morresi. Gracias a esta labor t\u00e9cnica, los especialistas descubrieron que la obra funcionaba como un aut\u00e9ntico <strong>palimpsesto pict\u00f3rico<\/strong>, lo que revel\u00f3 no solo la capa original de El Greco, sino tambi\u00e9n dos estratos subyacentes que contienen esbozos de <strong>otras dos composiciones del autor<\/strong>. Este hallazgo cient\u00edfico confirma definitivamente la plena autor\u00eda del maestro cretense sobre el Redentor.<\/p>\n<p class=\"com-paragraph   --s\">La exposici\u00f3n en <strong>Castel Gandolfo<\/strong> busca <strong>contextualizar esta pieza<\/strong> a trav\u00e9s de un di\u00e1logo art\u00edstico. Para ello, el Redentor ser\u00e1 exhibido junto a una peque\u00f1a t\u00e9mpera sobre tabla titulada San Francisco, una obra de juventud datada en 1570, proveniente de la Fundaci\u00f3n A. y el Museo de Arte de Pagliara de la Universidad Suor Orsola Benincasa. Esta pieza temprana permite observar el estilo del autor durante su etapa de formaci\u00f3n en los talleres venecianos de Tiziano y Tintoretto, adem\u00e1s de ofrecer <strong>una mirada integral a su evoluci\u00f3n t\u00e9cnica<\/strong>.<\/p>\n<div class=\"content-media\">\n<section role=\"button\" class=\"mod-media   \">\n<figure role=\"button\" class=\"mod-figure \"><figcaption class=\"mod-figcaption\"><span class=\"com-text --caption --twoxs\">Las exposiciones de El Greco suelen ser concurridas en los distintos museos<\/span><span class=\"com-text --credit --twoxs\">EFE<\/span><\/figcaption><\/figure>\n<\/section>\n<\/div>\n<p class=\"com-paragraph   --s\">El evento, comisariado por Fabrizio Biferali, tambi\u00e9n pretende ser un <strong>homenaje al pont\u00edfice Le\u00f3n XIV<\/strong> en coincidencia con el a\u00f1o del octavo centenario del fallecimiento de San Francisco de As\u00eds. Tras la inauguraci\u00f3n de la muestra, el ciclo M\u00fasica en los Museos dar\u00e1 inicio a su temporada 2026 con un <strong>concierto inaugural<\/strong>. Las autoridades eclesi\u00e1sticas destacaron la importancia de este rescate como un aporte esencial al <a href=\"https:\/\/www.lanacion.com.ar\/revista-lugares\/la-ciudad-que-fue-cuna-del-renacimiento-y-atrae-con-su-arte-moda-y-cultura-nid25122025\/\" target=\"_self\" title=\"https:\/\/www.lanacion.com.ar\/revista-lugares\/la-ciudad-que-fue-cuna-del-renacimiento-y-atrae-con-su-arte-moda-y-cultura-nid25122025\/\" class=\"com-link break-word\" data-mrf-recirculation=\"n_link_parrafo\">estudio del Renacimiento<\/a>. Con este descubrimiento, el Vaticano logra <strong>reintegrar al cat\u00e1logo patrimonial una pieza fundamental<\/strong>, cuya autenticidad estuvo comprometida por las intervenciones ajenas al genio original. La muestra promete atraer a expertos y entusiastas, lo que consolida el valor de la investigaci\u00f3n cient\u00edfica en el arte.<\/p>\n<p class=\"com-paragraph   --s\">A trav\u00e9s del <a href=\"https:\/\/www.museivaticani.va\/content\/museivaticani\/es\/organizza-visita\/tariffe-e-biglietti.html\" target=\"_blank\" title=\"https:\/\/www.museivaticani.va\/content\/museivaticani\/es\/organizza-visita\/tariffe-e-biglietti.html\" class=\"com-link break-word\" data-mrf-recirculation=\"n_link_parrafo\" rel=\"nofollow\">sitio web oficial de los Museos Vaticanos<\/a>, se informa que \u201cla entrada de los Museos Vaticanos da derecho a la visita de los Museos y la Capilla Sixtina exclusivamente en el d\u00eda de su emisi\u00f3n\u201d. Adem\u00e1s, enfatizan en reiteradas ocasiones que <strong>las entradas no son reembolsables<\/strong>. Los tickets est\u00e1n disponibles para la compra <a href=\"https:\/\/tickets.museivaticani.va\/home\" target=\"_blank\" title=\"https:\/\/tickets.museivaticani.va\/home\" class=\"com-link break-word\" data-mrf-recirculation=\"n_link_parrafo\" rel=\"nofollow\">\u00fanicamente en el portal habilitado por ellos<\/a> y tienen los siguientes valores:<\/p>\n<section class=\"container-center-100 mb-40 border border-bottom border-thin border-neutral-light-700\"\/><\/div>\n\n","protected":false},"excerpt":{"rendered":"<p>Los Museos Vaticanos revelaron un hallazgo arqueol\u00f3gico y art\u00edstico de trascendental importancia: un Redentor in\u00e9dito de El Greco que fue rescatado tras permanecer d\u00e9cadas oculto bajo una burda falsificaci\u00f3n. Seg\u00fan informaron fuentes oficiales, la pieza ser\u00e1 presentada al p\u00fablico el pr\u00f3ximo s\u00e1bado 14 de marzo en el marco de la muestra titulada \u201cEl Greco al [&hellip;]<\/p>\n","protected":false},"author":2,"featured_media":228805,"comment_status":"closed","ping_status":"closed","sticky":false,"template":"","format":"standard","meta":{"footnotes":""},"categories":[1],"tags":[],"class_list":["post-228804","post","type-post","status-publish","format-standard","has-post-thumbnail","hentry","category-uncategorized"],"_links":{"self":[{"href":"https:\/\/radioacuariofm.com.ar\/index.php?rest_route=\/wp\/v2\/posts\/228804","targetHints":{"allow":["GET"]}}],"collection":[{"href":"https:\/\/radioacuariofm.com.ar\/index.php?rest_route=\/wp\/v2\/posts"}],"about":[{"href":"https:\/\/radioacuariofm.com.ar\/index.php?rest_route=\/wp\/v2\/types\/post"}],"author":[{"embeddable":true,"href":"https:\/\/radioacuariofm.com.ar\/index.php?rest_route=\/wp\/v2\/users\/2"}],"replies":[{"embeddable":true,"href":"https:\/\/radioacuariofm.com.ar\/index.php?rest_route=%2Fwp%2Fv2%2Fcomments&post=228804"}],"version-history":[{"count":1,"href":"https:\/\/radioacuariofm.com.ar\/index.php?rest_route=\/wp\/v2\/posts\/228804\/revisions"}],"predecessor-version":[{"id":228806,"href":"https:\/\/radioacuariofm.com.ar\/index.php?rest_route=\/wp\/v2\/posts\/228804\/revisions\/228806"}],"wp:featuredmedia":[{"embeddable":true,"href":"https:\/\/radioacuariofm.com.ar\/index.php?rest_route=\/wp\/v2\/media\/228805"}],"wp:attachment":[{"href":"https:\/\/radioacuariofm.com.ar\/index.php?rest_route=%2Fwp%2Fv2%2Fmedia&parent=228804"}],"wp:term":[{"taxonomy":"category","embeddable":true,"href":"https:\/\/radioacuariofm.com.ar\/index.php?rest_route=%2Fwp%2Fv2%2Fcategories&post=228804"},{"taxonomy":"post_tag","embeddable":true,"href":"https:\/\/radioacuariofm.com.ar\/index.php?rest_route=%2Fwp%2Fv2%2Ftags&post=228804"}],"curies":[{"name":"wp","href":"https:\/\/api.w.org\/{rel}","templated":true}]}}