{"id":228795,"date":"2026-03-11T02:52:52","date_gmt":"2026-03-11T05:52:52","guid":{"rendered":"https:\/\/radioacuariofm.com.ar\/?p=228795"},"modified":"2026-03-11T02:52:53","modified_gmt":"2026-03-11T05:52:53","slug":"por-que-iran-representa-un-enorme-riesgo-politico-para-trump","status":"publish","type":"post","link":"https:\/\/radioacuariofm.com.ar\/?p=228795","title":{"rendered":"Por qu\u00e9 Ir\u00e1n representa un enorme riesgo pol\u00edtico para Trump"},"content":{"rendered":"<p> <br \/>\n<\/p>\n<div>\n<p class=\"com-paragraph   --s\"><strong>El presidente Donald Trump y su gobierno han ofrecido hasta ahora mensajes y explicaciones contradictorios sobre la campa\u00f1a militar conjunta de Estados Unidos e Israel contra Ir\u00e1n.<\/strong><\/p>\n<p class=\"com-paragraph   --s\">Y el lunes, d\u00e9cimo d\u00eda de una operaci\u00f3n que ha inquietado a los aliados y sacudido los mercados, fue ejemplo de esta confusi\u00f3n en torno al cronograma y los objetivos finales de la guerra.<\/p>\n<p class=\"com-paragraph   --s\">Tras una ma\u00f1ana agitada en la que los \u00edndices burs\u00e1tiles estadounidenses cayeron y los precios del petr\u00f3leo subieron, el presidente de EE.UU. llam\u00f3 r\u00e1pidamente a la prensa en un aparente intento de calmar los nervios.<\/p>\n<p class=\"com-paragraph   --s\">Sin embargo, sus comentarios carecieron de claridad, incluso cuando se lo presion\u00f3 para que diera m\u00e1s detalles.<\/p>\n<p class=\"com-paragraph   --s\">\u201cTengo un plan para todo, \u00bfde acuerdo?\u201d, le dijo a un periodista de <em>The New York Post <\/em>cuando le preguntaron sobre el alza de los precios del petr\u00f3leo.<\/p>\n<p class=\"com-paragraph   --s\">\u201cTengo un plan para todo. Estar\u00e1n muy contentos\u201d, a\u00f1adi\u00f3.<\/p>\n<p class=\"com-paragraph   --s\">A CBS News le dijo que la guerra \u201cest\u00e1 pr\u00e1cticamente terminada\u201d.<\/p>\n<p class=\"com-paragraph   --s\">\u201cVamos muy adelantados respecto a lo previsto\u201d, a\u00f1adi\u00f3.<\/p>\n<p class=\"com-paragraph   --s\">Cuando se le pregunt\u00f3 si la operaci\u00f3n podr\u00eda, por lo tanto, terminar pronto, Trump respondi\u00f3: \u201cNo lo s\u00e9, depende. Concluir es cosa m\u00eda, de nadie m\u00e1s\u201d.<\/p>\n<p class=\"com-paragraph   --s\">Su fren\u00e9tica seguidilla de llamadas telef\u00f3nicas tuvo el efecto deseado, al menos en t\u00e9rminos econ\u00f3micos.<\/p>\n<p class=\"com-paragraph   --s\">Las bolsas subieron y el precio del barril de petr\u00f3leo, que hab\u00eda alcanzado los US$120 ese mismo d\u00eda, cay\u00f3 por debajo de los US$90.<\/p>\n<p class=\"com-paragraph   --s\">Hace apenas unos d\u00edas, Trump afirm\u00f3 que no detendr\u00eda la guerra hasta la \u201crendici\u00f3n incondicional\u201d de Ir\u00e1n.<\/p>\n<p class=\"com-paragraph   --s\">Tras sus comentarios del lunes, parec\u00eda que el fin de una operaci\u00f3n militar que ha conmocionado Medio Oriente y provocado el cierre casi total del tr\u00e1fico mar\u00edtimo a trav\u00e9s del estrecho de Ormuz podr\u00eda estar a la vista.<\/p>\n<p class=\"com-paragraph   --s\">Pero al anochecer, Trump cambi\u00f3 de parecer sobre sus propios dichos.<\/p>\n<p class=\"com-paragraph   --s\">\u201cPodr\u00edamos decir que es un \u00e9xito rotundo ahora mismo\u201d, asegur\u00f3. \u201cO podr\u00edamos ir m\u00e1s all\u00e1. Y vamos a ir m\u00e1s all\u00e1\u201d.<\/p>\n<p class=\"com-paragraph   --s\">El mandatario dijo que EE.UU. estaba \u201cmuy cerca de finalizar\u201d lo que llam\u00f3 una \u201csalida\u201d (en el sentido militar), pero advirti\u00f3 que intensificar\u00eda sus ataques si Ir\u00e1n continuaba amenazando a los petroleros que salen del golfo P\u00e9rsico.<\/p>\n<p class=\"com-paragraph   --s\">\u201cLos atacaremos con tanta fuerza que ni ellos ni nadie que los ayude podr\u00e1 recuperar esa parte del mundo\u201d, declar\u00f3.<\/p>\n<p class=\"com-paragraph   --s\">Trump describi\u00f3, adem\u00e1s, una misi\u00f3n de gran alcance para la guerra.<\/p>\n<p class=\"com-paragraph   --s\">Su objetivo, sostuvo, es garantizar que Ir\u00e1n no pueda desarrollar armamento para atacar a EE.UU., Israel o a ning\u00fan aliado estadounidense \u201cpor mucho tiempo\u201d.<\/p>\n<p class=\"com-paragraph   --s\">Eso, en \u00faltima instancia, podr\u00eda requerir el tipo de cambio de r\u00e9gimen que Trump no ha logrado hasta ahora, ya que el difunto ayatollah Ali Khamenei ha sido reemplazado como l\u00edder supremo por su hijo.<\/p>\n<p class=\"com-paragraph   --s\">En cuesti\u00f3n de horas, el mensaje del presidente hab\u00eda sido vertiginoso.<\/p>\n<p class=\"com-paragraph   --s\">Quienes buscaban se\u00f1ales de cu\u00e1ndo podr\u00eda terminar esta masiva operaci\u00f3n militar o pistas sobre sus objetivos concretos se quedaron con m\u00e1s preguntas que respuestas.<\/p>\n<p class=\"com-paragraph   --s\">En una entrevista con la CBS el domingo, el secretario de Defensa, Pete Hegseth, describi\u00f3 la siguiente fase de la operaci\u00f3n estadounidense-israel\u00ed, que incluye el uso de munici\u00f3n m\u00e1s potente: \u201cPodemos atacar objetivos militares desde el aire con munici\u00f3n m\u00e1s convencional, bombas de gravedad, bombas de 500, 1.000 y 2.000 libras [227, 450 y 900 kg]\u201d, declar\u00f3.<\/p>\n<p class=\"com-paragraph   --s\">\u201cA\u00fan no hemos comenzado ese esfuerzo de la campa\u00f1a\u201d, acot\u00f3.<\/p>\n<p class=\"com-paragraph   --s\">Cuando el lunes le preguntaron a Trump sobre la aparente contradicci\u00f3n entre sus declaraciones de que la guerra estaba \u201cmuy completa\u201d y los comentarios de Hegseth, respondi\u00f3: \u201cCreo que se podr\u00edan decir ambas cosas\u201d.<\/p>\n<p class=\"com-paragraph   --s\">\u201cEs el comienzo de la construcci\u00f3n de un nuevo pa\u00eds\u201d, afirm\u00f3.<\/p>\n<p class=\"com-paragraph   --s\">De todas formas, la reconstrucci\u00f3n nacional al estilo iraqu\u00ed es una actividad que Trump y sus asesores han declarado expl\u00edcitamente no querer emprender.<\/p>\n<p class=\"com-paragraph   --s\">Los inversores estadounidenses emitieron este martes un juicio sobre las \u00faltimas declaraciones de Trump, con la vuelta paulatina de los mercados a la normalidad.<\/p>\n<p class=\"com-paragraph   --s\">Pero incluso as\u00ed, es probable que el aumento repentino de los precios del combustible tarde m\u00e1s en calmarse.<\/p>\n<p class=\"com-paragraph   --s\">El precio promedio del gal\u00f3n de combustible en EE.UU. era este lunes de US$3,48, 48 \u200b\u200bcentavos m\u00e1s que una semana antes.<\/p>\n<p class=\"com-paragraph   --s\">Esto ocurre en un momento en que hay indicios preocupantes sobre la econom\u00eda.<\/p>\n<p class=\"com-paragraph   --s\">El viernes pasado, por ejemplo, la Oficina de Estad\u00edsticas Laborales anunci\u00f3 que EE.UU. perdi\u00f3 92.000 empleos en febrero, el desempleo subi\u00f3 al 4,4% y la tasa de participaci\u00f3n en la fuerza laboral, del 62%, fue la m\u00e1s baja desde diciembre de 2021.<\/p>\n<div class=\"content-media\">\n<section role=\"button\" class=\"mod-media   \">\n<figure role=\"button\" class=\"mod-figure \"><figcaption class=\"mod-figcaption\"><span class=\"com-text --caption --twoxs\">En el oeste de EE.UU. las gasolineras llegaron a cobrar hasta casi US$5 el gal\u00f3n de combustible regular este lunes<\/span><span class=\"com-text --credit --twoxs\">Bloomberg v\u00eda Getty Images<\/span><\/figcaption><\/figure>\n<\/section>\n<\/div>\n<p class=\"com-paragraph   --s\">El costo de la vida suele ser la principal preocupaci\u00f3n de los estadounidenses, y estas mismas encuestas sugieren que existe una considerable oposici\u00f3n a la actual campa\u00f1a militar en Ir\u00e1n.<\/p>\n<p class=\"com-paragraph   --s\">Esta es una combinaci\u00f3n peligrosa para un presidente inextricablemente vinculado a esta operaci\u00f3n y a unos meses de las cruciales elecciones de medio mandato de noviembre que decidir\u00e1n el control del Congreso.<\/p>\n<p class=\"com-paragraph   --s\">Trump ha prometido que el aumento de los precios es temporal y que, para cuando los estadounidenses acudan a las urnas en noviembre, tendr\u00e1n una visi\u00f3n m\u00e1s positiva del costo de la vida.<\/p>\n<p class=\"com-paragraph   --s\">En el norte del estado de Georgia, los ciudadanos votan este martes en unas elecciones legislativas especiales.<\/p>\n<p class=\"com-paragraph   --s\">All\u00ed, la guerra con Ir\u00e1n y el peligro que representa para la econom\u00eda son preocupaciones acuciantes.<\/p>\n<p class=\"com-paragraph   --s\">Bob Stinnett, votante independiente, expres\u00f3 su preocupaci\u00f3n por que el aumento de los precios de la energ\u00eda cause una recesi\u00f3n.<\/p>\n<p class=\"com-paragraph   --s\">\u201cHe apoyado a Trump, pero no para esto\u201d, asever\u00f3.<\/p>\n<p class=\"com-paragraph   --s\">Angie, quien se jubil\u00f3 recientemente tras una larga carrera como enfermera, manifest\u00f3 su preocupaci\u00f3n por que el aumento de los precios del combustible pueda afectar su presupuesto en un momento precario para ella.<\/p>\n<p class=\"com-paragraph   --s\">Cuando se le pregunt\u00f3 qu\u00e9 opinaba sobre la guerra con Ir\u00e1n y el impacto que tendr\u00eda en los precios del combustible, dijo que le importa m\u00e1s el pueblo iran\u00ed y que EE.UU. no deber\u00eda haberse involucrado.<\/p>\n<p class=\"com-paragraph   --s\">\u201cLa verdad es que no me gusta nada\u201d, afirm\u00f3. \u201cEntiendo que necesitaban ayuda, pero \u00bfno podr\u00edamos haber encontrado otra manera de hacerlo?\u201d.<\/p>\n<div class=\"content-media\">\n<section role=\"button\" class=\"mod-media   \">\n<figure role=\"button\" class=\"mod-figure \"><figcaption class=\"mod-figcaption\"><span class=\"com-text --caption --twoxs\">La republicana Greene, que renunci\u00f3 a su banca en enero, ha sido una de las opositoras internas m\u00e1s firmes del gobierno de Trump<\/span><span class=\"com-text --credit --twoxs\">Getty Images<\/span><\/figcaption><\/figure>\n<\/section>\n<\/div>\n<p class=\"com-paragraph   --s\">El distrito noroeste de Georgia, que hasta hace poco era representado por la pol\u00edtica de derecha Marjorie Taylor Greene, es firmemente conservador.<\/p>\n<p class=\"com-paragraph   --s\">Incluso all\u00ed, los votantes se sienten inquietos, lo que representa una gran oportunidad para el candidato dem\u00f3crata Shawn Harris.<\/p>\n<p class=\"com-paragraph   --s\">\u201cComo los precios de la gasolina est\u00e1n subiendo, todo se est\u00e1 disparando, y no es por ninguna otra raz\u00f3n, es por algo en lo que nosotros decidimos involucrarnos\u201d, dijo Harris.<\/p>\n<p class=\"com-paragraph   --s\">\u201cCreo que voy a conseguir m\u00e1s votantes simplemente porque estamos en guerra\u201d, a\u00f1adi\u00f3. \u201cY, por cierto, esos votantes tienen hijos e hijas en la guerra\u201d.<\/p>\n<p class=\"com-paragraph   --s\">Trump se ha comprometido repetidamente a reducir los precios, y \u00e9l y su equipo han mostrado ser conscientes de la importancia del tema.<\/p>\n<p class=\"com-paragraph   --s\">A finales del a\u00f1o pasado, lanz\u00f3 una supuesta \u201cgira de asequibilidad\u201d en Pensilvania, pero no ha logrado despegar en serio.<\/p>\n<p class=\"com-paragraph   --s\">Con las operaciones militares en Venezuela e Ir\u00e1n acaparando titulares en los meses posteriores, Trump corre el riesgo de ser visto como un presidente m\u00e1s centrado en intervenciones extranjeras que definan su legado que en los precios internos de los alimentos.<\/p>\n<p class=\"com-paragraph   --s\">La Casa Blanca, por supuesto, argumentar\u00eda que es capaz de compaginar ambas cosas.<\/p>\n<p class=\"com-paragraph   --s\">Pero con el aumento de los precios del combustible impulsado por una campa\u00f1a militar que, seg\u00fan las encuestas, pocos estadounidenses quer\u00edan realmente, existe un riesgo pol\u00edtico real para Trump.<\/p>\n<p class=\"com-paragraph   --s\">El lunes por la noche habl\u00f3 sobre el \u201ctremendo \u00e9xito\u201d que el ej\u00e9rcito estadounidense ha logrado en su campa\u00f1a hasta la fecha.<\/p>\n<p class=\"com-paragraph   --s\">Describi\u00f3 c\u00f3mo la armada iran\u00ed ha sido hundida, su fuerza a\u00e9rea destruida y su radar y equipo antia\u00e9reo inutilizados.<\/p>\n<p class=\"com-paragraph   --s\">No obstante, la guerra es m\u00e1s que el lanzamiento de misiles, el lanzamiento de bombas y la destrucci\u00f3n de objetivos.<\/p>\n<p class=\"com-paragraph   --s\">El precio de esta guerra \u2014medido en da\u00f1os a la econom\u00eda mundial y estadounidense, y en costos pol\u00edticos para Trump y sus correligionarios republicanos\u2014 a\u00fan est\u00e1 a la vista.<\/p>\n<p class=\"com-paragraph   --s\">Y, en un a\u00f1o que bien podr\u00eda definir el segundo mandato de Trump, la poblaci\u00f3n estadounidense a\u00fan no ha emitido su juicio final.<\/p>\n<section class=\"container-center-100 mb-40 border border-bottom border-thin border-neutral-light-700\">\n<hr\/>\n<\/section>\n<\/div>\n\n","protected":false},"excerpt":{"rendered":"<p>El presidente Donald Trump y su gobierno han ofrecido hasta ahora mensajes y explicaciones contradictorios sobre la campa\u00f1a militar conjunta de Estados Unidos e Israel contra Ir\u00e1n. Y el lunes, d\u00e9cimo d\u00eda de una operaci\u00f3n que ha inquietado a los aliados y sacudido los mercados, fue ejemplo de esta confusi\u00f3n en torno al cronograma y [&hellip;]<\/p>\n","protected":false},"author":2,"featured_media":228796,"comment_status":"closed","ping_status":"closed","sticky":false,"template":"","format":"standard","meta":{"footnotes":""},"categories":[1],"tags":[],"class_list":["post-228795","post","type-post","status-publish","format-standard","has-post-thumbnail","hentry","category-uncategorized"],"_links":{"self":[{"href":"https:\/\/radioacuariofm.com.ar\/index.php?rest_route=\/wp\/v2\/posts\/228795","targetHints":{"allow":["GET"]}}],"collection":[{"href":"https:\/\/radioacuariofm.com.ar\/index.php?rest_route=\/wp\/v2\/posts"}],"about":[{"href":"https:\/\/radioacuariofm.com.ar\/index.php?rest_route=\/wp\/v2\/types\/post"}],"author":[{"embeddable":true,"href":"https:\/\/radioacuariofm.com.ar\/index.php?rest_route=\/wp\/v2\/users\/2"}],"replies":[{"embeddable":true,"href":"https:\/\/radioacuariofm.com.ar\/index.php?rest_route=%2Fwp%2Fv2%2Fcomments&post=228795"}],"version-history":[{"count":1,"href":"https:\/\/radioacuariofm.com.ar\/index.php?rest_route=\/wp\/v2\/posts\/228795\/revisions"}],"predecessor-version":[{"id":228797,"href":"https:\/\/radioacuariofm.com.ar\/index.php?rest_route=\/wp\/v2\/posts\/228795\/revisions\/228797"}],"wp:featuredmedia":[{"embeddable":true,"href":"https:\/\/radioacuariofm.com.ar\/index.php?rest_route=\/wp\/v2\/media\/228796"}],"wp:attachment":[{"href":"https:\/\/radioacuariofm.com.ar\/index.php?rest_route=%2Fwp%2Fv2%2Fmedia&parent=228795"}],"wp:term":[{"taxonomy":"category","embeddable":true,"href":"https:\/\/radioacuariofm.com.ar\/index.php?rest_route=%2Fwp%2Fv2%2Fcategories&post=228795"},{"taxonomy":"post_tag","embeddable":true,"href":"https:\/\/radioacuariofm.com.ar\/index.php?rest_route=%2Fwp%2Fv2%2Ftags&post=228795"}],"curies":[{"name":"wp","href":"https:\/\/api.w.org\/{rel}","templated":true}]}}