{"id":228786,"date":"2026-03-11T00:40:51","date_gmt":"2026-03-11T03:40:51","guid":{"rendered":"https:\/\/radioacuariofm.com.ar\/?p=228786"},"modified":"2026-03-11T00:40:52","modified_gmt":"2026-03-11T03:40:52","slug":"el-pais-que-prometia-una-vida-mas-accesible-en-europa-ya-no-es-tan-barato","status":"publish","type":"post","link":"https:\/\/radioacuariofm.com.ar\/?p=228786","title":{"rendered":"El pa\u00eds que promet\u00eda una vida m\u00e1s accesible en Europa ya no es tan barato"},"content":{"rendered":"<p><\/p>\n<div>\n<p class=\"com-paragraph  --capital --s\">Durante m\u00e1s de una d\u00e9cada, <strong>Portugal fue una puerta de entrada accesible a Europa: beneficios fiscales amplios, tr\u00e1mites relativamente simples y un costo de vida m\u00e1s bajo que el de otras econom\u00edas del oeste europeo<\/strong>. Ese escenario <strong>cambi\u00f3 con fuerza en los \u00faltimos dos a\u00f1os<\/strong>. El pa\u00eds conserva estabilidad institucional, seguridad y una calidad de vida valorada por miles de extranjeros \u2014entre ellos, argentinos\u2014, <strong>pero ya no es tan sencillo ni barato como lo era antes<\/strong>. En ese contexto, las fuentes consultadas por LA NACION coinciden en que <strong>se requiere m\u00e1s planificaci\u00f3n, adaptaci\u00f3n y expectativas \u201cm\u00e1s realistas que las que generan las redes sociales\u201d<\/strong>.<\/p>\n<p class=\"com-paragraph   --s\">La econom\u00eda portuguesa termin\u00f3 2025 con un crecimiento moderado. Tras expandirse alrededor del 1,9% en 2024, el PBI avanz\u00f3 a un ritmo similar este a\u00f1o, por encima del promedio de la eurozona, <strong>aunque insuficiente para mejorar de manera contundente los ingresos<\/strong>. El salario m\u00ednimo ronda los 870 euros mensuales y el medio neto se ubica cerca de los 1050 euros, claramente por debajo de Espa\u00f1a, donde el promedio supera los 1400 euros. <strong>Esa diferencia se vuelve central cuando se cruza con el principal problema estructural del pa\u00eds: la vivienda<\/strong>.<\/p>\n<p class=\"com-paragraph   --s\">Lisboa y Oporto son las ciudades que concentran empleo y oportunidades, <strong>pero tambi\u00e9n alquileres que absorben m\u00e1s de la mitad del ingreso<\/strong>. En el centro de Lisboa, un departamento b\u00e1sico dif\u00edcilmente baje de los 1500 euros mensuales, mientras que una habitaci\u00f3n compartida ronda los 500. \u201c<strong>Hoy es muy dif\u00edcil alquilar aun teniendo plata<\/strong>. Muchos portugueses comparten cuarto, no solo es la situaci\u00f3n que viven los extranjeros\u201d, resume Santiago V\u00e1zquez, dise\u00f1ador gr\u00e1fico argentino que vive en el centro lisboeta y apunta que el Gobierno baj\u00f3 los impuestos a quienes tengan viviendas en alquiler (IVA al 10% en vez de al 23%).<\/p>\n<div class=\"content-media\">\n<section role=\"button\" class=\"mod-media   \">\n<figure role=\"button\" class=\"mod-figure \"><figcaption class=\"mod-figcaption\"><span class=\"com-text --caption --twoxs\">Elizabeth y Santiago V\u00e1zquez. Comentan que el Gobierno baj\u00f3 los impuestos a quienes tengan viviendas en alquiler.<\/span><\/figcaption><\/figure>\n<\/section>\n<\/div>\n<p class=\"com-paragraph   --s\">Junto a su esposa Elizabeth, hija de portugueses, lleg\u00f3 hace tres a\u00f1os y se inscribi\u00f3 con su actividad como trabajador independiente en comunicaci\u00f3n visual, el mismo rubro que desarrollaba en la Argentina.<\/p>\n<p class=\"com-paragraph   --s\">Julio Vargas, de 52 a\u00f1os, nacido en Santos Lugares y quien durante mucho tiempo vivi\u00f3 en la Villa 31, lleg\u00f3 solo en julio de 2022 con visa de trabajo y contrato en gastronom\u00eda. \u201cVenimos desde muy abajo y siempre hemos trabajado mucho, ten\u00eda experiencia en el rubro y una exempleadora me trajo\u201d, dice. Meses despu\u00e9s se sumaron su esposa y sus hijos (los dos son empleados en empresas locales).<\/p>\n<p class=\"com-paragraph   --s\">\u201c<strong>Portugal me permiti\u00f3 cambiar la calidad de vida: m\u00e1s seguridad, m\u00e1s tranquilidad. Con lo que cobramos podemos vivir<\/strong>. Emigrar no es f\u00e1cil, pero no bajamos los brazos y trabajamos much\u00edsimo. <strong>Me da pena haber podido lograr ac\u00e1 lo que no consegu\u00ed en mi pa\u00eds<\/strong>\u201d, resume.<\/p>\n<p class=\"com-paragraph   --s\">Vargas grafica que, con su recibo de sueldo, accedi\u00f3 a un cr\u00e9dito de 5000 euros en Ikea para equipar su casa y, de la misma manera, pudo comprar una Nissan Qashqai 2020 di\u00e9sel en cuotas de 282 euros mensuales. \u201cEl tr\u00e1mite para sacar el veh\u00edculo lo hice con tres recibos de sueldo, IBAN y residencia\u201d. La familia est\u00e1 instalada en Lourinh\u00e3, un pueblo a 50 kil\u00f3metros de Lisboa, donde comenzaron alquilando una casa de dos dormitorios por 400 euros mensuales y luego pudieron mudarse a una m\u00e1s amplia por 600 por mes. <strong>\u201cRespecto de las grandes ciudades, los precios son mucho m\u00e1s bajos\u201d<\/strong>, se\u00f1ala.<\/p>\n<div class=\"content-media\">\n<section role=\"button\" class=\"mod-media   \">\n<figure role=\"button\" class=\"mod-figure \"><figcaption class=\"mod-figcaption\"><span class=\"com-text --caption --twoxs\">Ivana Franco: \u00abHay una movida pol\u00edtica y social en Europa que cambi\u00f3 la forma de ver a los inmigrantes\u00bb.<\/span><\/figcaption><\/figure>\n<\/section>\n<\/div>\n<p class=\"com-paragraph   --s\">Ivana Franco, impulsora del Club de Solteros, lleva cuatro a\u00f1os en el pa\u00eds. \u201c<strong>Hay una movida pol\u00edtica y social en Europa que cambi\u00f3 la forma de ver a los inmigrantes<\/strong> \u2014plantea\u2014. El resultado es <strong>m\u00e1s burocracia en los visados y controles m\u00e1s estrictos<\/strong>. Portugal siempre fue una opci\u00f3n porque Espa\u00f1a est\u00e1 saturada. <strong>Las redes sociales empujaron mucho la idea de un pa\u00eds en donde se pod\u00eda hacer diferencia<\/strong>, y eso impuls\u00f3 a muchos a venir\u201d.<\/p>\n<p class=\"com-paragraph   --s\">Tambi\u00e9n pone el foco en el problema de la vivienda y enfatiza la existencia de <strong>\u201cun mercado negro de alquileres\u201d<\/strong>. Precisa que en el pa\u00eds est\u00e1n permitidos los acuerdos de palabra, sin contrato, pero \u201cla ley obliga a los propietarios que rentan una habitaci\u00f3n en su casa a entregar recibos a los inquilinos, pero la mayor\u00eda no lo hace. <strong>Es una vulnerabilidad enorme para el inquilino<\/strong>, al que de un d\u00eda para el otro le pueden decir \u2018si no te gusta, te vas\u2019\u201d.<\/p>\n<p class=\"com-paragraph   --s\">El Gobierno portugu\u00e9s ha apostado por <strong>una reforma migratoria profunda que endurece el acceso de los inmigrantes al pa\u00eds<\/strong>. Pero sus ejes, que son restrictivos, tuvieron un traspi\u00e9 en la Justicia. <strong>El Tribunal Constitucional volte\u00f3 hace unos d\u00edas cuatro art\u00edculos de la ley de nacionalidad aprobada en octubre<\/strong>.<\/p>\n<p class=\"com-paragraph   --s\">Una de las propuestas que la Justicia consider\u00f3 inconstitucional por unanimidad es la que busca impedir el acceso a la ciudadan\u00eda portuguesa a quien haya sido condenado por un delito a dos o m\u00e1s a\u00f1os de prisi\u00f3n, al considerar que se pone en riesgo el v\u00ednculo de integraci\u00f3n en la comunidad portuguesa. Otras son el punto que establece que la consolidaci\u00f3n de la nacionalidad no debe operar en situaciones de \u201cfraude manifiesto\u201d y el que se\u00f1ala que la concesi\u00f3n de la ciudadan\u00eda queda pendiente de la fecha de entrada en vigor de los cambios en la legislaci\u00f3n para comprobar que se cumple con los requisitos.<\/p>\n<div class=\"content-media\">\n<section role=\"button\" class=\"mod-media   \">\n<figure role=\"button\" class=\"mod-figure \"><figcaption class=\"mod-figcaption\"><span class=\"com-text --caption --twoxs\">Silvina L\u00f3pez, argentina radicada hace diez a\u00f1os en Lourinh\u00e3 con su mam\u00e1, \u00abla Susy\u00bb, quien dio nombre al primer local de empanadas.<\/span><\/figcaption><\/figure>\n<\/section>\n<\/div>\n<p class=\"com-paragraph   --s\">La cuarta propuesta declarada inconstitucional, que fue aprobada por la mayor\u00eda de jueces del Constitucional y un voto de disenso, estipula la cancelaci\u00f3n del registro de nacionalidad si se registran conductas opuestas a la integraci\u00f3n en la comunidad portuguesa y sus instituciones.<\/p>\n<p class=\"com-paragraph   --s\">V\u00e1zquez admite que hay <strong>un clima social m\u00e1s tenso<\/strong>. \u201cLisboa se volvi\u00f3 una locura, <strong>hay mucha migraci\u00f3n, m\u00e1s controles, razzias en la calle y reclamos de los locales por una mayor criminalidad<\/strong>\u201d. Se\u00f1ala que hay posibilidades laborales, en especial en oficios y en gastronom\u00eda: \u201c<strong>Hay b\u00fasqueda de gente para trabajar<\/strong>. S\u00ed es cierto que los salarios no son altos y que, siendo independiente, siempre hay que escuchar c\u00f3mo intentan conseguir una rebaja. <strong>Hay que aprender a negociar<\/strong>\u201d.<\/p>\n<p class=\"com-paragraph   --s\">Franco coincide en que los rubros en los que m\u00e1s se insertan los inmigrantes son la gastronom\u00eda, el comercio, pintores, plomeros y electricistas. \u201cAdem\u00e1s, <strong>el trabajo freelance y remoto es bienvenido<\/strong>, incluso con tributaci\u00f3n en otros pa\u00edses. <strong>En los \u00faltimos tiempos hay m\u00e1s supervisi\u00f3n<\/strong>\u201d, detalla.<\/p>\n<p class=\"com-paragraph   --s\">La visa para n\u00f3madas digitales de Portugal, conocida com\u00fanmente como Visa D8, ofrece residencia de un a\u00f1o a teletrabajadores, aut\u00f3nomos y emprendedores. <strong>Requiere acreditar ingresos mensuales de 3480 euros<\/strong>; el plazo de tramitaci\u00f3n suele ser de entre 30 y 60 d\u00edas. <strong>Cumplidas las condiciones, se puede extender por cinco a\u00f1os m\u00e1s<\/strong>.<\/p>\n<p class=\"com-paragraph   --s\"><strong>El cambio m\u00e1s relevante de los \u00faltimos tiempos fue el fin del r\u00e9gimen de Residente No Habitual (RNH)<\/strong>, vigente durante m\u00e1s de una d\u00e9cada. Este sistema ofrec\u00eda exenciones o tasas reducidas en el impuesto a la renta durante diez a\u00f1os para jubilados, profesionales calificados y trabajadores remotos. <strong>A partir de 2024, el RNH dej\u00f3 de aceptar nuevos beneficiarios<\/strong>, en un giro impulsado por la presi\u00f3n pol\u00edtica interna ante el encarecimiento de la vivienda y la percepci\u00f3n de inequidad fiscal.<\/p>\n<p class=\"com-paragraph   --s\">En su reemplazo, se lanz\u00f3 un r\u00e9gimen m\u00e1s acotado, conocido como Incentivo Fiscal para la Investigaci\u00f3n Cient\u00edfica y la Innovaci\u00f3n (IFICI), dirigido exclusivamente a profesionales altamente calificados, investigadores y perfiles vinculados a innovaci\u00f3n, tecnolog\u00eda, universidades o empresas certificadas. <strong>El beneficio fiscal es m\u00e1s restrictivo, tanto en alcance como en cantidad de beneficiarios<\/strong>.<\/p>\n<p class=\"com-paragraph   --s\">Portugal sigue ofreciendo <strong>un entorno relativamente favorable para emprender, con reglas claras y poca tolerancia a la informalidad<\/strong>. \u201cAc\u00e1 no va la avivada\u201d, sintetiza Silvina L\u00f3pez, argentina radicada hace diez a\u00f1os en Lourinh\u00e3. Una zona en la que, cuenta, se fue armando una comunidad de extranjeros que buscan \u201cvivir mejor y no necesariamente hacer negocios r\u00e1pidos. <strong>Se fue poblando de gente que quiere una vida m\u00e1s tranquila; no vienen solo a ganar plata<\/strong>\u201d.<\/p>\n<p class=\"com-paragraph   --s\">L\u00f3pez y su familia \u2014su hermano, Eduardo \u201cChakall\u201d, es chef\u2014 tienen varios emprendimientos gastron\u00f3micos. Uno es \u201cLa Susy, empanadas argentinas\u201d en Oporto, mientras que en el pueblo tienen \u201cArial Beach by Chakall\u201d, \u201cMagnolia\u201d, \u201cWest Find\u201d, \u201cPops Steak House\u201d y el pr\u00f3ximo a abrir, \u201cBendita\u201d. Explica que son seis conceptos diferentes, con 50 empleados (32 argentinos, entre ellos Vargas) y un modelo pensado para franquiciar. <strong>\u201cEl 70% de nuestras cartas son argentinas\u201d<\/strong>. Todos nuestros clientes consumen y nos eligen por nuestras diferencias en la cocina\u201d, se\u00f1ala.<\/p>\n<div class=\"content-media\">\n<section role=\"button\" class=\"mod-media   \">\n<figure role=\"button\" class=\"mod-figure \"><figcaption class=\"mod-figcaption\"><span class=\"com-text --caption --twoxs\">Julio Vargas y su esposa; durante mucho tiempo vivi\u00f3 en la Villa 31. \u00abPortugal nos cambi\u00f3 la vida\u00bb.<\/span><\/figcaption><\/figure>\n<\/section>\n<\/div>\n<p class=\"com-paragraph   --s\">El crecimiento fue gradual: \u201cLos a\u00f1os m\u00e1s dif\u00edciles fueron al inicio; despu\u00e9s tuvimos que pasar el impacto de la pandemia del Covid y luego volvimos a la expansi\u00f3n. <strong>Es posible ir creciendo con lo que se gana<\/strong>. Los bancos ayudaron mucho en un momento: durante la pandemia, como ten\u00edamos todo en regla, recibimos asistencia\u201d, precisa L\u00f3pez.<\/p>\n<p class=\"com-paragraph   --s\">En t\u00e9rminos salariales, apunta que <strong>un ingreso promedio en gastronom\u00eda oscila entre 1100 y 1500 euros<\/strong>. Sobre el piso, el empleador aporta unos 350 adicionales en concepto de seguridad social y seguros. Para j\u00f3venes, indica, existen incentivos espec\u00edficos. <strong>Por ejemplo, los menores de 35 a\u00f1os pueden financiar hasta el 100% de una vivienda a plazos de hasta 45 a\u00f1os<\/strong>. Aun as\u00ed, <strong>el acceso sigue condicionado por la escasez de oferta<\/strong>.<\/p>\n<p class=\"com-paragraph   --s\">El sistema tributario portugu\u00e9s es competitivo dentro de la Uni\u00f3n Europea, aunque con particularidades. El impuesto sobre la renta (IRS) tiene tramos que van desde tasas bajas hasta cerca del 48% en los ingresos altos, similar en rangos a Espa\u00f1a, aunque Portugal introdujo reducciones de tipo efectivo para los segmentos inferiores, lo que ha permitido <strong>incrementar el ingreso real disponible de una parte de la poblaci\u00f3n<\/strong>.<\/p>\n<p class=\"com-paragraph   --s\">Para empresas, el impuesto de sociedades (IRC) cuenta con incentivos que estimulan la innovaci\u00f3n y la inversi\u00f3n, con reformas que apuntaron a <strong>una simplificaci\u00f3n y cierta reducci\u00f3n de cargas para pymes y startups<\/strong>.<\/p>\n<p class=\"com-paragraph   --s\">Para emprender, los requisitos son similares a los de otros pa\u00edses de la eurozona: constituci\u00f3n de empresa, n\u00famero fiscal (NIF), registro en la Autoridad Tributaria y cumplimiento de licencias municipales. <strong>S\u00ed, los argentinos radicados coinciden en que en los \u00faltimos tres a\u00f1os se percibe una mayor suba de precios que, \u201ccomparada con la Argentina, es nada, pero ac\u00e1 se hace visible\u201d<\/strong>.<\/p>\n<section class=\"container-center-100 mb-40 border border-bottom border-thin border-neutral-light-700\">\n<hr\/>\n<\/section>\n<\/div>\n","protected":false},"excerpt":{"rendered":"<p>Durante m\u00e1s de una d\u00e9cada, Portugal fue una puerta de entrada accesible a Europa: beneficios fiscales amplios, tr\u00e1mites relativamente simples y un costo de vida m\u00e1s bajo que el de otras econom\u00edas del oeste europeo. Ese escenario cambi\u00f3 con fuerza en los \u00faltimos dos a\u00f1os. El pa\u00eds conserva estabilidad institucional, seguridad y una calidad de [&hellip;]<\/p>\n","protected":false},"author":2,"featured_media":228787,"comment_status":"closed","ping_status":"closed","sticky":false,"template":"","format":"standard","meta":{"footnotes":""},"categories":[28],"tags":[],"class_list":["post-228786","post","type-post","status-publish","format-standard","has-post-thumbnail","hentry","category-economia"],"_links":{"self":[{"href":"https:\/\/radioacuariofm.com.ar\/index.php?rest_route=\/wp\/v2\/posts\/228786","targetHints":{"allow":["GET"]}}],"collection":[{"href":"https:\/\/radioacuariofm.com.ar\/index.php?rest_route=\/wp\/v2\/posts"}],"about":[{"href":"https:\/\/radioacuariofm.com.ar\/index.php?rest_route=\/wp\/v2\/types\/post"}],"author":[{"embeddable":true,"href":"https:\/\/radioacuariofm.com.ar\/index.php?rest_route=\/wp\/v2\/users\/2"}],"replies":[{"embeddable":true,"href":"https:\/\/radioacuariofm.com.ar\/index.php?rest_route=%2Fwp%2Fv2%2Fcomments&post=228786"}],"version-history":[{"count":1,"href":"https:\/\/radioacuariofm.com.ar\/index.php?rest_route=\/wp\/v2\/posts\/228786\/revisions"}],"predecessor-version":[{"id":228788,"href":"https:\/\/radioacuariofm.com.ar\/index.php?rest_route=\/wp\/v2\/posts\/228786\/revisions\/228788"}],"wp:featuredmedia":[{"embeddable":true,"href":"https:\/\/radioacuariofm.com.ar\/index.php?rest_route=\/wp\/v2\/media\/228787"}],"wp:attachment":[{"href":"https:\/\/radioacuariofm.com.ar\/index.php?rest_route=%2Fwp%2Fv2%2Fmedia&parent=228786"}],"wp:term":[{"taxonomy":"category","embeddable":true,"href":"https:\/\/radioacuariofm.com.ar\/index.php?rest_route=%2Fwp%2Fv2%2Fcategories&post=228786"},{"taxonomy":"post_tag","embeddable":true,"href":"https:\/\/radioacuariofm.com.ar\/index.php?rest_route=%2Fwp%2Fv2%2Ftags&post=228786"}],"curies":[{"name":"wp","href":"https:\/\/api.w.org\/{rel}","templated":true}]}}