{"id":228782,"date":"2026-03-10T22:48:48","date_gmt":"2026-03-11T01:48:48","guid":{"rendered":"https:\/\/radioacuariofm.com.ar\/?p=228782"},"modified":"2026-03-10T22:48:49","modified_gmt":"2026-03-11T01:48:49","slug":"un-impactante-incendio-de-un-autobus-en-suiza-dejo-al-menos-seis-muertos","status":"publish","type":"post","link":"https:\/\/radioacuariofm.com.ar\/?p=228782","title":{"rendered":"Un impactante incendio de un autob\u00fas en Suiza dej\u00f3 al menos seis muertos"},"content":{"rendered":"<p> <br \/>\n<\/p>\n<div>\n<p class=\"com-paragraph  --capital --s\">KERZERS, SUIZA.- Al menos <strong>seis personas murieron y otras cinco resultaron heridas<\/strong> este martes, cuando <strong>un autob\u00fas se incendi\u00f3 en Suiza<\/strong>, en un episodio que, seg\u00fan inform\u00f3 la polic\u00eda local, podr\u00eda haber sido provocado de forma intencional. El siniestro se produjo en la calle principal de la peque\u00f1a localidad de Kerzers, a unos 20 kil\u00f3metros al oeste de la capital, Berna.<\/p>\n<p class=\"com-paragraph   --s\">En redes sociales comenzaron a circular videos sobre el dram\u00e1tico episodio en los que se ven llamas de varios metros de altura saliendo por las ventanas del autob\u00fas y humo negro elev\u00e1ndose hacia el cielo al anochecer. El <strong>sargento de la polic\u00eda cantonal de Friburgo, Frederic Papaux<\/strong>, explic\u00f3 que el suceso dej\u00f3 \u201cal menos seis muertos y cinco heridos, tres de ellos graves\u201d y expres\u00f3: \u201cLa polic\u00eda considera por ahora el incendio como un incidente originado por causa humana, e incluso como un acto deliberado\u201d.<\/p>\n<p class=\"com-paragraph   --s\">Sin embargo, no transcendieron m\u00e1s detalles sobre las hip\u00f3tesis y, en una conferencia de prensa, <strong>la polic\u00eda evit\u00f3 afirmar si se trat\u00f3 de un acci\u00f3n suicida o un atentado terrorista<\/strong>. En un comunicado indic\u00f3 que la fiscal\u00eda cantonal, que dirige las pesquisas, abri\u00f3 una investigaci\u00f3n penal \u201cpara determinar las circunstancias exactas de la tragedia\u201d.<\/p>\n<div class=\"content-media cursor-pointer container-center-100\">\n<section class=\"media-container relative ratio-16-9 mod-media pb-32\">\n<figure class=\"mod-video\">\n<div class=\"video-player bg-black ratio-16-9\" data-has-jwplayer=\"true\" data-video-id-jw=\"Xia2jSiv\" data-config=\"{&quot;title&quot;:&quot;Un impactante incendio de un autob\u00fas en Suiza dej\u00f3 al menos seis muertos y cinco heridos&quot;,&quot;mediaId&quot;:&quot;Xia2jSiv&quot;,&quot;playerId&quot;:&quot;ih0086X3&quot;,&quot;playlist&quot;:[{&quot;mediaid&quot;:&quot;Xia2jSiv&quot;,&quot;sources&quot;:[{&quot;file&quot;:&quot;https:\/\/cdn.jwplayer.com\/manifests\/Xia2jSiv.m3u8&quot;,&quot;type&quot;:&quot;application\/vnd.apple.mpegurl&quot;},{&quot;bitrate&quot;:435781,&quot;file&quot;:&quot;https:\/\/cdn.jwplayer.com\/videos\/Xia2jSiv-kTExGaWf.mp4&quot;,&quot;filesize&quot;:3322832,&quot;framerate&quot;:60,&quot;height&quot;:176,&quot;label&quot;:&quot;180p&quot;,&quot;type&quot;:&quot;video\/mp4&quot;,&quot;width&quot;:320},{&quot;bitrate&quot;:697792,&quot;file&quot;:&quot;https:\/\/cdn.jwplayer.com\/videos\/Xia2jSiv-K8B0kybS.mp4&quot;,&quot;filesize&quot;:5320665,&quot;framerate&quot;:60,&quot;height&quot;:264,&quot;label&quot;:&quot;270p&quot;,&quot;type&quot;:&quot;video\/mp4&quot;,&quot;width&quot;:480},{&quot;bitrate&quot;:114953,&quot;file&quot;:&quot;https:\/\/cdn.jwplayer.com\/videos\/Xia2jSiv-hz5z2Tv4.m4a&quot;,&quot;filesize&quot;:876519,&quot;label&quot;:&quot;AAC Audio&quot;,&quot;type&quot;:&quot;audio\/mp4&quot;},{&quot;bitrate&quot;:816274,&quot;file&quot;:&quot;https:\/\/cdn.jwplayer.com\/videos\/Xia2jSiv-FnZGUVnC.mp4&quot;,&quot;filesize&quot;:6224091,&quot;framerate&quot;:60,&quot;height&quot;:352,&quot;label&quot;:&quot;360p&quot;,&quot;type&quot;:&quot;video\/mp4&quot;,&quot;width&quot;:640},{&quot;bitrate&quot;:1442550,&quot;file&quot;:&quot;https:\/\/cdn.jwplayer.com\/videos\/Xia2jSiv-0G6Pwvlw.mp4&quot;,&quot;filesize&quot;:10999448,&quot;framerate&quot;:60,&quot;height&quot;:528,&quot;label&quot;:&quot;540p&quot;,&quot;type&quot;:&quot;video\/mp4&quot;,&quot;width&quot;:960}]}],&quot;hasAutoplay&quot;:false,&quot;autostart&quot;:true,&quot;tagsUrl&quot;:&quot;https:\/\/pubads.g.doubleclick.net\/gampad\/ads?slotname=\/133919216\/la_nacion_video\/nota\/preroll&amp;sz=640x480|400x300&amp;ciu_szs=300x250&amp;unviewed_position_start=1&amp;output=vast&amp;impl=s&amp;env=vp&amp;gdfp_req=1&amp;ad_rule=0&amp;vad_type=linear&amp;vpos=preroll&amp;cust_params=tags_nuevos%3Dte_suiza%2Cca_el_mundo%2C%2CFTIFYLM3RRAYDG77OF5NUO4OMI&amp;pod=3&amp;ppos=1&amp;lip=true&amp;min_ad_duration=0&amp;max_ad_duration=30000&amp;vrid=6256&amp;url=https%3A%2F%2Fwww.lanacion.com.ar%2Fel-mundo%2Fun-impactante-incendio-de-un-autobus-en-suiza-dejo-al-menos-seis-muertos-y-cinco-heridos-nid10032026%2F%3Fvariant%3DA&amp;description_url=https%3A%2F%2Fwww.lanacion.com.ar%2Fel-mundo%2Fun-impactante-incendio-de-un-autobus-en-suiza-dejo-al-menos-seis-muertos-y-cinco-heridos-nid10032026%2F%3Fvariant%3DA&amp;video_doc_id=short_onecue&amp;cmsid=496&amp;kfa=0&amp;tfcd=0&amp;correlator=1773193402721&quot;,&quot;arcSite&quot;:&quot;la-nacion-ar&quot;}\">\n<div id=\"facade-Xia2jSiv\" class=\"content-facade-jw relative bg-black ratio-16-9\"><picture><source media=\"(max-width: 767px)\" srcset=\"https:\/\/resizer.glanacion.com\/resizer\/v2\/https%3A%2F%2Fcdn.jwplayer.com%2Fv2%2Fmedia%2FXia2jSiv%2Fposter.jpg%3Fwidth%3D720?auth=91e5bf94cde1f525dfdfa8186dedf486ebf45f963a74e3c38a4e3b034a7dd247&amp;width=480&amp;quality=70&amp;smart=false\"\/><\/picture><\/div>\n<\/div><figcaption class=\"border border-1 border-bottom border-light-300 relative px-16 py-8 min-h-36 w-100_md px-0_l mb-8 bg-white\"><span class=\"text ln-text text-16 block\">Un impactante incendio de un autob\u00fas en Suiza dej\u00f3 al menos seis muertos y cinco heridos<\/span><\/figcaption><\/figure>\n<\/section>\n<\/div>\n<p class=\"com-paragraph   --s\">La estructura calcinada del autob\u00fas estaba oculta detr\u00e1s de lonas blancas instaladas a todo lo ancho de la carretera. La zona estaba acordonada y agentes vigilaban detr\u00e1s de las cintas policiales. Tambi\u00e9n hab\u00eda socorristas y camiones de bomberos en el lugar. \u201cLos servicios de emergencia acudieron r\u00e1pidamente al lugar y encontraron el veh\u00edculo completamente envuelto en llamas. Los bomberos realizaron operaciones de rescate y extinci\u00f3n del fuego. Se estableci\u00f3 un per\u00edmetro de seguridad\u201d, indic\u00f3 el comunicado policial. <\/p>\n<p class=\"com-paragraph   --s\"><strong>Varias ambulancias y un helic\u00f3ptero llegaron a la zona y tres heridos fueron trasladados a un hospital<\/strong>, mientras que otras dos personas fueron examinadas en el lugar, pero no necesitaron atenci\u00f3n hospitalaria. Las autoridades habilitaron una l\u00ednea telef\u00f3nica para recibir testimonios de testigo, mientras intentan determinar la causa del incendio. A su vez, la polic\u00eda pidi\u00f3 a la poblaci\u00f3n que se mantenga alejada de la zona y siga las instrucciones de los servicios de emergencia.<\/p>\n<p class=\"com-paragraph   --s\">Suiza ya hab\u00eda comenzado el a\u00f1o con una tragedia: <strong>el 1\u00b0 de enero se produjo un incendio que dej\u00f3 41 muertos y 115 heridos en el bar Le Constellation<\/strong>, ubicado en la exclusiva estaci\u00f3n de esqu\u00ed de Crans-Montana. En tanto, este lunes, la investigaci\u00f3n del caso se ampli\u00f3 a cinco funcionarios y exresponsables del municipio, lo que eleva a nueve las personas que son objeto de instrucci\u00f3n penal.<\/p>\n<p class=\"com-paragraph   --s\">Los abogados de las familias de las v\u00edctimas reclamaban que se investigue a funcionarios municipales desde que el municipio reconoci\u00f3 que llevaba desde 2019 sin realizar los controles de seguridad e incendio del establecimiento, y la fiscal\u00eda del cant\u00f3n de Valais confirm\u00f3 el procesamiento.<\/p>\n<p class=\"com-paragraph   --s\"><em><strong>Con informaci\u00f3n de AFP.<\/strong><\/em><\/p>\n<section class=\"container-center-100 mb-40 border border-bottom border-thin border-neutral-light-700\">\n<hr\/>\n<\/section>\n<\/div>\n\n","protected":false},"excerpt":{"rendered":"<p>KERZERS, SUIZA.- Al menos seis personas murieron y otras cinco resultaron heridas este martes, cuando un autob\u00fas se incendi\u00f3 en Suiza, en un episodio que, seg\u00fan inform\u00f3 la polic\u00eda local, podr\u00eda haber sido provocado de forma intencional. El siniestro se produjo en la calle principal de la peque\u00f1a localidad de Kerzers, a unos 20 kil\u00f3metros [&hellip;]<\/p>\n","protected":false},"author":2,"featured_media":228783,"comment_status":"closed","ping_status":"closed","sticky":false,"template":"","format":"standard","meta":{"footnotes":""},"categories":[1],"tags":[],"class_list":["post-228782","post","type-post","status-publish","format-standard","has-post-thumbnail","hentry","category-uncategorized"],"_links":{"self":[{"href":"https:\/\/radioacuariofm.com.ar\/index.php?rest_route=\/wp\/v2\/posts\/228782","targetHints":{"allow":["GET"]}}],"collection":[{"href":"https:\/\/radioacuariofm.com.ar\/index.php?rest_route=\/wp\/v2\/posts"}],"about":[{"href":"https:\/\/radioacuariofm.com.ar\/index.php?rest_route=\/wp\/v2\/types\/post"}],"author":[{"embeddable":true,"href":"https:\/\/radioacuariofm.com.ar\/index.php?rest_route=\/wp\/v2\/users\/2"}],"replies":[{"embeddable":true,"href":"https:\/\/radioacuariofm.com.ar\/index.php?rest_route=%2Fwp%2Fv2%2Fcomments&post=228782"}],"version-history":[{"count":1,"href":"https:\/\/radioacuariofm.com.ar\/index.php?rest_route=\/wp\/v2\/posts\/228782\/revisions"}],"predecessor-version":[{"id":228784,"href":"https:\/\/radioacuariofm.com.ar\/index.php?rest_route=\/wp\/v2\/posts\/228782\/revisions\/228784"}],"wp:featuredmedia":[{"embeddable":true,"href":"https:\/\/radioacuariofm.com.ar\/index.php?rest_route=\/wp\/v2\/media\/228783"}],"wp:attachment":[{"href":"https:\/\/radioacuariofm.com.ar\/index.php?rest_route=%2Fwp%2Fv2%2Fmedia&parent=228782"}],"wp:term":[{"taxonomy":"category","embeddable":true,"href":"https:\/\/radioacuariofm.com.ar\/index.php?rest_route=%2Fwp%2Fv2%2Fcategories&post=228782"},{"taxonomy":"post_tag","embeddable":true,"href":"https:\/\/radioacuariofm.com.ar\/index.php?rest_route=%2Fwp%2Fv2%2Ftags&post=228782"}],"curies":[{"name":"wp","href":"https:\/\/api.w.org\/{rel}","templated":true}]}}