{"id":228740,"date":"2026-03-10T15:32:40","date_gmt":"2026-03-10T18:32:40","guid":{"rendered":"https:\/\/radioacuariofm.com.ar\/?p=228740"},"modified":"2026-03-10T15:32:41","modified_gmt":"2026-03-10T18:32:41","slug":"orrego-participo-en-la-apertura-de-argentina-week-en-nueva-york-junto-al-presidente-javier-milei","status":"publish","type":"post","link":"https:\/\/radioacuariofm.com.ar\/?p=228740","title":{"rendered":"Orrego particip\u00f3 en la apertura de Argentina Week en Nueva York junto al presidente Javier Milei"},"content":{"rendered":"<p><\/p>\n<div>\n<p>El gobernador de San Juan, Marcelo Orrego, particip\u00f3 de la apertura de Argentina Week, un evento organizado para atraer inversores de todo el mundo y fortalecer los v\u00ednculos econ\u00f3micos con el pa\u00eds.<\/p>\n<p>La actividad fue encabezada por el presidente de la Naci\u00f3n, Javier Milei, y se desarroll\u00f3 en el auditorio principal de JPMorgan Chase, una de las principales instituciones financieras del mundo, con sede en New York City.<\/p>\n<p>Durante el acto tambi\u00e9n estuvieron presentes el ministro de Econom\u00eda, Luis Caputo; la secretaria general de la Presidencia, Karina Milei; y otros gobernadores que integran la comitiva oficial argentina.<\/p>\n<p>Argentina Week re\u00fane a referentes del sector financiero, empresarios e inversores internacionales interesados en conocer las oportunidades de desarrollo y de inversi\u00f3n que ofrece el pa\u00eds en distintos sectores productivos.<\/p>\n<p>En ese marco, la participaci\u00f3n de Orrego forma parte de la agenda institucional que el mandatario sanjuanino desarrolla en Estados Unidos, con el objetivo de posicionar a la provincia y generar v\u00ednculos con actores clave del \u00e1mbito econ\u00f3mico y financiero internacional.<\/p>\n<p>En este contexto, el mandatario destac\u00f3 el mensaje brindado por el presidente Milei durante la apertura. Asimismo, Orrego resalt\u00f3 que el presidente hizo hincapi\u00e9 en el cambio de rumbo de la Argentina y en la consolidaci\u00f3n de las reformas que han permitido estabilizar la macroeconom\u00eda del pa\u00eds, al tiempo que invit\u00f3 a los inversores a confiar y apostar por el desarrollo y las oportunidades de inversi\u00f3n en la Argentina.<\/p>\n<\/p><\/div>\n<p><script async defer crossorigin=\"anonymous\" src=\"https:\/\/connect.facebook.net\/es_ES\/sdk.js#xfbml=1&#038;version=v3.3\"><\/script><\/p>\n","protected":false},"excerpt":{"rendered":"<p>El gobernador de San Juan, Marcelo Orrego, particip\u00f3 de la apertura de Argentina Week, un evento organizado para atraer inversores de todo el mundo y fortalecer los v\u00ednculos econ\u00f3micos con el pa\u00eds. La actividad fue encabezada por el presidente de la Naci\u00f3n, Javier Milei, y se desarroll\u00f3 en el auditorio principal de JPMorgan Chase, una [&hellip;]<\/p>\n","protected":false},"author":2,"featured_media":228741,"comment_status":"closed","ping_status":"closed","sticky":false,"template":"","format":"standard","meta":{"footnotes":""},"categories":[27],"tags":[],"class_list":["post-228740","post","type-post","status-publish","format-standard","has-post-thumbnail","hentry","category-san-juan"],"_links":{"self":[{"href":"https:\/\/radioacuariofm.com.ar\/index.php?rest_route=\/wp\/v2\/posts\/228740","targetHints":{"allow":["GET"]}}],"collection":[{"href":"https:\/\/radioacuariofm.com.ar\/index.php?rest_route=\/wp\/v2\/posts"}],"about":[{"href":"https:\/\/radioacuariofm.com.ar\/index.php?rest_route=\/wp\/v2\/types\/post"}],"author":[{"embeddable":true,"href":"https:\/\/radioacuariofm.com.ar\/index.php?rest_route=\/wp\/v2\/users\/2"}],"replies":[{"embeddable":true,"href":"https:\/\/radioacuariofm.com.ar\/index.php?rest_route=%2Fwp%2Fv2%2Fcomments&post=228740"}],"version-history":[{"count":1,"href":"https:\/\/radioacuariofm.com.ar\/index.php?rest_route=\/wp\/v2\/posts\/228740\/revisions"}],"predecessor-version":[{"id":228742,"href":"https:\/\/radioacuariofm.com.ar\/index.php?rest_route=\/wp\/v2\/posts\/228740\/revisions\/228742"}],"wp:featuredmedia":[{"embeddable":true,"href":"https:\/\/radioacuariofm.com.ar\/index.php?rest_route=\/wp\/v2\/media\/228741"}],"wp:attachment":[{"href":"https:\/\/radioacuariofm.com.ar\/index.php?rest_route=%2Fwp%2Fv2%2Fmedia&parent=228740"}],"wp:term":[{"taxonomy":"category","embeddable":true,"href":"https:\/\/radioacuariofm.com.ar\/index.php?rest_route=%2Fwp%2Fv2%2Fcategories&post=228740"},{"taxonomy":"post_tag","embeddable":true,"href":"https:\/\/radioacuariofm.com.ar\/index.php?rest_route=%2Fwp%2Fv2%2Ftags&post=228740"}],"curies":[{"name":"wp","href":"https:\/\/api.w.org\/{rel}","templated":true}]}}