{"id":228716,"date":"2026-03-10T13:39:56","date_gmt":"2026-03-10T16:39:56","guid":{"rendered":"https:\/\/radioacuariofm.com.ar\/?p=228716"},"modified":"2026-03-10T13:39:58","modified_gmt":"2026-03-10T16:39:58","slug":"iran-tiene-suficiente-uranio-para-fabricar-diez-armas-nucleares-la-fuerte-advertencia-de-rafael-grossi","status":"publish","type":"post","link":"https:\/\/radioacuariofm.com.ar\/?p=228716","title":{"rendered":"\u201cIr\u00e1n tiene suficiente uranio para fabricar diez armas nucleares\u201d: la fuerte advertencia de Rafael Grossi"},"content":{"rendered":"<p> <br \/>\n<\/p>\n<div>\n<p class=\"com-paragraph  --capital --s\">PAR\u00cdS.\u2013 Mientras la <a href=\"https:\/\/www.lanacion.com.ar\/el-mundo\/estados-unidos-redobla-la-presion-y-asegura-que-hoy-sera-el-dia-mas-intenso-de-ataques-en-iran-nid10032026\/\" target=\"_self\" title=\"https:\/\/www.lanacion.com.ar\/el-mundo\/estados-unidos-redobla-la-presion-y-asegura-que-hoy-sera-el-dia-mas-intenso-de-ataques-en-iran-nid10032026\/\" class=\"com-link break-word\" data-mrf-recirculation=\"n_link_parrafo\">guerra entre Israel y Estados Unidos<\/a> contra <a href=\"https:\/\/www.lanacion.com.ar\/estados-unidos\/trump-no-tiene-idea-de-como-terminar-la-guerra-que-empezo-contra-iran-nid10032026\/\" target=\"_self\" title=\"https:\/\/www.lanacion.com.ar\/estados-unidos\/trump-no-tiene-idea-de-como-terminar-la-guerra-que-empezo-contra-iran-nid10032026\/\" class=\"com-link break-word\" data-mrf-recirculation=\"n_link_parrafo\">Ir\u00e1n <\/a>entra en su segunda semana, el director general del Organismo Internacional de Energ\u00eda At\u00f3mica<strong> <\/strong>(OIEA), <strong>Rafael Grossi, advirti\u00f3 que el programa nuclear iran\u00ed permanece pr\u00e1cticamente intacto<\/strong> y que <strong>Teher\u00e1n sigue disponiendo de suficiente uranio enriquecido para fabricar alrededor de diez armas nucleares. <\/strong><\/p>\n<p class=\"com-paragraph   --s\">En una entrevista concedida a <a href=\"https:\/\/www.rfi.fr\/es\/oriente-medio\/20260310-ir%C3%A1n-tiene-suficiente-uranio-para-fabricar-diez-armas-nucleares-dice-rafael-grossi-a-rfi\" target=\"_blank\" title=\"https:\/\/www.rfi.fr\/es\/oriente-medio\/20260310-ir%C3%A1n-tiene-suficiente-uranio-para-fabricar-diez-armas-nucleares-dice-rafael-grossi-a-rfi\" class=\"com-link break-word\" data-mrf-recirculation=\"n_link_parrafo\" rel=\"nofollow\">Radio Francia Internacional<\/a> (RFI), el diplom\u00e1tico argentino se\u00f1al\u00f3 que, pese a los <a href=\"https:\/\/www.lanacion.com.ar\/el-mundo\/cinco-grandes-interrogantes-de-la-guerra-con-iran-cuanto-puede-durar-quienes-podrian-sumarse-y-que-nid10032026\/\" target=\"_self\" title=\"https:\/\/www.lanacion.com.ar\/el-mundo\/cinco-grandes-interrogantes-de-la-guerra-con-iran-cuanto-puede-durar-quienes-podrian-sumarse-y-que-nid10032026\/\" class=\"com-link break-word\" data-mrf-recirculation=\"n_link_parrafo\">bombardeos israel\u00edes y estadounidenses<\/a> de los \u00faltimos d\u00edas, la situaci\u00f3n de los principales activos nucleares iran\u00edes \u201cpermanece en el mismo estado en el que estaba antes de la guerra\u201d.<\/p>\n<p class=\"com-paragraph   --s\">Seg\u00fan explic\u00f3 Grossi, <strong>Ir\u00e1n posee actualmente m\u00e1s de 440 kilogramos de uranio enriquecido al 60%<\/strong>, una cantidad que, si se procesara hasta el nivel necesario para uso militar, <strong>permitir\u00eda fabricar aproximadamente una decena de bombas nucleares.<\/strong><\/p>\n<div class=\"content-media\">\n<section role=\"button\" class=\"mod-media   \">\n<figure role=\"button\" class=\"mod-figure \"><figcaption class=\"mod-figcaption\"><span class=\"com-text --caption --twoxs\">El jefe del OIEA asegur\u00f3 que el material nuclear iran\u00ed probablemente sigue almacenado en instalaciones subterr\u00e1neas de Isfah\u00e1n y Natanz<\/span><span class=\"com-text --credit --twoxs\">ABDUL SABOOR  &#8211; POOL <\/span><\/figcaption><\/figure>\n<\/section>\n<\/div>\n<p class=\"com-paragraph   --s\">El funcionario sostuvo que, m\u00e1s all\u00e1 del desarrollo del conflicto armado, la comunidad internacional deber\u00e1<strong> volver inevitablemente a la mesa de negociaciones para abordar el programa nuclear iran\u00ed<\/strong>, una disputa que lleva m\u00e1s de dos d\u00e9cadas. <\/p>\n<p class=\"com-paragraph   --s\">\u201cM\u00e1s all\u00e1 del conflicto \u2013que tendr\u00e1 su propia l\u00f3gica y que espero llegue a negociaciones, ojal\u00e1 lo antes posible\u2013 ser\u00e1 necesario encontrar una soluci\u00f3n duradera a esta historia que nos afecta desde hace m\u00e1s de veinte a\u00f1os\u201d, se\u00f1al\u00f3. <\/p>\n<p class=\"com-paragraph   --s\">Uno de los<strong> interrogantes centrales es el paradero exacto del material nuclear iran\u00ed<\/strong>. Grossi explic\u00f3 que existe un amplio consenso entre los expertos en que el<strong> uranio enriquecido sigue almacenado en los mismos lugares donde estaba antes del inicio de las hostilidades. <\/strong><\/p>\n<p class=\"com-paragraph   --s\">Seg\u00fan detall\u00f3, la mayor parte del material se encontrar\u00eda en <strong>t\u00faneles subterr\u00e1neos del complejo nuclear de Isfahan<\/strong> y, en menor medida, en <strong>instalaciones del centro de enriquecimiento de Natanz. <\/strong><\/p>\n<p class=\"com-paragraph   --s\">Aun as\u00ed, el titular del OIEA reconoci\u00f3 que la situaci\u00f3n no puede considerarse completamente clara. <strong>\u201cHoy sigue siendo una pregunta sin respuesta\u201d<\/strong>, admiti\u00f3, al subrayar que el organismo internacional no puede verificar plenamente la situaci\u00f3n mientras contin\u00fae la guerra. <\/p>\n<p class=\"com-paragraph   --s\">Grossi tambi\u00e9n abord\u00f3 uno de los temores m\u00e1s repetidos desde el inicio de los bombardeos: las <strong>posibles consecuencias de un impacto directo sobre el uranio enriquecido. <\/strong><\/p>\n<p class=\"com-paragraph   --s\">En ese sentido,<strong> busc\u00f3 relativizar el riesgo de un desastre nuclear. <\/strong><\/p>\n<p class=\"com-paragraph   --s\">El director del OIEA explic\u00f3 que, desde el punto de vista t\u00e9cnico, un <strong>ataque contra ese material no provocar\u00eda una explosi\u00f3n nuclear ni un accidente comparable con los grandes desastres at\u00f3micos conocidos. <\/strong><\/p>\n<p class=\"com-paragraph   --s\"><strong>\u201cLas consecuencias radiol\u00f3gicas de un impacto directo podr\u00edan existir, pero ser\u00edan muy limitadas<\/strong>, m\u00e1s bien del tipo de una <strong>intoxicaci\u00f3n qu\u00edmica<\/strong>\u201d, explic\u00f3. \u201cNo habr\u00eda una consecuencia nuclear en el sentido en que normalmente se imagina\u201d. <\/p>\n<p class=\"com-paragraph   --s\">A su juicio, el problema principal no es tanto el impacto inmediato de un ataque como el <strong>desaf\u00edo estrat\u00e9gico que implica la posibilidad de que Ir\u00e1n avance hacia el desarrollo de armamento nuclear.<\/strong> \u201cEsa posibilidad existe y, por supuesto, no ha desaparecido\u201d, subray\u00f3. <\/p>\n<div class=\"content-media\">\n<section role=\"button\" class=\"mod-media   \">\n<figure role=\"button\" class=\"mod-figure \"><figcaption class=\"mod-figcaption\"><span class=\"com-text --caption --twoxs\">En esta combinaci\u00f3n de im\u00e1genes satelitales proporcionadas por Vantor se muestra una vista de la instalaci\u00f3n nuclear de Natanz antes, izquierda, y con da\u00f1os, el lunes 2 de marzo de 2026 en Ir\u00e1n<\/span><span class=\"com-text --credit --twoxs\">Satellite image \u00a92026 Vantor<\/span><\/figcaption><\/figure>\n<\/section>\n<\/div>\n<p class=\"com-paragraph   --s\">Grossi tambi\u00e9n confirm\u00f3 que <strong>algunas instalaciones nucleares iran\u00edes sufrieron da\u00f1os <\/strong>durante los ataques recientes, aunque afirm\u00f3 que los bombardeos actuales no se han concentrado principalmente en esos objetivos. <\/p>\n<p class=\"com-paragraph   --s\">El diplom\u00e1tico explic\u00f3 que existe una<strong> diferencia clara con los ataques registrados en junio de 2025.<\/strong> \u201cEn aquel momento se trataba claramente de ataques dirigidos a las instalaciones nucleares\u201d, se\u00f1al\u00f3. <\/p>\n<p class=\"com-paragraph   --s\">En cambio, en la ofensiva actual los objetivos han sido en gran medida pol\u00edticos e industriales. Seg\u00fan detall\u00f3, se registraron dos ataques en Isfahan y uno en Natanz, aunque sin da\u00f1os de gran magnitud. <\/p>\n<p class=\"com-paragraph   --s\">M\u00e1s all\u00e1 del impacto material de la guerra, la<strong> mayor preocupaci\u00f3n del director del OIEA es el efecto pol\u00edtico que el conflicto podr\u00eda tener dentro de Ir\u00e1n. <\/strong><\/p>\n<p class=\"com-paragraph   --s\">Grossi advirti\u00f3 que el enfrentamiento militar podr\u00eda<strong> fortalecer a los sectores m\u00e1s radicales<\/strong> del r\u00e9gimen iran\u00ed, que desde hace a\u00f1os sostienen que <strong>el pa\u00eds deber\u00eda dotarse de armas nucleares para garantizar su seguridad. <\/strong><\/p>\n<p class=\"com-paragraph   --s\">\u201cExiste la posibilidad de que algunos sectores m\u00e1s radicalizados sostengan que, dadas las circunstancias, la soluci\u00f3n ser\u00eda finalmente dotarse de armamento nuclear\u201d, dijo.<strong> \u201cEsa es la hip\u00f3tesis que me preocupa\u201d<\/strong>, agreg\u00f3. <\/p>\n<p class=\"com-paragraph   --s\">Por ahora, el <strong>OIEA mantiene el contacto con las autoridades iran\u00edes<\/strong>, aunque Grossi reconoci\u00f3 que, en medio de los bombardeos, las <strong>negociaciones sobre el programa nuclear no est\u00e1n sobre la mesa. <\/strong><\/p>\n<p class=\"com-paragraph   --s\">Aun as\u00ed, insisti\u00f3 en que la v\u00eda diplom\u00e1tica ser\u00e1 inevitable una vez que disminuya la intensidad del conflicto. \u201cCreo que ese momento llegar\u00e1\u201d, concluy\u00f3. \u201cY cuanto antes, mejor\u201d. <\/p>\n<div class=\"content-media\">\n<section role=\"button\" class=\"mod-media   \">\n<figure role=\"button\" class=\"mod-figure \"><figcaption class=\"mod-figcaption\"><span class=\"com-text --caption --twoxs\">El presidente franc\u00e9s, Emmanuel Macron, a la derecha, asiste a una reuni\u00f3n bilateral con Rafael Grossi, Director General del Organismo Internacional de Energ\u00eda At\u00f3mica (OIEA), durante la Cumbre de Energ\u00eda Nuclear del OIEA en Par\u00eds<\/span><span class=\"com-text --credit --twoxs\">Abdul Saboor  &#8211; Pool Reuters <\/span><\/figcaption><\/figure>\n<\/section>\n<\/div>\n<p class=\"com-paragraph   --s\">Las advertencias del jefe del OIEA se producen adem\u00e1s en un momento de renovado <strong>debate internacional sobre el papel de la energ\u00eda nuclear<\/strong> en el sistema energ\u00e9tico global. <\/p>\n<p class=\"com-paragraph   --s\">El presidente de Francia,<strong> Emmanuel Macron, inaugur\u00f3 este martes en Par\u00eds una cumbre internacional destinada a relanzar el uso de la energ\u00eda at\u00f3mica<\/strong> para generar electricidad. El encuentro reunir\u00e1 a unos 40 pa\u00edses y organizaciones internacionales, entre ellos representantes de Estados Unidos y China, dos de los actores hist\u00f3ricos del sector. <\/p>\n<p class=\"com-paragraph   --s\">La reuni\u00f3n, organizada junto al OIEA, coincide adem\u00e1s con dos aniversarios simb\u00f3licos: los 15 a\u00f1os del accidente nuclear de Accidente nuclear de Fukushima en Jap\u00f3n y los 40 a\u00f1os de la cat\u00e1strofe de Desastre de Chernobyl en Ucrania. <\/p>\n<p class=\"com-paragraph   --s\">Tras d\u00e9cadas de controversias, la energ\u00eda nuclear vive hoy un renovado inter\u00e9s impulsado por la <strong>b\u00fasqueda de seguridad energ\u00e9tica<\/strong>, la necesidad de reducir las emisiones para <strong>combatir el cambio clim\u00e1tico<\/strong> y el <strong>aumento de la demanda el\u00e9ctrica generado por tecnolog\u00edas como la inteligencia artificial. <\/strong><\/p>\n<p class=\"com-paragraph   --s\">Actualmente la energ\u00eda nuclear produce cerca del <strong>10% de la electricidad mundial<\/strong>, con unos <strong>450 reactores<\/strong> en funcionamiento en alrededor de <strong>30 pa\u00edses<\/strong>. Pero, seg\u00fan se\u00f1al\u00f3 Grossi, <strong>otros 40 Estados han manifestado inter\u00e9s en desarrollar esta fuente energ\u00e9tica<\/strong>, entre ellos <strong>Argentina <\/strong>y <strong>Sud\u00e1frica<\/strong>. <\/p>\n<p class=\"com-paragraph   --s\">La guerra en Medio Oriente volvi\u00f3 adem\u00e1s a exponer la vulnerabilidad de las econom\u00edas dependientes de la importaci\u00f3n de petr\u00f3leo, con riesgos de interrupci\u00f3n del suministro y fuertes fluctuaciones de precios en los mercados internacionales, un escenario que algunos gobiernos consideran un argumento adicional para reforzar las fuentes de energ\u00eda nuclear. <\/p>\n<p class=\"com-paragraph   --s\"><strong>Agencia AFP<\/strong><\/p>\n<section class=\"container-center-100 mb-40 border border-bottom border-thin border-neutral-light-700\">\n<hr\/>\n<\/section>\n<\/div>\n\n","protected":false},"excerpt":{"rendered":"<p>PAR\u00cdS.\u2013 Mientras la guerra entre Israel y Estados Unidos contra Ir\u00e1n entra en su segunda semana, el director general del Organismo Internacional de Energ\u00eda At\u00f3mica (OIEA), Rafael Grossi, advirti\u00f3 que el programa nuclear iran\u00ed permanece pr\u00e1cticamente intacto y que Teher\u00e1n sigue disponiendo de suficiente uranio enriquecido para fabricar alrededor de diez armas nucleares. En una [&hellip;]<\/p>\n","protected":false},"author":2,"featured_media":228717,"comment_status":"closed","ping_status":"closed","sticky":false,"template":"","format":"standard","meta":{"footnotes":""},"categories":[1],"tags":[],"class_list":["post-228716","post","type-post","status-publish","format-standard","has-post-thumbnail","hentry","category-uncategorized"],"_links":{"self":[{"href":"https:\/\/radioacuariofm.com.ar\/index.php?rest_route=\/wp\/v2\/posts\/228716","targetHints":{"allow":["GET"]}}],"collection":[{"href":"https:\/\/radioacuariofm.com.ar\/index.php?rest_route=\/wp\/v2\/posts"}],"about":[{"href":"https:\/\/radioacuariofm.com.ar\/index.php?rest_route=\/wp\/v2\/types\/post"}],"author":[{"embeddable":true,"href":"https:\/\/radioacuariofm.com.ar\/index.php?rest_route=\/wp\/v2\/users\/2"}],"replies":[{"embeddable":true,"href":"https:\/\/radioacuariofm.com.ar\/index.php?rest_route=%2Fwp%2Fv2%2Fcomments&post=228716"}],"version-history":[{"count":1,"href":"https:\/\/radioacuariofm.com.ar\/index.php?rest_route=\/wp\/v2\/posts\/228716\/revisions"}],"predecessor-version":[{"id":228718,"href":"https:\/\/radioacuariofm.com.ar\/index.php?rest_route=\/wp\/v2\/posts\/228716\/revisions\/228718"}],"wp:featuredmedia":[{"embeddable":true,"href":"https:\/\/radioacuariofm.com.ar\/index.php?rest_route=\/wp\/v2\/media\/228717"}],"wp:attachment":[{"href":"https:\/\/radioacuariofm.com.ar\/index.php?rest_route=%2Fwp%2Fv2%2Fmedia&parent=228716"}],"wp:term":[{"taxonomy":"category","embeddable":true,"href":"https:\/\/radioacuariofm.com.ar\/index.php?rest_route=%2Fwp%2Fv2%2Fcategories&post=228716"},{"taxonomy":"post_tag","embeddable":true,"href":"https:\/\/radioacuariofm.com.ar\/index.php?rest_route=%2Fwp%2Fv2%2Ftags&post=228716"}],"curies":[{"name":"wp","href":"https:\/\/api.w.org\/{rel}","templated":true}]}}